{"id":8397,"date":"2020-11-04T18:28:52","date_gmt":"2020-11-04T15:28:52","guid":{"rendered":"http:\/\/mersinekonomipolitikagazetesi.com\/?p=8397"},"modified":"2020-11-04T18:28:52","modified_gmt":"2020-11-04T15:28:52","slug":"merkezi-ve-yerel-yonetimler-yurttaslar-sivil-toplum-kuruluslari-meslek-odalari-marina-avmde-suc-isledi","status":"publish","type":"post","link":"https:\/\/akdenizolaygazetesi.com\/?p=8397","title":{"rendered":"Merkezi ve yerel y\u00f6netimler, yurtta\u015flar, sivil  toplum kurulu\u015flar\u0131, meslek odalar\u0131 MAR\u0130NA AVM\u2019DE SU\u00c7 \u0130\u015eLED\u0130!"},"content":{"rendered":"<p>\u201cMersin Marina AVM yap\u0131la\u015fmas\u0131, kente kar\u015f\u0131 i\u015flenen bir su\u00e7tur\u201d<\/p>\n<p>Mersin\u2019de yap\u0131la\u015fma kurallar\u0131na ayk\u0131r\u0131 ve kente zarar veren projelere y\u00f6nelik Mimar Abdullah Y\u0131lmaz a\u00e7\u0131klamalarda bulunmaya devam ediyor. Y\u0131lmaz, \u2018\u2019Mersin, Marina AVM yap\u0131la\u015fmas\u0131 kente kar\u015f\u0131 i\u015flenen bir su\u00e7tur. \u0130\u015flenen su\u00e7un akt\u00f6rleri, merkezi ve yerel y\u00f6netimler, yurtta\u015flar, sivil \u00a0toplum kurulu\u015flar\u0131, meslek odalar\u0131d\u0131r.\u2019\u2019 dedi<br \/>\n\u00a0<br \/>\nMersinli Mimar Abdullah Y\u0131lmaz kentte yap\u0131lan ve yap\u0131lmas\u0131 planlanan projelere y\u00f6nelik ele\u015ftirilerde bulundu. Marina AVM\u2019ye y\u00f6nelikde konu\u015fan Y\u0131lmaz, \u201cMersin Marina AVM yap\u0131la\u015fmas\u0131, kente kar\u015f\u0131 i\u015flenen bir su\u00e7tur. \u0130\u015flenen su\u00e7un akt\u00f6rleri, merkezi ve yerel y\u00f6netimler, yurtta\u015flar, sivil toplum kurulu\u015flar\u0131, meslek odalar\u0131d\u0131r. Ya su\u00e7lara i\u015ftirak etmi\u015fler ya da k\u00fc\u00e7\u00fck ki\u015fisel hesaplar\u0131 i\u00e7in kente kar\u015f\u0131 i\u015flenen su\u00e7a g\u00f6z yummu\u015flard\u0131r.\u2019\u2019 ifadelerini kulland\u0131. \u00a0 \u00a0 \u00a0 \u00a0\u00a0 \u00a0 \u00a0 \u00a0 \u00a0 \u00a0 \u00a0 \u00a0 \u00a0 \u00a0<\/p>\n<p>\u201cKente kar\u015f\u0131 i\u015flenen su\u00e7lar siyasal destekle s\u00fcrd\u00fcr\u00fcl\u00fcyor!\u2019\u2019<\/p>\n<p>Y\u0131lmaz, yasa ve y\u00f6netmeliklere ayk\u0131r\u0131 olarak Mersin Marina AVM\u2019nin in\u015fa edildi\u011fini ve yap\u0131la\u015fman\u0131n, Mersin kentine, Mersin halk\u0131na ait olarak tan\u0131mlanan sahil \u015feridine, do\u011fal yap\u0131ya, kent siluetine, kentin alt ve \u00fcst yap\u0131s\u0131na, mek\u00e2nlara, \u00e7evredeki yerle\u015fimlere, ekonomik, sosyal, fiziksel ve k\u00fclt\u00fcrel y\u00f6nlerden zarar verdi. Mimar Y\u0131lmaz, \u201cPlans\u0131z getirdi\u011fi ta\u015f\u0131t trafi\u011fi kenti kilitlemi\u015ftir. Mersin marina \u00f6rne\u011finde oldu\u011fu gibi Marina\u2019da d\u00fckkan sahibi bireyler, bir yandan kentta\u015f ve yurtta\u015f olarak kentinin de\u011ferlerine sahip \u00e7\u0131kma hakk\u0131n\u0131 kullan\u0131yor. Ne yaz\u0131k ki, bir yandan da ki\u015fisel rant\u0131 u\u011fruna kentin t\u00fcm\u00fcne ya da kenti olu\u015fturan \u00f6\u011felerden kimilerine kar\u015f\u0131 su\u00e7 say\u0131labilecek davran\u0131\u015flar i\u00e7ine girebiliyor. Bilin\u00e7li kentlilerin, bilime ve plana inanan kamu y\u00f6neticilerinin say\u0131lar\u0131n\u0131n g\u00fcn ge\u00e7tik\u00e7e azald\u0131\u011f\u0131, olmad\u0131\u011f\u0131 \u00fclkemizde, \u00f6zellikle kentimiz mersin de, kentlerin geli\u015fimi imar planlar\u0131ndan \u00e7ok kibar soyguncular, rant\u00e7\u0131lar taraf\u0131ndan belirlenmekte. \u0130lgin\u00e7 olansa kent soyguncusu rant\u0131n bu belirleyici rol\u00fcn\u00fc imar planlar\u0131 arac\u0131l\u0131\u011f\u0131yla s\u00fcrd\u00fcrmesi T\u00fcrkiye&#8217;de kente kar\u015f\u0131 i\u015flenen su\u00e7lar\u0131n \u00f6nemli bir b\u00f6l\u00fcm\u00fc imar planlar\u0131 \u00fczerinden ya da imar planlar\u0131 de\u011fi\u015ftirilerek ve tamamen siyasal destekle s\u00fcrd\u00fcr\u00fcl\u00fcyor.\u2019\u2019 diye konu\u015ftu.<br \/>\n\u00a0<br \/>\n\u201cEkstra yap\u0131lan i\u015f gibi g\u00f6steriyorlar g\u00fcl\u00fcyoruz!\u2019\u2019<\/p>\n<p>Y\u0131lmaz, \u201cKente kar\u015f\u0131 su\u00e7 kavram\u0131 netlik kazand\u0131k\u00e7a kentlerin sa\u011fl\u0131ks\u0131z geli\u015fimi, imar planlar\u0131n\u0131n kamu yarar\u0131 d\u0131\u015f\u0131nda bireysel \u00e7\u0131karlar i\u00e7in kullan\u0131m\u0131, siyasal sistemin kentsel ranttan nemalanmas\u0131, siyasal yozla\u015fma h\u0131zla art\u0131yor. \u00dclkemizde yeni trend B\u00fcy\u00fck\u015fehir Belediyesi, il\u00e7e belediyeleri olsun belediye ba\u015fkanlar\u0131, magazinsel belediyecili\u011fi tercih edip, yanlar\u0131na toplad\u0131klar\u0131 bir avu\u00e7 yanda\u015flar\u0131n\u0131n alk\u0131\u015flar\u0131yla liyakat, vizyon, misyon sahibi olmad\u0131klar\u0131n\u0131, kentsel rant\u0131n, ki\u015fisel ranta d\u00f6nmesinde verdikleri destekleri gizlemek i\u00e7in, yasayla belirlenmi\u015f asli g\u00f6revlerini, siyasi prim yapma hayaliyle ekstra yap\u0131lan i\u015fler gibi g\u00f6sterip kamuoyuna pompal\u0131yorlar g\u00fcl\u00fcyoruz. Say\u0131l\u0131 g\u00fcnler \u00e7abuk ge\u00e7er.\u2019\u2019 \u015fekilde konu\u015ftu.<\/p>\n","protected":false},"excerpt":{"rendered":"<p>\u201cMersin Marina AVM yap\u0131la\u015fmas\u0131, kente kar\u015f\u0131 i\u015flenen bir su\u00e7tur\u201d Mersin\u2019de yap\u0131la\u015fma kurallar\u0131na ayk\u0131r\u0131 ve kente zarar veren projelere y\u00f6nelik Mimar Abdullah Y\u0131lmaz a\u00e7\u0131klamalarda bulunmaya devam ediyor. Y\u0131lmaz, \u2018\u2019Mersin, Marina AVM &hellip; <a href=\"https:\/\/akdenizolaygazetesi.com\/?p=8397\" class=\"more-link\">Devam\u0131n\u0131 Oku&#8230;<\/a><\/p>\n","protected":false},"author":1,"featured_media":0,"comment_status":"open","ping_status":"open","sticky":false,"template":"","format":"standard","meta":[],"categories":[],"tags":[],"_links":{"self":[{"href":"https:\/\/akdenizolaygazetesi.com\/index.php?rest_route=\/wp\/v2\/posts\/8397"}],"collection":[{"href":"https:\/\/akdenizolaygazetesi.com\/index.php?rest_route=\/wp\/v2\/posts"}],"about":[{"href":"https:\/\/akdenizolaygazetesi.com\/index.php?rest_route=\/wp\/v2\/types\/post"}],"author":[{"embeddable":true,"href":"https:\/\/akdenizolaygazetesi.com\/index.php?rest_route=\/wp\/v2\/users\/1"}],"replies":[{"embeddable":true,"href":"https:\/\/akdenizolaygazetesi.com\/index.php?rest_route=%2Fwp%2Fv2%2Fcomments&post=8397"}],"version-history":[{"count":0,"href":"https:\/\/akdenizolaygazetesi.com\/index.php?rest_route=\/wp\/v2\/posts\/8397\/revisions"}],"wp:attachment":[{"href":"https:\/\/akdenizolaygazetesi.com\/index.php?rest_route=%2Fwp%2Fv2%2Fmedia&parent=8397"}],"wp:term":[{"taxonomy":"category","embeddable":true,"href":"https:\/\/akdenizolaygazetesi.com\/index.php?rest_route=%2Fwp%2Fv2%2Fcategories&post=8397"},{"taxonomy":"post_tag","embeddable":true,"href":"https:\/\/akdenizolaygazetesi.com\/index.php?rest_route=%2Fwp%2Fv2%2Ftags&post=8397"}],"curies":[{"name":"wp","href":"https:\/\/api.w.org\/{rel}","templated":true}]}}