{"id":8399,"date":"2020-11-04T18:28:52","date_gmt":"2020-11-04T15:28:52","guid":{"rendered":"http:\/\/mersinekonomipolitikagazetesi.com\/?p=8399"},"modified":"2020-11-04T18:28:52","modified_gmt":"2020-11-04T15:28:52","slug":"yildirim-sanayici-uretime-ara-vermiyor","status":"publish","type":"post","link":"https:\/\/akdenizolaygazetesi.com\/?p=8399","title":{"rendered":"Y\u0131ld\u0131r\u0131m: &#8220;Sanayici \u00fcretime ara vermiyor&#8221;"},"content":{"rendered":"<p>Y\u0131lbor Y\u00f6netim Kurulu \u00dcyesi Hasan Y\u0131ld\u0131r\u0131m, imalat sanayi kapasite kullan\u0131m oran\u0131n\u0131n eyl\u00fcl ay\u0131nda artt\u0131\u011f\u0131na i\u015faret ederek, &#8220;Sanayici \u00fcretime ara vermiyor&#8221; dedi.\u00a0<\/p>\n<p>Firmalar\u0131n belirli bir zaman dilimindeki \u00fcretim g\u00fcc\u00fc ya da \u00fcretim potansiyelini g\u00f6steren imalat sanayi kapasite kullan\u0131m oran\u0131 y\u00fckseli\u015fini s\u00fcrd\u00fcr\u00fcyor. Merkez Bankas\u0131, imalat sanayisinde faaliyet g\u00f6steren bin 741 i\u015f yeri taraf\u0131ndan eyl\u00fcl ay\u0131 &#8216;\u0130ktisadi Y\u00f6nelim Anketi&#8217;ne verilen yan\u0131tlar\u0131n de\u011ferlendirmesi sonucunda, imalat sanayi kapasite kullan\u0131m oran\u0131n\u0131n eyl\u00fcl ay\u0131nda y\u00fczde 74.6&#8217;ya \u00e7\u0131kt\u0131\u011f\u0131n\u0131 a\u00e7\u0131klad\u0131.\u00a0<\/p>\n<p>Y\u0131lbor Y\u00f6netim Kurulu \u00dcyesi Hasan Y\u0131ld\u0131r\u0131m, korona vir\u00fcs sebebiyle t\u00fcm d\u00fcnyay\u0131 etkisi alt\u0131na alan pandemiden dolay\u0131 nisan ay\u0131nda y\u00fczde 61 gibi d\u00fc\u015f\u00fck seviyelere gerileyen kapasite kullan\u0131m oran\u0131n\u0131n, eyl\u00fcl ay\u0131nda bir \u00f6nceki aya g\u00f6re 1.3 puan artarak y\u00fczde 74.6 seviyesine y\u00fckselerek \u00fcst \u00fcstte 5. ay\u0131nda da y\u00fckseli\u015fini s\u00fcrd\u00fcrmeye devam etti\u011fini vurgulad\u0131. Y\u0131ld\u0131r\u0131m, &#8220;Bu da sanayicimizin gayretli \u00e7al\u0131\u015fmalar\u0131n\u0131n bir g\u00f6stergesi olarak kar\u015f\u0131m\u0131za \u00e7\u0131k\u0131yor. \u0130malat sanayi kapasite kullan\u0131m oran\u0131n\u0131n \u00f6n\u00fcm\u00fczdeki aylarda da y\u00fckseli\u015fini s\u00fcrd\u00fcrmesini bekliyoruz. Sanayicimiz \u00fcrettik\u00e7e ihracat ve istihdam rakamlar\u0131 da art\u0131yor. Bu anlamda \u00fcretimin durmadan devam etmesi \u00fclke ekonomimiz a\u00e7\u0131s\u0131ndan b\u00fcy\u00fck \u00f6nem ta\u015f\u0131yor&#8221; ifadelerini kulland\u0131.\u00a0<\/p>\n","protected":false},"excerpt":{"rendered":"<p>Y\u0131lbor Y\u00f6netim Kurulu \u00dcyesi Hasan Y\u0131ld\u0131r\u0131m, imalat sanayi kapasite kullan\u0131m oran\u0131n\u0131n eyl\u00fcl ay\u0131nda artt\u0131\u011f\u0131na i\u015faret ederek, &#8220;Sanayici \u00fcretime ara vermiyor&#8221; dedi.\u00a0 Firmalar\u0131n belirli bir zaman dilimindeki \u00fcretim g\u00fcc\u00fc ya da &hellip; <a href=\"https:\/\/akdenizolaygazetesi.com\/?p=8399\" class=\"more-link\">Devam\u0131n\u0131 Oku&#8230;<\/a><\/p>\n","protected":false},"author":1,"featured_media":0,"comment_status":"open","ping_status":"open","sticky":false,"template":"","format":"standard","meta":[],"categories":[],"tags":[],"_links":{"self":[{"href":"https:\/\/akdenizolaygazetesi.com\/index.php?rest_route=\/wp\/v2\/posts\/8399"}],"collection":[{"href":"https:\/\/akdenizolaygazetesi.com\/index.php?rest_route=\/wp\/v2\/posts"}],"about":[{"href":"https:\/\/akdenizolaygazetesi.com\/index.php?rest_route=\/wp\/v2\/types\/post"}],"author":[{"embeddable":true,"href":"https:\/\/akdenizolaygazetesi.com\/index.php?rest_route=\/wp\/v2\/users\/1"}],"replies":[{"embeddable":true,"href":"https:\/\/akdenizolaygazetesi.com\/index.php?rest_route=%2Fwp%2Fv2%2Fcomments&post=8399"}],"version-history":[{"count":0,"href":"https:\/\/akdenizolaygazetesi.com\/index.php?rest_route=\/wp\/v2\/posts\/8399\/revisions"}],"wp:attachment":[{"href":"https:\/\/akdenizolaygazetesi.com\/index.php?rest_route=%2Fwp%2Fv2%2Fmedia&parent=8399"}],"wp:term":[{"taxonomy":"category","embeddable":true,"href":"https:\/\/akdenizolaygazetesi.com\/index.php?rest_route=%2Fwp%2Fv2%2Fcategories&post=8399"},{"taxonomy":"post_tag","embeddable":true,"href":"https:\/\/akdenizolaygazetesi.com\/index.php?rest_route=%2Fwp%2Fv2%2Ftags&post=8399"}],"curies":[{"name":"wp","href":"https:\/\/api.w.org\/{rel}","templated":true}]}}