{"id":8400,"date":"2020-11-04T18:28:52","date_gmt":"2020-11-04T15:28:52","guid":{"rendered":"http:\/\/mersinekonomipolitikagazetesi.com\/?p=8400"},"modified":"2020-11-04T18:28:52","modified_gmt":"2020-11-04T15:28:52","slug":"mersin-buyuksehir-belediyesinin-duyu-butunleme-ve-atla-terapi-projesine-odul","status":"publish","type":"post","link":"https:\/\/akdenizolaygazetesi.com\/?p=8400","title":{"rendered":"Mersin B\u00fcy\u00fck\u015fehir Belediyesi&#8217;nin duyu b\u00fct\u00fcnleme ve atla terapi projesine \u00f6d\u00fcl"},"content":{"rendered":"<p>Mersin B\u00fcy\u00fck\u015fehir Belediyesi Engelliler ve Sa\u011fl\u0131k Hizmetleri Dairesi Ba\u015fkanl\u0131\u011f\u0131 b\u00fcnyesinde hizmet veren Engelsiz Ya\u015fam Merkezinde, 2019 y\u0131l\u0131 Ekim ay\u0131ndan bu yana uygulanan &#8216;\u00d6zel gereksinimli bireylere y\u00f6nelik duyu b\u00fct\u00fcnleme terapisi&#8217; ve bu terapiyi destekleyen &#8216;Atla terapi&#8217; projesi, \u00f6d\u00fcle lay\u0131k g\u00f6r\u00fcld\u00fc.\u00a0<br \/>\nSa\u011fl\u0131kl\u0131 \u015fehir bilincini yayg\u0131nla\u015ft\u0131rmaya y\u00f6nelik \u00e7al\u0131\u015fmalar yapan Sa\u011fl\u0131kl\u0131 Kentler Birli\u011fi taraf\u0131ndan, &#8216;sosyal sorumluluk&#8217;, &#8216;sa\u011fl\u0131kl\u0131 ya\u015fam&#8217;, &#8216;sa\u011fl\u0131kl\u0131 \u015fehir planlamas\u0131&#8217; ve &#8216;sa\u011fl\u0131kl\u0131 \u00e7evre&#8217; olmak \u00fczere 4 ayr\u0131 kategoride \u00f6d\u00fcllerin da\u011f\u0131t\u0131ld\u0131\u011f\u0131 yar\u0131\u015fmaya, &#8216;Duyu b\u00fct\u00fcnleme terapisi&#8217; ve destekleyen &#8216;Atla terapi&#8217; projesi ile kat\u0131lan Mersin B\u00fcy\u00fck\u015fehir Belediyesi, kazand\u0131\u011f\u0131 \u00f6d\u00fcl ile terapinin kalitesini ve faydas\u0131n\u0131 bir kez daha ortaya koydu. Engelsiz Ya\u015fam Merkezinde devam eden &#8216;Duyu b\u00fct\u00fcnleme terapisi\u2019nden zihinsel ve bedensel problemi olan her \u00e7ocuk \u00fccretsiz olarak faydalanabiliyor. Seans s\u00fcresinde aileler de \u00e7ocuklar\u0131na e\u015flik edebiliyor.\u00a0<\/p>\n<p>\u201cBu \u00f6d\u00fcl bizi, ailelerimizi, \u00e7ocuklar\u0131m\u0131z\u0131 \u00e7ok mutlu etti\u201d\u00a0<\/p>\n<p>B\u00fcy\u00fck\u015fehir Belediyesi Engelliler ve Sa\u011fl\u0131k Hizmetleri Dairesi Ba\u015fkanl\u0131\u011f\u0131 b\u00fcnyesinde hizmet veren fizyoterapist Bilge Y\u0131ld\u0131r\u0131m, duyu b\u00fct\u00fcnleme terapisinin uygun s\u0131n\u0131flarda ve amaca uygun zenginle\u015ftirilmi\u015f materyallerin bulundu\u011fu ortamda yap\u0131ld\u0131\u011f\u0131n\u0131 ve \u00e7ocuklar\u0131n duyusal profiline g\u00f6re s\u00fcrd\u00fc\u011f\u00fcn\u00fc belirterek, \u201cSa\u011fl\u0131kl\u0131 Kentler Birli\u011fi\u2019nin &#8216;En iyi uygulama&#8217; yar\u0131\u015fmas\u0131na &#8216;Duyu b\u00fct\u00fcnleme terapisi&#8217; ve bunu destekleyen &#8216;Atla terapi&#8217; projesi ile kat\u0131ld\u0131k ve bu alanda \u00f6d\u00fcl kazand\u0131k. Bu \u00f6d\u00fcl bizi, ailelerimizi, \u00e7ocuklar\u0131m\u0131z\u0131 \u00e7ok mutlu etti. Bu alanda \u00e7al\u0131\u015fmalar\u0131m\u0131za devam edece\u011fiz. \u015eu anda pandemiden dolay\u0131 hipoterapiye (atla terapi) ara vermi\u015f durumday\u0131z. Ama Engelsiz Ya\u015fam Merkezimizde hizmetlerimiz devam ediyor. Sosyal mesafeye ve hijyene dikkat ederek, aral\u0131kl\u0131 olarak seanslar\u0131m\u0131za devam ediyoruz. Pandemi d\u00f6nemi biraz daha kontrol alt\u0131na al\u0131nd\u0131\u011f\u0131nda sosyal faaliyetlerimiz devam edecek&#8221; dedi.\u00a0<\/p>\n<p>\u201cBurada yapt\u0131\u011f\u0131m\u0131z \u00e7al\u0131\u015fmalarla \u00e7ok yol kat ettik\u201d\u00a0<\/p>\n<p>4 ya\u015f\u0131ndaki o\u011flu Ka\u011fan\u2019\u0131 terapiye getiren ve terapiden \u00e7ok memnun oldu\u011funu dile getiren Canan \u00c7ardak, \u201cBiz bir y\u0131ld\u0131r Bilge Hocamla beraber duyu b\u00fct\u00fcnleme dersi al\u0131yoruz. Ka\u011fan\u2019\u0131n duyusal hassasiyeti, fark\u0131ndal\u0131\u011f\u0131 hi\u00e7 yoktu. Dil geli\u015fimimiz eksikti. Sa\u011f olsun burada yapt\u0131\u011f\u0131m\u0131z \u00e7al\u0131\u015fmalarla duygusal y\u00f6nden, dil geli\u015fimi ve fark\u0131ndal\u0131k y\u00f6n\u00fcnden \u00e7ok yol kat ettik. \u0130stedi\u011fimiz seviyeye \u00e7ok yakla\u015ft\u0131k. \u0130n\u015fallah en iyi \u015fekilde bu a\u015famalar\u0131 ge\u00e7ece\u011fiz. Ald\u0131klar\u0131 \u00f6d\u00fclden dolay\u0131 kendilerini tebrik ediyorum, \u00e7\u00fcnk\u00fc fazlas\u0131yla hak ediyor. \u00c7ocuklar\u0131m\u0131za anne gibi, abla gibi emek veriyor&#8221; diye konu\u015ftu.\u00a0<\/p>\n","protected":false},"excerpt":{"rendered":"<p>Mersin B\u00fcy\u00fck\u015fehir Belediyesi Engelliler ve Sa\u011fl\u0131k Hizmetleri Dairesi Ba\u015fkanl\u0131\u011f\u0131 b\u00fcnyesinde hizmet veren Engelsiz Ya\u015fam Merkezinde, 2019 y\u0131l\u0131 Ekim ay\u0131ndan bu yana uygulanan &#8216;\u00d6zel gereksinimli bireylere y\u00f6nelik duyu b\u00fct\u00fcnleme terapisi&#8217; ve &hellip; <a href=\"https:\/\/akdenizolaygazetesi.com\/?p=8400\" class=\"more-link\">Devam\u0131n\u0131 Oku&#8230;<\/a><\/p>\n","protected":false},"author":1,"featured_media":0,"comment_status":"open","ping_status":"open","sticky":false,"template":"","format":"standard","meta":[],"categories":[],"tags":[],"_links":{"self":[{"href":"https:\/\/akdenizolaygazetesi.com\/index.php?rest_route=\/wp\/v2\/posts\/8400"}],"collection":[{"href":"https:\/\/akdenizolaygazetesi.com\/index.php?rest_route=\/wp\/v2\/posts"}],"about":[{"href":"https:\/\/akdenizolaygazetesi.com\/index.php?rest_route=\/wp\/v2\/types\/post"}],"author":[{"embeddable":true,"href":"https:\/\/akdenizolaygazetesi.com\/index.php?rest_route=\/wp\/v2\/users\/1"}],"replies":[{"embeddable":true,"href":"https:\/\/akdenizolaygazetesi.com\/index.php?rest_route=%2Fwp%2Fv2%2Fcomments&post=8400"}],"version-history":[{"count":0,"href":"https:\/\/akdenizolaygazetesi.com\/index.php?rest_route=\/wp\/v2\/posts\/8400\/revisions"}],"wp:attachment":[{"href":"https:\/\/akdenizolaygazetesi.com\/index.php?rest_route=%2Fwp%2Fv2%2Fmedia&parent=8400"}],"wp:term":[{"taxonomy":"category","embeddable":true,"href":"https:\/\/akdenizolaygazetesi.com\/index.php?rest_route=%2Fwp%2Fv2%2Fcategories&post=8400"},{"taxonomy":"post_tag","embeddable":true,"href":"https:\/\/akdenizolaygazetesi.com\/index.php?rest_route=%2Fwp%2Fv2%2Ftags&post=8400"}],"curies":[{"name":"wp","href":"https:\/\/api.w.org\/{rel}","templated":true}]}}