{"id":8401,"date":"2020-11-04T18:28:52","date_gmt":"2020-11-04T15:28:52","guid":{"rendered":"http:\/\/mersinekonomipolitikagazetesi.com\/?p=8401"},"modified":"2020-11-04T18:28:52","modified_gmt":"2020-11-04T15:28:52","slug":"mersinde-elektrik-kesintisi-yapilacak","status":"publish","type":"post","link":"https:\/\/akdenizolaygazetesi.com\/?p=8401","title":{"rendered":"MERS\u0130N&#8217;DE ELEKTR\u0130K KES\u0130NT\u0130S\u0130 YAPILACAK"},"content":{"rendered":"<p>26 Eyl\u00fcl Cumartesi g\u00fcn\u00fc Mersin \u0130l geneli ve il\u00e7elerinde elektrik kesintisi yap\u0131lacak.<br \/>\nToroslar Elektrik Da\u011f\u0131t\u0131m A.\u015e. (TEDA\u015e) planl\u0131 elektrik kesintisi yap\u0131laca\u011f\u0131n\u0131 bildirdi. Planl\u0131 kesinti uygulancak \u015fehir, il\u00e7eler, mahalleler (sokaklar dahil) ile kesinti tarihi ile elektrik kesintinin zaman\u0131 ve s\u00fcresi yer al\u0131yor. Erdemli ve Silifke il\u00e7elerinin tamam\u0131na yak\u0131n\u0131nda saat 09:00 ile 17:00 aras\u0131 kesinti yap\u0131lacak. Elektrik kesintisi ya\u015fanacak di\u011fer il\u00e7e, belde ve saatleri \u015f\u00f6yle;<\/p>\n<p>Akdeniz \u0130l\u00e7esi&#8217;nde\u00a0\u00a0 \u00a0<br \/>\n01:00 &#8211; 07:00 saat aral\u0131\u011f\u0131nda\u00a0<br \/>\nBelde\/K\u00f6y: MERKEZ &#8211; Mahalle: ABDULLAH \u015eAHUTO\u011eLU\u00a0<br \/>\nBelde\/K\u00f6y: MERKEZ &#8211; Mahalle: KARACA\u0130LYAS EMEK\u00a0<br \/>\nBelde\/K\u00f6y: MERKEZ &#8211; Mahalle: KARACA\u0130LYAS EVREN\u00a0<br \/>\nBelde\/K\u00f6y: MERKEZ &#8211; Mahalle: \u015eAK\u0130RG\u00dcLMEN\u00a0<br \/>\nBelde\/K\u00f6y: MERKEZ &#8211; Mahalle: KARACA\u0130LYAS\u00a0<br \/>\n10:00 &#8211; 18:00 saat aral\u0131\u011f\u0131nda\u00a0\u00a0 \u00a0<br \/>\nBelde\/K\u00f6y: MERKEZ &#8211; Mahalle: \u015eEVKETS\u00dcMER &#8211; Sokak: 5945\u00a0<br \/>\nBelde\/K\u00f6y: MERKEZ &#8211; Mahalle: \u015eEVKETS\u00dcMER &#8211; Sokak: 5943\u00a0<br \/>\nBelde\/K\u00f6y: MERKEZ &#8211; Mahalle: \u015eEVKETS\u00dcMER &#8211; Sokak: 5946\u00a0<br \/>\n10:00 &#8211; 18:00 saat aral\u0131\u011f\u0131nda\u00a0\u00a0 \u00a0<br \/>\nBelde\/K\u00f6y: MERKEZ<br \/>\n\u00a0<br \/>\nMezitli \u0130l\u00e7esi&#8217;nde<br \/>\n13:00 &#8211; 19:00 saat aral\u0131\u011f\u0131nda\u00a0\u00a0 \u00a0<br \/>\nBelde\/K\u00f6y: MERKEZ &#8211; Mahalle: FINDIKPINARI\u00a0<br \/>\nBelde\/K\u00f6y: MERKEZ &#8211; Mahalle: DEM\u0130RI\u015eIK<br \/>\n\u00a0<br \/>\nMut \u0130l\u00e7esi&#8217;nde<br \/>\n10:30 &#8211; 19:30 saat aral\u0131\u011f\u0131nda\u00a0\u00a0 \u00a0<br \/>\nBelde\/K\u00f6y: MERKEZ &#8211; Mahalle: GEN\u00c7AL\u0130\u00a0<br \/>\nBelde\/K\u00f6y: MERKEZ &#8211; Mahalle: ORTAK\u00d6Y\u00a0<br \/>\nBelde\/K\u00f6y: MERKEZ &#8211; Mahalle: YAPINTI<br \/>\n\u00a0<br \/>\nToroslar \u0130l\u00e7esi&#8217;nde<br \/>\n13:00 &#8211; 19:00 saat aral\u0131\u011f\u0131nda\u00a0\u00a0 \u00a0<br \/>\nBelde\/K\u00f6y: MERKEZ &#8211; Mahalle: Y\u00dcKSEKOLUK\u00a0<br \/>\n09:20 &#8211; 17:20 saat aral\u0131\u011f\u0131nda\u00a0\u00a0 \u00a0<br \/>\nBelde\/K\u00f6y: MERKEZ &#8211; Mahalle: HALKKENT\u00a0<br \/>\n09:10 &#8211; 17:10 saat aral\u0131\u011f\u0131nda\u00a0\u00a0 \u00a0<br \/>\nBelde\/K\u00f6y: MERKEZ &#8211; Mahalle: G\u00dcNEYKENT &#8211; Sokak: M\u0130MAR S\u0130NAN\u00a0<br \/>\nBelde\/K\u00f6y: MERKEZ &#8211; Mahalle: G\u00dcNEYKENT &#8211; Sokak: 94013\u00a0<br \/>\nBelde\/K\u00f6y: MERKEZ &#8211; Mahalle: G\u00dcNEYKENT &#8211; Sokak: FARAB\u0130\u00a0<br \/>\nBelde\/K\u00f6y: MERKEZ &#8211; Mahalle: G\u00dcNEYKENT &#8211; Sokak: 94017\u00a0<br \/>\nBelde\/K\u00f6y: MERKEZ &#8211; Mahalle: G\u00dcNEYKENT &#8211; Sokak: 94024\u00a0<br \/>\nBelde\/K\u00f6y: MERKEZ &#8211; Mahalle: G\u00dcNEYKENT &#8211; Sokak: 94021\u00a0<br \/>\nBelde\/K\u00f6y: MERKEZ &#8211; Mahalle: G\u00dcNEYKENT &#8211; Sokak: 94019\u00a0<br \/>\nBelde\/K\u00f6y: MERKEZ &#8211; Mahalle: G\u00dcNEYKENT &#8211; Sokak: 94015\u00a0<br \/>\nBelde\/K\u00f6y: MERKEZ &#8211; Mahalle: G\u00dcNEYKENT &#8211; Sokak: 94026\u00a0<br \/>\nBelde\/K\u00f6y: MERKEZ &#8211; Mahalle: G\u00dcNEYKENT &#8211; Sokak: A\u015eIK VEYSEL\u00a0<br \/>\n09:00 &#8211; 17:00 saat aral\u0131\u011f\u0131nda\u00a0\u00a0 \u00a0<br \/>\nBelde\/K\u00f6y: MERKEZ &#8211; Mahalle: \u00c7A\u011eDA\u015eKENT &#8211; Sokak: M\u0130MAR S\u0130NAN\u00a0<br \/>\nBelde\/K\u00f6y: MERKEZ &#8211; Mahalle: \u00c7A\u011eDA\u015eKENT &#8211; Sokak: 93084\u00a0<br \/>\nBelde\/K\u00f6y: MERKEZ &#8211; Mahalle: \u00c7A\u011eDA\u015eKENT &#8211; Sokak: 93101\u00a0<br \/>\nBelde\/K\u00f6y: MERKEZ &#8211; Mahalle: \u00c7A\u011eDA\u015eKENT &#8211; Sokak: FAT\u0130H SULTAN MEHMET\u00a0<br \/>\nBelde\/K\u00f6y: MERKEZ &#8211; Mahalle: \u00c7A\u011eDA\u015eKENT &#8211; Sokak: 93133\u00a0<br \/>\nBelde\/K\u00f6y: MERKEZ &#8211; Mahalle: \u00c7A\u011eDA\u015eKENT &#8211; Sokak: 93048\u00a0<br \/>\nBelde\/K\u00f6y: MERKEZ &#8211; Mahalle: \u00c7A\u011eDA\u015eKENT &#8211; Sokak: 93054\u00a0<br \/>\nBelde\/K\u00f6y: MERKEZ &#8211; Mahalle: \u00c7A\u011eDA\u015eKENT &#8211; Sokak: 93059\u00a0<br \/>\nBelde\/K\u00f6y: MERKEZ &#8211; Mahalle: \u00c7A\u011eDA\u015eKENT &#8211; Sokak: 93130\u00a0<br \/>\nBelde\/K\u00f6y: MERKEZ &#8211; Mahalle: \u00c7A\u011eDA\u015eKENT &#8211; Sokak: 93057\u00a0<br \/>\nBelde\/K\u00f6y: MERKEZ &#8211; Mahalle: G\u00dcNEYKENT &#8211; Sokak: 94032\u00a0<br \/>\nBelde\/K\u00f6y: MERKEZ &#8211; Mahalle: G\u00dcNEYKENT &#8211; Sokak: 94030\u00a0<br \/>\nBelde\/K\u00f6y: MERKEZ &#8211; Mahalle: G\u00dcNEYKENT &#8211; Sokak: 94028\u00a0<br \/>\nBelde\/K\u00f6y: MERKEZ &#8211; Mahalle: G\u00dcNEYKENT &#8211; Sokak: 94049\u00a0<br \/>\nBelde\/K\u00f6y: MERKEZ &#8211; Mahalle: G\u00dcNEYKENT &#8211; Sokak: 94065\u00a0<br \/>\nBelde\/K\u00f6y: MERKEZ &#8211; Mahalle: G\u00dcNEYKENT &#8211; Sokak: M\u0130MAR S\u0130NAN\u00a0<br \/>\nBelde\/K\u00f6y: MERKEZ &#8211; Mahalle: G\u00dcNEYKENT &#8211; Sokak: 94055\u00a0<br \/>\nBelde\/K\u00f6y: MERKEZ &#8211; Mahalle: G\u00dcNEYKENT &#8211; Sokak: 94040\u00a0<br \/>\nBelde\/K\u00f6y: MERKEZ &#8211; Mahalle: G\u00dcNEYKENT &#8211; Sokak: 94038\u00a0<br \/>\nBelde\/K\u00f6y: MERKEZ &#8211; Mahalle: G\u00dcNEYKENT &#8211; Sokak: 94061\u00a0<br \/>\nBelde\/K\u00f6y: MERKEZ &#8211; Mahalle: G\u00dcNEYKENT &#8211; Sokak: GAZ\u0130 OSMAN PA\u015eA\u00a0<br \/>\nBelde\/K\u00f6y: MERKEZ &#8211; Mahalle: G\u00dcNEYKENT &#8211; Sokak: MERS\u0130NL\u0130 AHMET\u00a0<br \/>\nBelde\/K\u00f6y: MERKEZ &#8211; Mahalle: G\u00dcNEYKENT &#8211; Sokak: REFAH\u00a0<br \/>\nBelde\/K\u00f6y: MERKEZ &#8211; Mahalle: G\u00dcNEYKENT &#8211; Sokak: 94057\u00a0<br \/>\nBelde\/K\u00f6y: MERKEZ &#8211; Mahalle: G\u00dcNEYKENT &#8211; Sokak: 94042\u00a0<br \/>\nBelde\/K\u00f6y: MERKEZ &#8211; Mahalle: G\u00dcNEYKENT &#8211; Sokak: 94044\u00a0<br \/>\nBelde\/K\u00f6y: MERKEZ &#8211; Mahalle: MEVLANA &#8211; Sokak: GAZ\u0130 OSMAN PA\u015eA\u00a0<br \/>\nBelde\/K\u00f6y: MERKEZ &#8211; Mahalle: MEVLANA &#8211; Sokak: 101120\u00a0<br \/>\nBelde\/K\u00f6y: MERKEZ &#8211; Mahalle: MEVLANA &#8211; Sokak: 101128\u00a0<br \/>\nBelde\/K\u00f6y: MERKEZ &#8211; Mahalle: MEVLANA &#8211; Sokak: 101006\u00a0<br \/>\nYeni\u015fehir \u0130l\u00e7esi&#8217;nde<br \/>\n09:30 &#8211; 17:30 saat aral\u0131\u011f\u0131nda\u00a0\u00a0 \u00a0<br \/>\nBelde\/K\u00f6y: MERKEZ &#8211; Mahalle: DE\u011e\u0130RMEN\u00c7AY\u00a0<br \/>\nBelde\/K\u00f6y: MERKEZ &#8211; Mahalle: UZUNKA\u015e<\/p>\n","protected":false},"excerpt":{"rendered":"<p>26 Eyl\u00fcl Cumartesi g\u00fcn\u00fc Mersin \u0130l geneli ve il\u00e7elerinde elektrik kesintisi yap\u0131lacak. Toroslar Elektrik Da\u011f\u0131t\u0131m A.\u015e. (TEDA\u015e) planl\u0131 elektrik kesintisi yap\u0131laca\u011f\u0131n\u0131 bildirdi. Planl\u0131 kesinti uygulancak \u015fehir, il\u00e7eler, mahalleler (sokaklar dahil) &hellip; <a href=\"https:\/\/akdenizolaygazetesi.com\/?p=8401\" class=\"more-link\">Devam\u0131n\u0131 Oku&#8230;<\/a><\/p>\n","protected":false},"author":1,"featured_media":0,"comment_status":"open","ping_status":"open","sticky":false,"template":"","format":"standard","meta":[],"categories":[],"tags":[],"_links":{"self":[{"href":"https:\/\/akdenizolaygazetesi.com\/index.php?rest_route=\/wp\/v2\/posts\/8401"}],"collection":[{"href":"https:\/\/akdenizolaygazetesi.com\/index.php?rest_route=\/wp\/v2\/posts"}],"about":[{"href":"https:\/\/akdenizolaygazetesi.com\/index.php?rest_route=\/wp\/v2\/types\/post"}],"author":[{"embeddable":true,"href":"https:\/\/akdenizolaygazetesi.com\/index.php?rest_route=\/wp\/v2\/users\/1"}],"replies":[{"embeddable":true,"href":"https:\/\/akdenizolaygazetesi.com\/index.php?rest_route=%2Fwp%2Fv2%2Fcomments&post=8401"}],"version-history":[{"count":0,"href":"https:\/\/akdenizolaygazetesi.com\/index.php?rest_route=\/wp\/v2\/posts\/8401\/revisions"}],"wp:attachment":[{"href":"https:\/\/akdenizolaygazetesi.com\/index.php?rest_route=%2Fwp%2Fv2%2Fmedia&parent=8401"}],"wp:term":[{"taxonomy":"category","embeddable":true,"href":"https:\/\/akdenizolaygazetesi.com\/index.php?rest_route=%2Fwp%2Fv2%2Fcategories&post=8401"},{"taxonomy":"post_tag","embeddable":true,"href":"https:\/\/akdenizolaygazetesi.com\/index.php?rest_route=%2Fwp%2Fv2%2Ftags&post=8401"}],"curies":[{"name":"wp","href":"https:\/\/api.w.org\/{rel}","templated":true}]}}