{"id":8408,"date":"2020-11-04T18:28:53","date_gmt":"2020-11-04T15:28:53","guid":{"rendered":"http:\/\/mersinekonomipolitikagazetesi.com\/?p=8408"},"modified":"2020-11-04T18:28:53","modified_gmt":"2020-11-04T15:28:53","slug":"tashan-kadin-ureticiler-pazari-acildi","status":"publish","type":"post","link":"https:\/\/akdenizolaygazetesi.com\/?p=8408","title":{"rendered":"Ta\u015fhan Kad\u0131n \u00dcreticiler Pazar\u0131 a\u00e7\u0131ld\u0131"},"content":{"rendered":"<p>Mersin\u2019in Mut il\u00e7esinde bulunan 300 y\u0131ll\u0131k tarihi Ta\u015fhan, pazar kurmalar\u0131 i\u00e7in kad\u0131n \u00fcreticilere tahsis edildi.\u00a0<br \/>\nMersin B\u00fcy\u00fck\u015fehir Belediye Ba\u015fkan\u0131 Vahap Se\u00e7er t\u00f6rende yapt\u0131\u011f\u0131 konu\u015fmada, &#8220;300 y\u0131ll\u0131k bir tarihin i\u00e7erisindeyiz. Etkilenmemek m\u00fcmk\u00fcn de\u011fil ger\u00e7ekten 300 y\u0131l ayakta kalm\u0131\u015f bir yap\u0131 ve her k\u00f6\u015fesi an\u0131larla dolu. B\u00f6yle bir tarihi mekanda Mut&#8217;un eli nas\u0131rl\u0131 Toros da\u011flar\u0131n\u0131n sert r\u00fczgarlar\u0131nda yo\u011frulmu\u015f b\u00fct\u00fcn zorluklara diren\u00e7li b\u00fct\u00fcn me\u015fakkatleri \u00e7eken y\u00fcre\u011fi sevgi dolu evlat sevgisi dolu \u00f6zellikle bizim T\u00fcrkmen kad\u0131nlar\u0131n y\u00fcre\u011fi \u00fclke sevgisiyle doludur. Kurtulu\u015f Sava\u015f\u0131nda bu b\u00f6lgede d\u00fc\u015fmana kar\u015f\u0131 emperyalist g\u00fc\u00e7lere kar\u015f\u0131 m\u00fccadeleyi ba\u015flatan da bu y\u00f6renin bu b\u00f6lgenin Toros da\u011flar\u0131nda ya\u015fayan insanlar\u0131m\u0131z\u0131n m\u00fccadelesiyle ba\u015flam\u0131\u015f. Bu mekandan kad\u0131n \u00fcreticilerimizin emeklerinin el \u00fcr\u00fcn\u00fcn g\u00f6z nurunun al\u0131n terinin ekonomik de\u011fere d\u00f6n\u00fc\u015fmesi i\u00e7in bir ortamd\u0131r\u201d dedi. \u00a0Konu\u015fmalar\u0131n ard\u0131ndan Ta\u015fhan Kad\u0131n \u00dcreticiler Pazar\u0131 a\u00e7\u0131l\u0131\u015f\u0131 yap\u0131ld\u0131.\u00a0<br \/>\nPazar yerinde sadece kad\u0131nlar kendi \u00fcrettikleri her t\u00fcrl\u00fc \u00fcr\u00fcn\u00fc pazarlayabilecek.\u00a0<br \/>\nA\u00e7\u0131l\u0131\u015fa Mersin B\u00fcy\u00fck\u015fehir Belediye Ba\u015fkan\u0131 Vahap Se\u00e7er&#8217;in e\u015fi Meral Se\u00e7er, Mut Belediye Ba\u015fkan\u0131 Volkan \u015eeker, T\u00fcrk Halk M\u00fczi\u011fi Sanat\u00e7\u0131s\u0131 Musa Ero\u011flu&#8217;da kat\u0131ld\u0131.\u00a0<br \/>\nA\u00e7\u0131l\u0131\u015ftan sonra Karacao\u011flan \u00c7\u0131naralt\u0131 Park\u0131&#8217;nda \u201cHaydi gel k\u00f6y\u00fcm\u00fcze destek verelim&#8221; projesi Mersin B\u00fcy\u00fck\u015fehir Belediyesi taraf\u0131ndan 60 aileye toplam bin 500 adet k\u00fc\u00e7\u00fckba\u015f hayvan ve 1 y\u0131ll\u0131k yem ve a\u015f\u0131 verildi. \u00a0<\/p>\n","protected":false},"excerpt":{"rendered":"<p>Mersin\u2019in Mut il\u00e7esinde bulunan 300 y\u0131ll\u0131k tarihi Ta\u015fhan, pazar kurmalar\u0131 i\u00e7in kad\u0131n \u00fcreticilere tahsis edildi.\u00a0 Mersin B\u00fcy\u00fck\u015fehir Belediye Ba\u015fkan\u0131 Vahap Se\u00e7er t\u00f6rende yapt\u0131\u011f\u0131 konu\u015fmada, &#8220;300 y\u0131ll\u0131k bir tarihin i\u00e7erisindeyiz. Etkilenmemek &hellip; <a href=\"https:\/\/akdenizolaygazetesi.com\/?p=8408\" class=\"more-link\">Devam\u0131n\u0131 Oku&#8230;<\/a><\/p>\n","protected":false},"author":1,"featured_media":0,"comment_status":"open","ping_status":"open","sticky":false,"template":"","format":"standard","meta":[],"categories":[],"tags":[],"_links":{"self":[{"href":"https:\/\/akdenizolaygazetesi.com\/index.php?rest_route=\/wp\/v2\/posts\/8408"}],"collection":[{"href":"https:\/\/akdenizolaygazetesi.com\/index.php?rest_route=\/wp\/v2\/posts"}],"about":[{"href":"https:\/\/akdenizolaygazetesi.com\/index.php?rest_route=\/wp\/v2\/types\/post"}],"author":[{"embeddable":true,"href":"https:\/\/akdenizolaygazetesi.com\/index.php?rest_route=\/wp\/v2\/users\/1"}],"replies":[{"embeddable":true,"href":"https:\/\/akdenizolaygazetesi.com\/index.php?rest_route=%2Fwp%2Fv2%2Fcomments&post=8408"}],"version-history":[{"count":0,"href":"https:\/\/akdenizolaygazetesi.com\/index.php?rest_route=\/wp\/v2\/posts\/8408\/revisions"}],"wp:attachment":[{"href":"https:\/\/akdenizolaygazetesi.com\/index.php?rest_route=%2Fwp%2Fv2%2Fmedia&parent=8408"}],"wp:term":[{"taxonomy":"category","embeddable":true,"href":"https:\/\/akdenizolaygazetesi.com\/index.php?rest_route=%2Fwp%2Fv2%2Fcategories&post=8408"},{"taxonomy":"post_tag","embeddable":true,"href":"https:\/\/akdenizolaygazetesi.com\/index.php?rest_route=%2Fwp%2Fv2%2Ftags&post=8408"}],"curies":[{"name":"wp","href":"https:\/\/api.w.org\/{rel}","templated":true}]}}