{"id":841,"date":"2020-11-04T18:21:27","date_gmt":"2020-11-04T15:21:27","guid":{"rendered":"http:\/\/mersinekonomipolitikagazetesi.com\/?p=841"},"modified":"2020-11-04T18:21:27","modified_gmt":"2020-11-04T15:21:27","slug":"asut-onumuzde-yeni-bir-firsat-ve-yeni-bir-yapilanma-modeli-var-bu-yeni-ruzgari-kacirmamaliyiz","status":"publish","type":"post","link":"https:\/\/akdenizolaygazetesi.com\/?p=841","title":{"rendered":"A\u015fut: \u201c\u00d6n\u00fcm\u00fczde yeni bir f\u0131rsat ve yeni bir yap\u0131lanma modeli var. Bu yeni r\u00fczgar\u0131 ka\u00e7\u0131rmamal\u0131y\u0131z\u201d"},"content":{"rendered":"<p>Mersin Ticaret ve Sanayi Odas\u0131 (MTSO) Ba\u015fkan\u0131 \u015eerafettin A\u015fut, d\u00fcnyada \u00f6n\u00fcm\u00fczdeki y\u0131llar\u0131n de\u011fi\u015fimini, 2000\u2019li y\u0131llar\u0131n ba\u015f\u0131nda ortaya \u00e7\u0131kan de\u011fi\u015fen g\u00fc\u00e7 dengeleri, bilgi ve ileti\u015fim teknolojilerinde gen\u00e7lerin g\u00fcc\u00fc ve s\u00fcrecin son aya\u011f\u0131 olan End\u00fcstri 4.0\u2019\u0131n belirleyece\u011fini kaydetti. T\u00fcrkiye\u2019nin \u00f6n\u00fcnde yeni bir f\u0131rsat ve yeni bir yap\u0131lanma modeli oldu\u011funu belirten A\u015fut, \u201c\u2019Talih haz\u0131r olana g\u00fcler\u2019 derler. Son y\u0131llar\u0131n tecr\u00fcbesi ile bu sefer bu yeni r\u00fczgar\u0131 ka\u00e7\u0131rmamal\u0131y\u0131z\u201d dedi.<\/p>\n<p><span style=\"color: rgb(0, 0, 0); font-family: Tahoma, Arial, 'Times New Roman TUR', Verdana; font-size: 15px; line-height: normal;\">MTSO Y\u00f6netim Kurulu Ba\u015fkan\u0131 A\u015fut, yaz\u0131l\u0131 bir a\u00e7\u0131klama yaparak, d\u00fcnyan\u0131n yeni ger\u00e7eklerini ve T\u00fcrkiye\u2019nin bu ger\u00e7ekler noktas\u0131nda yapmas\u0131 gerekenleri de\u011ferlendirdi. Her 5-10 y\u0131lda bir iktisat bilimciler, ekonomistler ve gelecek bilimcilerin yeni bir kavram\u0131 g\u00fcndeme getirdiklerini, bu kavramlar \u00fczerine siyasi ve ekonomik politikalar olu\u015fturuldu\u011funu dile getiren A\u015fut, d\u00fcnyada son 15-20 y\u0131l\u0131n en \u00f6nemli kavram\u0131n\u0131n k\u00fcreselle\u015fme oldu\u011funa i\u015faret etti. \u201cBu kavramlar\u0131n \u00f6z\u00fcn\u00fc erken tespit edenler, erken karar verenler, olu\u015fturduklar\u0131 do\u011fru politikalarla pastadan daha b\u00fcy\u00fck pay almay\u0131 ba\u015fard\u0131lar\u201d diyen A\u015fut, T\u00fcrkiye\u2019nin, k\u00fcreselle\u015fme kavram\u0131n\u0131 k\u0131smen de olsa yakalayabildi\u011fi i\u00e7in ekonomisini b\u00fcy\u00fctt\u00fc\u011f\u00fcn\u00fc, d\u00fcnyan\u0131n 17\u2019inci, Avrupa\u2019n\u0131n 6\u2019\u0131nc\u0131 b\u00fcy\u00fck ekonomisi haline geldi\u011fini vurgulad\u0131.<\/span><br style=\"color: rgb(0, 0, 0); font-family: Tahoma, Arial, 'Times New Roman TUR', Verdana; font-size: 15px; line-height: normal;\" \/><br \/>\n<span style=\"color: rgb(0, 0, 0); font-family: Tahoma, Arial, 'Times New Roman TUR', Verdana; font-size: 15px; line-height: normal;\">\u201c\u00d6n\u00fcm\u00fczde yeni bir f\u0131rsat ve yeni bir yap\u0131lanma modeli var. Bu yeni r\u00fczgar\u0131 ka\u00e7\u0131rmamal\u0131y\u0131z\u201d<\/span><br style=\"color: rgb(0, 0, 0); font-family: Tahoma, Arial, 'Times New Roman TUR', Verdana; font-size: 15px; line-height: normal;\" \/><br \/>\n<span style=\"color: rgb(0, 0, 0); font-family: Tahoma, Arial, 'Times New Roman TUR', Verdana; font-size: 15px; line-height: normal;\">Bu kavramlar sadece ekonomi de\u011fil, sosyal ve siyasi t\u00fcm alanlarda bir b\u00fct\u00fcn olarak alg\u0131land\u0131\u011f\u0131nda ger\u00e7ek ba\u015far\u0131ya ula\u015f\u0131ld\u0131\u011f\u0131n\u0131n alt\u0131n\u0131 \u00e7izen A\u015fut, \u201cBundan dolay\u0131, \u00fclke olarak ger\u00e7ek potansiyelimize paralel b\u00fct\u00fcnc\u00fcl bir geli\u015fme i\u00e7erisinde oldu\u011fumuz s\u00f6ylenemez. \u0130stihdam s\u0131k\u0131nt\u0131s\u0131, \u00fcretimdeki s\u0131k\u0131nt\u0131, ileri teknoloji ve Ar-Ge konusundaki d\u00fczeyimiz, e\u011fitim seviyemiz ve i\u00e7eri\u011fi, ihracat-ithalat dengemiz, ihracatta ithal ara mal\u0131 ba\u011f\u0131ml\u0131l\u0131\u011f\u0131m\u0131z bir b\u00fct\u00fcn olarak de\u011ferlendirilmesi gereken konular olarak \u00f6n\u00fcm\u00fcze \u00e7\u0131kmaktad\u0131r. \u0130\u015fte \u00f6n\u00fcm\u00fczde yeni bir f\u0131rsat ve yeni bir yap\u0131lanma modeli. \u2018Talih haz\u0131r olana g\u00fcler\u2019 derler. Son y\u0131llar\u0131n tecr\u00fcbesi ile bu sefer bu yeni r\u00fczgar\u0131 ka\u00e7\u0131rmamal\u0131y\u0131z\u201d dedi.<\/span><br style=\"color: rgb(0, 0, 0); font-family: Tahoma, Arial, 'Times New Roman TUR', Verdana; font-size: 15px; line-height: normal;\" \/><br \/>\n<span style=\"color: rgb(0, 0, 0); font-family: Tahoma, Arial, 'Times New Roman TUR', Verdana; font-size: 15px; line-height: normal;\">\u201c\u00d6n\u00fcm\u00fczdeki y\u0131llar\u0131n de\u011fi\u015fimini yeni ger\u00e7ekler belirleyecek\u201d<\/span><br style=\"color: rgb(0, 0, 0); font-family: Tahoma, Arial, 'Times New Roman TUR', Verdana; font-size: 15px; line-height: normal;\" \/><br \/>\n<span style=\"color: rgb(0, 0, 0); font-family: Tahoma, Arial, 'Times New Roman TUR', Verdana; font-size: 15px; line-height: normal;\">\u00d6n\u00fcm\u00fczdeki y\u0131llar\u0131n de\u011fi\u015fimini, 2000\u2019li y\u0131llar\u0131n ba\u015f\u0131nda ortaya \u00e7\u0131kan \u2018yeni ger\u00e7ekler\u2019in belirleyece\u011fine dikkat \u00e7eken A\u015fut, \u201cYeni ger\u00e7ekler, d\u00fcnyada de\u011fi\u015fen g\u00fc\u00e7 dengeleridir; ortaya \u00e7\u0131kan do\u011fu ve bat\u0131 ayr\u0131\u015fmas\u0131, AB\u2019nin belirsiz durumu, hatta ABD\u2019nin ve \u0130ngiltere\u2019nin AB\u2019ye uzakla\u015fmas\u0131 gibi. 2008 k\u00fcresel finans krizinin bir sosyal ve siyasal de\u011fi\u015fimi do\u011furmamas\u0131 d\u00fc\u015f\u00fcn\u00fclemezdi. Her b\u00fcy\u00fck ekonomik kriz gibi 2008 krizi de Arap Bahar\u0131\u2019n\u0131 do\u011furdu. Di\u011fer yeni ger\u00e7eklerden birisi de \u00f6zellikle gen\u00e7lerin ve daha fazla demokrasinin d\u00fcnyada s\u00f6z sahibi olaca\u011f\u0131n\u0131n i\u015faretiydi. D\u00fcnyay\u0131 d\u00f6n\u00fc\u015ft\u00fcren bilgi ve ileti\u015fim teknolojilerini icat eden ve en iyi kullanan kesim olan gen\u00e7lerin y\u00fckseli\u015fidir yeni ger\u00e7ekler. Bunu okuyamayanlar, gen\u00e7lerin bu g\u00fcc\u00fcn\u00fc kullanamayanlar, bu yeni d\u00fcnyada var olamayacaklard\u0131r. Analog de\u011fil, dijital ekonomilerin gelece\u011fi belirlemesidir yeni ger\u00e7ekler\u201d ifadelerini kulland\u0131.<\/span><br style=\"color: rgb(0, 0, 0); font-family: Tahoma, Arial, 'Times New Roman TUR', Verdana; font-size: 15px; line-height: normal;\" \/><br \/>\n<span style=\"color: rgb(0, 0, 0); font-family: Tahoma, Arial, 'Times New Roman TUR', Verdana; font-size: 15px; line-height: normal;\">\u201cEnd\u00fcstri 4.0, end\u00fcstrinin \u00e7ok \u00f6tesinde bir kavram\u201d<\/span><br style=\"color: rgb(0, 0, 0); font-family: Tahoma, Arial, 'Times New Roman TUR', Verdana; font-size: 15px; line-height: normal;\" \/><br \/>\n<span style=\"color: rgb(0, 0, 0); font-family: Tahoma, Arial, 'Times New Roman TUR', Verdana; font-size: 15px; line-height: normal;\">End\u00fcstri 4.0\u2019\u0131n bu s\u00fcrecin \u015fimdilik son aya\u011f\u0131 oldu\u011funu belirten A\u015fut, End\u00fcstri 4.0\u2019\u0131n end\u00fcstrinin, sanayinin \u00e7ok \u00e7ok \u00f6tesinde bir kavram oldu\u011funu kaydetti. End\u00fcstri 4.0\u2019\u0131n etki alan\u0131n\u0131n hayal edilemeyecek kadar geni\u015f olaca\u011f\u0131na vurgu yapan A\u015fut, \u015f\u00f6yle devam etti: \u201cEnd\u00fcstri 4.0 \u00fcretim anlam\u0131nda robotik teknolojileri, insan-robot ileti\u015fimini, hatta robotlar aras\u0131 ileti\u015fimi i\u00e7eren, bulut teknolojileri ile siber teknolojileri i\u00e7inde bar\u0131nd\u0131ran, nesnelerin interneti ile g\u00fcndelik hayat\u0131m\u0131z\u0131n her alan\u0131na dokunan bir geli\u015fmedir. \u0130\u00e7inde yaz\u0131l\u0131m\u0131n oldu\u011fu, kod yazman\u0131n yeni bir d\u00fcnya dili olarak ortaya \u00e7\u0131kt\u0131\u011f\u0131 bir geli\u015fmedir.\u201d<\/span><br style=\"color: rgb(0, 0, 0); font-family: Tahoma, Arial, 'Times New Roman TUR', Verdana; font-size: 15px; line-height: normal;\" \/><br \/>\n<span style=\"color: rgb(0, 0, 0); font-family: Tahoma, Arial, 'Times New Roman TUR', Verdana; font-size: 15px; line-height: normal;\">T\u00fcm bunlar\u0131n temeli olmas\u0131 gereken e\u011fitim sisteminin de buna uygun olmas\u0131 gerekti\u011fini ifade eden A\u015fut, \u00fcretimde End\u00fcstri 4.0\u2019\u0131n yan\u0131nda E\u011fitim 4.0\u2019\u0131n da ihmal edilmemesi gerekti\u011fini dile getirdi. A\u015fut, \u201cGeleneksel, d\u00f6rt duvar aras\u0131nda ge\u00e7en, ders anlatan bir \u00f6\u011fretmen ve onu pasif olarak tek tarafl\u0131 dinleyen ezberci bir \u00f6\u011frenci manzaras\u0131 ile End\u00fcstri 4.0\u2019a ula\u015famay\u0131z. Analitik d\u00fc\u015f\u00fcnen, sanat ve tasar\u0131m e\u011fitimleri ile yarat\u0131c\u0131 g\u00fcce odaklanan, dil bilen, kod yazmay\u0131 k\u00fc\u00e7\u00fck ya\u015flarda \u00f6\u011frenen, merak duygusu geli\u015fmi\u015f yeni bir \u00f6\u011frenci profili yaratmak zorunday\u0131z. Yani E\u011fitim 4.0\u2019\u0131 tasarlamal\u0131y\u0131z\u201d dedi.<\/span><br style=\"color: rgb(0, 0, 0); font-family: Tahoma, Arial, 'Times New Roman TUR', Verdana; font-size: 15px; line-height: normal;\" \/><br \/>\n<span style=\"color: rgb(0, 0, 0); font-family: Tahoma, Arial, 'Times New Roman TUR', Verdana; font-size: 15px; line-height: normal;\">\u201c\u00dcniversitelerimiz End\u00fcstri 4.0 y\u00fcksek lisans ve doktora programlar\u0131n\u0131 ba\u015flatmal\u0131d\u0131r\u201d<\/span><br style=\"color: rgb(0, 0, 0); font-family: Tahoma, Arial, 'Times New Roman TUR', Verdana; font-size: 15px; line-height: normal;\" \/><br \/>\n<span style=\"color: rgb(0, 0, 0); font-family: Tahoma, Arial, 'Times New Roman TUR', Verdana; font-size: 15px; line-height: normal;\">T\u00fcrkiye\u2019nin ticaret ve hizmet alanlar\u0131nda da End\u00fcstri 4.0\u2019\u0131 kullanmas\u0131 gerekti\u011fini vurgulayan A\u015fut, turizm alan\u0131nda birka\u00e7 gencin haz\u0131rlad\u0131\u011f\u0131 bir rezervasyon yaz\u0131l\u0131m\u0131n\u0131n, ge\u00e7mi\u015fi y\u00fczlerce y\u0131la dayanan ve d\u00fcnyan\u0131n her \u00fclkesinde y\u00fczlerce oteli, acentesi olan bir firmadan daha \u00e7ok para kazand\u0131\u011f\u0131na dikkat \u00e7ekti. A\u015fut, bir yaz\u0131l\u0131m, kod yazan birka\u00e7 gen\u00e7, biraz yarat\u0131c\u0131l\u0131k ve hayal ile Ticaret 4.0, Pazarlama 4.0, Lojistik 4.0 ve \u0130hracat 4.0\u2019\u0131n d\u00fc\u015f\u00fcn\u00fclmesi gerekti\u011finin alt\u0131n\u0131 \u00e7izdi. Temelinde internet ve bilgi ileti\u015fim teknolojileri olan yeni ger\u00e7eklerin, s\u0131radan insanlara \u00fcretici olma f\u0131rsat\u0131 verdi\u011fini belirten A\u015fut, \u015funlar\u0131 kaydetti: \u201cTemelinde yaz\u0131l\u0131m olan yeni ger\u00e7ekler, s\u0131radan insanlara giri\u015fimci olma f\u0131rsat\u0131 veriyor. Temelinde End\u00fcstri 4.0\u2019\u0131n par\u00e7alar\u0131 olan yeni ger\u00e7ekler, k\u00fc\u00e7\u00fck firmalara k\u00fcresel oyuncu olma f\u0131rsat\u0131 veriyor. Art\u0131k hepimiz her an \u00fcreticiyiz, giri\u015fimciyiz, her an ihracat\u00e7\u0131 olabiliriz, her an k\u00fcresel bir ekonominin par\u00e7as\u0131 olabiliriz. Bu anlamda \u00fcniversitelerimiz End\u00fcstri 4.0 y\u00fcksek lisans ve doktora programlar\u0131n\u0131 ba\u015flatmal\u0131d\u0131r. Daha \u00e7ok fark\u0131ndal\u0131k yaratmak zorunday\u0131z. Buna uygun inter-disiplin e\u011fitimler alm\u0131\u015f yeni bir m\u00fchendis ve insan kayna\u011f\u0131 yeti\u015ftirmek zorunday\u0131z. Elbette t\u00fcm bu vizyonun bir devlet politikas\u0131 haline gelebilmesi ve kamu deste\u011fi alabilmesi i\u00e7in siyasetin de End\u00fcstri 4.0\u2019\u0131 yakalamas\u0131 gerekiyor. Yani, siyasette de bir Siyaset 4.0 elzemdir.\u201d<\/span><br style=\"color: rgb(0, 0, 0); font-family: Tahoma, Arial, 'Times New Roman TUR', Verdana; font-size: 15px; line-height: normal;\" \/><br \/>\n<span style=\"color: rgb(0, 0, 0); font-family: Tahoma, Arial, 'Times New Roman TUR', Verdana; font-size: 15px; line-height: normal;\">T\u00fcrkiye\u2019nin giri\u015fimci say\u0131s\u0131n\u0131 art\u0131rmas\u0131 ve k\u00fcresel rekabette onlara destek vermesi gerekti\u011fini ifade eden A\u015fut, a\u00e7\u0131klamas\u0131nda \u015funlara yer verdi: \u201cE\u011fitim sistemimizi s\u00fcrekli yenilemeliyiz \u00e7\u00fcnk\u00fc bilgiye her zamankinden daha \u00e7ok ihtiyac\u0131m\u0131z var. Markala\u015fmal\u0131, y\u00fcksek teknolojiye, Ar-Ge ve inovasyona, yani yenilik\u00e7ili\u011fe \u00f6nem vermeli ve di\u011fer sekt\u00f6rlerimizi ihmal etmeden y\u00fcksek teknolojili \u00fcretime ge\u00e7meliyiz. Siyasi istikrar\u0131m\u0131z\u0131, demokrasimizi, hukukun \u00fcst\u00fcnl\u00fc\u011f\u00fcn\u00fc insan\u0131m\u0131z\u0131 g\u00fcvende k\u0131lacak d\u00fczeye getirmeliyiz. T\u00fcm bunlar\u0131 b\u00fct\u00fcnc\u00fcl d\u00fc\u015f\u00fcnmeden, sadece birka\u00e7 KOB\u0130\u2019mizi End\u00fcstri 4.0\u2019a entegre etmek \u00e7\u00f6z\u00fcm olmayacakt\u0131r. \u00dcretimde de ticarette de ihracatta da hizmet alan\u0131nda da e\u011fitimde de siyasette de End\u00fcstri 4.0\u2019\u0131n felsefe ve uygulamalar\u0131n\u0131 anlamak zorunday\u0131z. Bu, verimlili\u011fin ve verimlili\u011fe ba\u011fl\u0131 b\u00fcy\u00fcmenin de temelidir.\u201d<\/span><\/p>\n","protected":false},"excerpt":{"rendered":"<p>Mersin Ticaret ve Sanayi Odas\u0131 (MTSO) Ba\u015fkan\u0131 \u015eerafettin A\u015fut, d\u00fcnyada \u00f6n\u00fcm\u00fczdeki y\u0131llar\u0131n de\u011fi\u015fimini, 2000\u2019li y\u0131llar\u0131n ba\u015f\u0131nda ortaya \u00e7\u0131kan de\u011fi\u015fen g\u00fc\u00e7 dengeleri, bilgi ve ileti\u015fim teknolojilerinde gen\u00e7lerin g\u00fcc\u00fc ve s\u00fcrecin son &hellip; <a href=\"https:\/\/akdenizolaygazetesi.com\/?p=841\" class=\"more-link\">Devam\u0131n\u0131 Oku&#8230;<\/a><\/p>\n","protected":false},"author":1,"featured_media":0,"comment_status":"open","ping_status":"open","sticky":false,"template":"","format":"standard","meta":[],"categories":[],"tags":[],"_links":{"self":[{"href":"https:\/\/akdenizolaygazetesi.com\/index.php?rest_route=\/wp\/v2\/posts\/841"}],"collection":[{"href":"https:\/\/akdenizolaygazetesi.com\/index.php?rest_route=\/wp\/v2\/posts"}],"about":[{"href":"https:\/\/akdenizolaygazetesi.com\/index.php?rest_route=\/wp\/v2\/types\/post"}],"author":[{"embeddable":true,"href":"https:\/\/akdenizolaygazetesi.com\/index.php?rest_route=\/wp\/v2\/users\/1"}],"replies":[{"embeddable":true,"href":"https:\/\/akdenizolaygazetesi.com\/index.php?rest_route=%2Fwp%2Fv2%2Fcomments&post=841"}],"version-history":[{"count":0,"href":"https:\/\/akdenizolaygazetesi.com\/index.php?rest_route=\/wp\/v2\/posts\/841\/revisions"}],"wp:attachment":[{"href":"https:\/\/akdenizolaygazetesi.com\/index.php?rest_route=%2Fwp%2Fv2%2Fmedia&parent=841"}],"wp:term":[{"taxonomy":"category","embeddable":true,"href":"https:\/\/akdenizolaygazetesi.com\/index.php?rest_route=%2Fwp%2Fv2%2Fcategories&post=841"},{"taxonomy":"post_tag","embeddable":true,"href":"https:\/\/akdenizolaygazetesi.com\/index.php?rest_route=%2Fwp%2Fv2%2Ftags&post=841"}],"curies":[{"name":"wp","href":"https:\/\/api.w.org\/{rel}","templated":true}]}}