{"id":8413,"date":"2020-11-04T18:28:53","date_gmt":"2020-11-04T15:28:53","guid":{"rendered":"http:\/\/mersinekonomipolitikagazetesi.com\/?p=8413"},"modified":"2020-11-04T18:28:53","modified_gmt":"2020-11-04T15:28:53","slug":"iletisim-baskani-altun-turkiye-markasini-guclendirmek-ulkemizin-itibarini-uluslararasi-alanda-artirmak-icin-gayret-gosteriyoruz","status":"publish","type":"post","link":"https:\/\/akdenizolaygazetesi.com\/?p=8413","title":{"rendered":"\u0130leti\u015fim Ba\u015fkan\u0131 Altun: \u201cT\u00fcrkiye markas\u0131n\u0131 g\u00fc\u00e7lendirmek, \u00fclkemizin itibar\u0131n\u0131 uluslararas\u0131 alanda art\u0131rmak i\u00e7in gayret g\u00f6steriyoruz\u201d"},"content":{"rendered":"<p>\u0130leti\u015fim Ba\u015fkan\u0131 Fahrettin Altun, &#8220;\u0130leti\u015fim Ba\u015fkanl\u0131\u011f\u0131, stratejik ileti\u015fimin Cumhurba\u015fkan\u0131m\u0131z\u0131n vizyonuyla kurumsal hale gelmesinin somutla\u015fm\u0131\u015f hali. Bu y\u00f6n\u00fcyle bakt\u0131\u011f\u0131m\u0131zda &#8216;Ba\u015fkanl\u0131\u011f\u0131n yapt\u0131\u011f\u0131 en \u00f6nemli fonksiyon nedir?&#8217; diye sorarsan\u0131z, buna verece\u011fim cevap \u015fudur; T\u00fcrkiye markas\u0131n\u0131 daha da g\u00fc\u00e7lendirmek, \u00fclkemizin itibar\u0131n\u0131 uluslararas\u0131 alanda daha da art\u0131rmak i\u00e7in gayret g\u00f6steriyoruz&#8221; dedi.<\/p>\n<p>Altun, CNN T\u00fcrk canl\u0131 yay\u0131n\u0131nda gazeteci Hakan \u00c7elik&#8217;in sorular\u0131n\u0131 yan\u0131tlad\u0131. \u00c7elik, Altun&#8217;un, \u0130leti\u015fim Ba\u015fkanl\u0131\u011f\u0131 g\u00f6revinden bu yana ilk defa bir televizyon program\u0131na kat\u0131ld\u0131\u011f\u0131n\u0131 hat\u0131rlatt\u0131.\u00a0<\/p>\n<p>Fahrettin Altun, \u0130leti\u015fim Ba\u015fkanl\u0131\u011f\u0131n\u0131n Cumhurba\u015fkanl\u0131\u011f\u0131 H\u00fck\u00fcmet Sistemi ile kurulan bir kurum oldu\u011funu belirterek, Cumhurba\u015fkanl\u0131\u011f\u0131 H\u00fck\u00fcmet Sistemi&#8217;nin, g\u00fc\u00e7l\u00fc ve b\u00fcy\u00fck T\u00fcrkiye ideali noktas\u0131nda \u00e7ok \u00f6nemli bir d\u00f6n\u00fcm noktas\u0131 oldu\u011funu s\u00f6yledi.<\/p>\n<p>Altun, &#8220;Cumhurba\u015fkanl\u0131\u011f\u0131 H\u00fck\u00fcmet Sistemi ile T\u00fcrkiye \u00e7ok \u00f6nemli bir \u00e7\u0131\u011f\u0131r atlam\u0131\u015ft\u0131r. H\u00fck\u00fcmet sistemi sorununu bu anlamda \u00e7ok net bir \u015fekilde \u00e7\u00f6zd\u00fc\u011f\u00fc bir ad\u0131md\u0131r. Cumhurba\u015fkanl\u0131\u011f\u0131 H\u00fck\u00fcmet Sistemi ile T\u00fcrkiye&#8217;nin yeni d\u00f6nemde hem i\u00e7eride hem d\u0131\u015far\u0131da h\u00fck\u00fcmetinin imkan ve kabiliyetleri artm\u0131\u015ft\u0131r. Bu noktada Say\u0131n Cumhurba\u015fkan\u0131m\u0131z\u0131n liderli\u011finde Cumhurba\u015fkanl\u0131\u011f\u0131 H\u00fck\u00fcmet Sistemi ile asl\u0131nda h\u00fck\u00fcmetimizin icraatlar\u0131n\u0131n \u00e7ok h\u0131zl\u0131 ve denetlenebilir oldu\u011fu bir yap\u0131lanma \u00f6n plana \u00e7\u0131km\u0131\u015ft\u0131r.&#8221; diye konu\u015ftu.\u00a0<\/p>\n<p>\u0130leti\u015fim Ba\u015fkanl\u0131\u011f\u0131n\u0131n devletin ge\u00e7mi\u015ften getirdi\u011fi baz\u0131 kabiliyetleri devralan, bir gelene\u011fi de tevar\u00fcs eden bir kurum oldu\u011funu anlatan Altun, Bas\u0131n Yay\u0131n ve Enformasyon Genel M\u00fcd\u00fcrl\u00fc\u011f\u00fcn\u00fcn y\u00fcr\u00fctt\u00fc\u011f\u00fc i\u015flevlerin t\u00fcm\u00fcn\u00fc devral\u0131nd\u0131\u011f\u0131n\u0131, Cumhurba\u015fkanl\u0131\u011f\u0131 b\u00fcnyesindeki bas\u0131n m\u00fc\u015favirli\u011finin fonksiyonlar\u0131n\u0131n \u00fcstlenildi\u011fini \u00a0s\u00f6yledi. Altun, daha \u00f6nce bir ba\u015fbakan yard\u0131mc\u0131s\u0131n\u0131n koordine etti\u011fi Anadolu Ajans\u0131, TRT ve Bas\u0131n \u0130lan Kurumu gibi kurumlarla ili\u015fkiyi h\u00fck\u00fcmet ad\u0131na s\u00fcrd\u00fcren, koordine eden ve yeri geldi\u011finde denetimini yapan bir kurum olduklar\u0131n\u0131 ifade etti.<\/p>\n<p>&#8220;\u0130leti\u015fim Ba\u015fkanl\u0131\u011f\u0131, stratejik ileti\u015fimin kurumsal hale gelmesinin somutla\u015fm\u0131\u015f hali&#8221;<\/p>\n<p>\u0130leti\u015fim Ba\u015fkanl\u0131\u011f\u0131n\u0131n \u00fclkenin kamusal ileti\u015fim standartlar\u0131n\u0131 belirlemek ve y\u00fcr\u00fctmek gibi bir fonksiyona sahip oldu\u011funu belirten Altun, \u015funlar\u0131 kaydetti:<\/p>\n<p>&#8220;\u0130leti\u015fim Ba\u015fkanl\u0131\u011f\u0131, stratejik ileti\u015fimin Cumhurba\u015fkan\u0131m\u0131z\u0131n vizyonuyla kurumsal hale gelmesinin somutla\u015fm\u0131\u015f hali. Bu y\u00f6n\u00fcyle bakt\u0131\u011f\u0131m\u0131zda &#8216;Ba\u015fkanl\u0131\u011f\u0131n yapt\u0131\u011f\u0131 en \u00f6nemli fonksiyon nedir?&#8217; diye sorarsan\u0131z, buna verece\u011fim cevap \u015fudur; T\u00fcrkiye markas\u0131n\u0131 daha da g\u00fc\u00e7lendirmek, T\u00fcrkiye&#8217;nin itibar\u0131n\u0131 uluslararas\u0131 alanda daha da art\u0131rmak i\u00e7in fonksiyon icra ediyoruz. Bu anlamda kamu diplomasisinin imkan ve tekniklerini kullanarak, T\u00fcrkiye&#8217;nin d\u00fcnyadaki yerini, d\u00fcnya halklar\u0131na anlatmaya \u00e7al\u0131\u015f\u0131yoruz. Kamu diplomasisini y\u00fcr\u00fct\u00fcrken, T\u00fcrkiye&#8217;nin marka de\u011ferini art\u0131rmaya d\u00f6n\u00fck \u00e7al\u0131\u015fmalar yaparken bir taraftan pozitif birikimimizi, olumlu ge\u00e7mi\u015fimizi ve halihaz\u0131rdaki imkanlar\u0131m\u0131z\u0131 tan\u0131tmak, di\u011fer taraftan da elbette T\u00fcrkiye&#8217;ye kar\u015f\u0131 birtak\u0131m mahfillerden kaynaklanan olumsuz tezlere, dezenformasyon \u00e7abalar\u0131na, kara propaganda giri\u015fimlerine de kar\u015f\u0131 m\u00fccadele etmek \u00f6nemli fonksiyonumuz.&#8221;<\/p>\n<p>&#8220;C\u0130MER s\u00fcrecinin k\u0131salmas\u0131 i\u00e7in gayret sarf ediyoruz&#8221;<\/p>\n<p>Altun, devlet ve millet aras\u0131ndaki ileti\u015fimi daha nitelikli hale getirmek i\u00e7in halk\u0131n taleplerini, h\u00fck\u00fcmetin ilgili organlar\u0131na, birimlerine ula\u015ft\u0131rmak noktas\u0131nda ciddi bir fonksiyon \u00fcstlenmeye \u00e7al\u0131\u015ft\u0131klar\u0131n\u0131, C\u0130MER&#8217;in bu anlamda kat\u0131l\u0131mc\u0131 demokrasinin son derece nitelikli \u00f6rneklerinden biri oldu\u011funu belirtti.\u00a0<\/p>\n<p>\u0130leti\u015fim Ba\u015fkan\u0131 Altun, C\u0130MER&#8217;e 2019&#8217;un Eyl\u00fcl ay\u0131na kadar 2 milyon 270 bin olan ba\u015fvuru say\u0131s\u0131n\u0131n d\u00fcn itibar\u0131yla 2020 y\u0131l\u0131nda 4 milyon 270 bine y\u00fckseldi\u011fini belirterek, \u015f\u00f6yle devam etti:<\/p>\n<p>&#8220;Yani y\u00fczde 90&#8217;l\u0131k bir art\u0131\u015ftan bahsediyoruz. Bu anlamda bakt\u0131\u011f\u0131m\u0131zda taleplerin, yeri geldi\u011finde \u015fikayetlerin g\u00fcndeme geldi\u011fini g\u00f6rebiliyoruz. C\u0130MER \u00fczerinden gelen talepleri, yeri geldi\u011finde \u015fikayetleri ilgili kurumlara y\u00f6nlediriyoruz, ilgili kurumlar cevaplar\u0131n\u0131 veriyorlar, aksiyonlar\u0131n\u0131 al\u0131yorlar ve bir \u015fekilde bu anlamda sa\u011fl\u0131kl\u0131, nitelikli bir s\u00fcre\u00e7 i\u015fliyor. Biz bu s\u00fcrecin daha da k\u0131salmas\u0131n\u0131, daha da etkin bir \u015fekilde i\u015flemesini sa\u011flamaya d\u00f6n\u00fck yo\u011fun gayret sarfediyoruz.&#8221;<\/p>\n<p>Altun, yabanc\u0131 misafirlerine C\u0130MER&#8217;i anlatt\u0131klar\u0131nda \u00e7ok olumlu d\u00f6n\u00fc\u015fler ald\u0131klar\u0131n\u0131 vurgulayarak, &#8220;\u00d6n\u00fcm\u00fczdeki d\u00f6nemde C\u0130MER modelini farkl\u0131 \u00fclkelere tabiri caiz ise ihra\u00e7 etmeye, bir anlamda da o \u00fclke demokrasilerine kat\u0131l\u0131mc\u0131 bir k\u00fclt\u00fcr geli\u015ftirmek \u00fczere sunmak istiyoruz. Bu noktada da her t\u00fcrl\u00fc i\u015f birli\u011fine a\u00e7\u0131k oldu\u011fumuzu da muhattaplar\u0131m\u0131za net olarak ifade ediyoruz.&#8221; diye konu\u015ftu.\u00a0<\/p>\n<p>&#8220;C\u0130MER&#8217;in T\u00fcrkiye&#8217;deki pozisyonu uluslararas\u0131 alanda da takdir edilen bir s\u00fcre\u00e7&#8221;<\/p>\n<p>Altun, C\u0130MER&#8217;in sadece bireysel ba\u015fvurular\u0131n al\u0131nd\u0131\u011f\u0131 bir platform de\u011fil, ayn\u0131 zamanda ger\u00e7ek anlamda milletin kendilerini nas\u0131l g\u00f6rd\u00fc\u011f\u00fcyle ilgili \u00e7ok ger\u00e7ek bir veri b\u00fct\u00fcn\u00fc oldu\u011funu s\u00f6yledi.\u00a0<\/p>\n<p>Bu verinin analizi \u00fczerinden hangi alanlara daha fazla yo\u011funla\u015fmak gerekti\u011fi, hangi meselelerde, hangi ad\u0131mlar\u0131n at\u0131lmas\u0131 gerekti\u011fiyle alakal\u0131 \u00f6nlerine \u00e7ok net bir rehber \u00e7\u0131kt\u0131\u011f\u0131n\u0131 aktaran Altun, \u015funlar\u0131 kaydetti:<\/p>\n<p>&#8220;Say\u0131n Cumhurba\u015fkan\u0131m\u0131z bu konuda son derece hassast\u0131r. Kamuoyunun yakla\u015f\u0131m\u0131n\u0131, temel meselelere verdi\u011fi reflekslerin ne oldu\u011funu anlamak, dinlemek noktas\u0131nda \u00e7ok net bir perspektife sahiptir. C\u0130MER de bu noktada \u00e7ok \u00f6nemli bir zemin sa\u011fl\u0131yor.<\/p>\n<p>C\u0130MER s\u00fcre\u00e7lerini y\u00f6netirken \u00f6n\u00fcm\u00fcze koydu\u011fumuz iki temel ba\u015far\u0131 kriteri var. Birincisi ba\u015fvurular\u0131n en h\u0131zl\u0131, etkin \u015fekilde sonu\u00e7land\u0131r\u0131lmas\u0131, ikincisi de ilgili kurumlar\u0131n C\u0130MER \u00e7er\u00e7evesinde kendilerine gelen talepleri, \u015fikayetleri yerli yerinde kar\u015f\u0131lad\u0131klar\u0131n\u0131n tam olarak garanti alt\u0131na al\u0131nmas\u0131. Nihayetinde bu ya\u015fayan, dinamik bir s\u00fcre\u00e7 fakat bu noktada C\u0130MER&#8217;in T\u00fcrkiye&#8217;deki pozisyonu uluslararas\u0131 alanda da takdir edilen bir s\u00fcre\u00e7. Bu noktada farkl\u0131 \u00f6d\u00fcller de ald\u0131 C\u0130MER. Hem Birle\u015fmi\u015f Milletler Telekom\u00fcnikasyon Ajans\u0131ndan hem Uluslararas\u0131 Halkla \u0130li\u015fkiler Derne\u011finden alt\u0131n madalya, birincilik \u00f6d\u00fclleri ald\u0131. Bu noktada C\u0130MER&#8217;in uluslararas\u0131 alandaki ba\u015far\u0131s\u0131 tescillendik\u00e7e biz de bu s\u00fcrece ili\u015fkin daha da fazla yat\u0131r\u0131m gerekti\u011fini de g\u00f6r\u00fcyoruz. Ama g\u00fcn sonunda \u015funu \u00e7ok a\u00e7\u0131k ve net \u015fekilde s\u00f6ylememiz laz\u0131m, nihayetinde Say\u0131n Cumhurba\u015fkan\u0131m\u0131z\u0131n y\u00f6netim modeli, halk\u0131m\u0131z\u0131n istek, talep ve y\u00f6nlendirmelerine ba\u011fl\u0131 olarak \u015fekillenen bir modeldir. Dolay\u0131s\u0131yla C\u0130MER de bunun arac\u0131 bir platformdur.&#8221;<\/p>\n<p>C\u0130MER&#8217;in geli\u015ftirilmesinde Cumhurba\u015fkan\u0131 Recep Tayyip Erdo\u011fan&#8217;\u0131n \u00e7ok net katk\u0131s\u0131n\u0131n oldu\u011funu aktaran Altun, bu platformu geli\u015ftirmek noktas\u0131nda \u00e7al\u0131\u015fmalar\u0131n\u0131 s\u00fcrd\u00fcrd\u00fcklerini aktard\u0131.<\/p>\n<p>&#8220;Devletin s\u00f6ylem birli\u011fini tesis etmek&#8221;<\/p>\n<p>Altun, \u0130leti\u015fim Ba\u015fkanl\u0131\u011f\u0131n\u0131n bir ba\u015fka fonksiyonunun da medya alan\u0131n\u0131n reg\u00fclasyonu oldu\u011funu ifade ederek, bas\u0131n meslek alan\u0131nda profesyonellerin \u00e7al\u0131\u015fma ko\u015fullar\u0131n\u0131n iyile\u015ftirilmesinden akreditasyonlar\u0131n\u0131n y\u00fcr\u00fct\u00fclmesine, medya sekt\u00f6r\u00fcn\u00fcn yeni d\u00f6n\u00fc\u015f\u00fcmlere haz\u0131rlanmas\u0131na kadar bu noktada ciddi bir fonksiyon icra etmeye \u00e7al\u0131\u015ft\u0131klar\u0131n\u0131 s\u00f6yledi.\u00a0<\/p>\n<p>Bir taraftan da medyan\u0131n bilgilendirilmesi noktas\u0131nda da bir gayret sarf ettiklerini dile getiren Altun, \u015fu de\u011ferlendirmelerde bulundu:<\/p>\n<p>&#8220;Devletin s\u00f6ylem birli\u011fini tesis etmek ve bu anlamda kamu kurum ve kurulu\u015flar\u0131n\u0131n kamusal ileti\u015fim standartlar\u0131n\u0131 belirlemek ve y\u00fcr\u00fctmek bizim \u00f6nemli fonksiyonlar\u0131m\u0131zdan biri. Bu noktada kamuoyunun do\u011fru bilgilendirilmesini temin etmek, hi\u00e7 ku\u015fkusuz h\u00fck\u00fcmetimizin en \u00f6nemli fonksiyonlar\u0131ndan biri. Bunu y\u00fcr\u00fct\u00fcrken tabii ki esas olan bir s\u00f6ylem birli\u011finin tesis edilmesidir. S\u00f6ylemsel da\u011f\u0131n\u0131kl\u0131k esas\u0131nda sadece kamuoyunu yanl\u0131\u015f bilgilendirmeyi beraberinde getirmez, ayn\u0131 zamanda bu stratejik k\u00fclt\u00fcr a\u00e7\u0131s\u0131ndan da son derece \u00f6nemlidir. Sizi d\u0131\u015f g\u00fc\u00e7lerin manip\u00fclasyonuna, m\u00fcdahalesine a\u00e7\u0131k hale getirir. Bu noktada devletin s\u00f6ylem birli\u011finin tesisi olduk\u00e7a stratejik ve milli g\u00fcvenli\u011fimizle ilgili de bir meseledir. Dolay\u0131s\u0131yla bu fonksiyonunun icra edilmesi hususunda da gayret sarf ediyoruz Say\u0131n Cumhurba\u015fkan\u0131m\u0131z\u0131n talimatlar\u0131yla.&#8221;\u00a0<\/p>\n<p>Ya\u015fanan herhangi bir sorun ya da a\u00e7\u0131klanacak olumlu geli\u015fmenin de kurumun uhdesinde bulundu\u011funu dile getiren Altun, bunun b\u00fct\u00fcn a\u00e7\u0131klamalar\u0131n \u0130leti\u015fim Ba\u015fkanl\u0131\u011f\u0131nca yap\u0131laca\u011f\u0131 anlam\u0131na gelmedi\u011fini kaydetti.<\/p>\n<p>Altun, bakanl\u0131klar, ba\u015fkanl\u0131klar, ofisler ve politika kurullar\u0131n\u0131n kendi faaliyet alanlar\u0131yla ilgili a\u00e7\u0131klamalar yapt\u0131\u011f\u0131n\u0131, kamuoyunu bilgilendirdiklerini vurgulayarak, yeni h\u00fck\u00fcmet sistemiyle Cumhurba\u015fkan\u0131 Recep Tayyip Erdo\u011fan&#8217;\u0131n talimatlar\u0131yla bu s\u00fcrecin bir koordinasyon, e\u015f g\u00fcd\u00fcm i\u00e7inde i\u015flemesi i\u00e7in kurumun kolayla\u015ft\u0131r\u0131c\u0131 vazifesi g\u00f6rd\u00fc\u011f\u00fcn\u00fc anlatt\u0131.<\/p>\n<p>Altun, hedeflenenin, \u00e7o\u011fulcu bir mant\u0131\u011f\u0131, bir s\u00f6ylem birli\u011fi etraf\u0131nda kamuoyuyla payla\u015fmak oldu\u011funu, bunun i\u00e7in de kurumun kuruldu\u011funu dile getirdi.\u00a0<\/p>\n<p>&#8220;T\u00fcrkiye, iddia sahibi olarak ortaya \u00e7\u0131kt\u0131 ve b\u00f6lgesel bir g\u00fcce d\u00f6n\u00fc\u015ft\u00fc&#8221;<\/p>\n<p>\u0130leti\u015fim Ba\u015fkan\u0131 Fahrettin Altun, Stratejik \u0130leti\u015fim ve Kriz Y\u00f6netimi Dairesi Ba\u015fkanl\u0131\u011f\u0131&#8217;n\u0131n kurulmas\u0131na ili\u015fkin soru \u00fczerine, kara propagandayla m\u00fccadelenin faaliyet alanlar\u0131nda oldu\u011funu s\u00f6yledi.<\/p>\n<p>T\u00fcrkiye&#8217;nin, Cumhurba\u015fkan\u0131 Erdo\u011fan&#8217;\u0131n liderli\u011finde \u00e7ok ciddi bir d\u00f6n\u00fc\u015f\u00fcm ge\u00e7irdi\u011fini, 2002 sonras\u0131nda ya\u015fanan bu d\u00f6n\u00fc\u015f\u00fcm\u00fcn \u00fclkeyi adeta yeni bir lige ta\u015f\u0131d\u0131\u011f\u0131n\u0131 belirten Altun, \u015f\u00f6yle devam etti:<\/p>\n<p>&#8220;T\u00fcrkiye yeni d\u00f6nemde eski d\u00f6nemden farkl\u0131 olarak ekonomi, d\u0131\u015f politika ve g\u00fcvenlik alanlar\u0131nda adeta \u00f6zerkle\u015fti. Kendi \u00f6zg\u00fcn politikalar\u0131n\u0131 milli \u00e7\u0131karlar\u0131 etraf\u0131nda hayata ge\u00e7irebilir hale geldi. \u0130ddia sahibi olarak ortaya \u00e7\u0131kt\u0131 ve b\u00f6lgesel bir g\u00fcce d\u00f6n\u00fc\u015ft\u00fc. T\u00fcrkiye&#8217;nin b\u00f6lgesel g\u00fcce d\u00f6n\u00fc\u015fmesi uluslararas\u0131 alanda denklemleri de\u011fi\u015ftirdi. Bu ciddi rahats\u0131zl\u0131klar\u0131 da beraberinde getirdi. Ba\u011f\u0131ml\u0131l\u0131k tuza\u011f\u0131 i\u00e7erisindeki bir T\u00fcrkiye, \u00f6ng\u00f6r\u00fclebilir bir T\u00fcrkiye, tamamen belli Bat\u0131 ba\u015fkentlerinden emir alan bir T\u00fcrkiye baz\u0131 d\u0131\u015f mahfiller a\u00e7\u0131s\u0131ndan tercih edilebilir bir T\u00fcrkiye&#8217;ydi. Fakat Cumhurba\u015fkan\u0131m\u0131z\u0131n siyasi liderli\u011fi, milletimize, halk\u0131m\u0131za s\u00fcrekli a\u00e7\u0131k\u00e7a beyan etti\u011fi siyaset felsefesi tam da bu yakla\u015f\u0131mla m\u00fccadele esas\u0131na dayan\u0131yordu. Bu yakla\u015f\u0131mla m\u00fccadele ede ede, kavga ede ede Say\u0131n Cumhurba\u015fkan\u0131m\u0131z\u0131n siyaset felsefesi adeta galip geldi ve T\u00fcrkiye bir yandan ekonomide, bir yandan d\u0131\u015f politikada, bir yandan g\u00fcvenlik politikalar\u0131nda bir \u00f6zerkle\u015fme ya\u015fad\u0131. Bu s\u00fcre\u00e7 beraberinde vesayetten ayr\u0131lma s\u00fcreciyle birlikte i\u015fledi. Bir demokratikle\u015fme s\u00fcreciyle beraber i\u015fledi.&#8221;<\/p>\n<p>Altun, halk\u0131n iktidar\u0131n merkezine oturdu\u011fu bir s\u00fcre\u00e7 ya\u015fand\u0131\u011f\u0131n\u0131, bunlar\u0131n da T\u00fcrkiye&#8217;nin d\u00f6n\u00fc\u015ft\u00fc\u011f\u00fc bir foto\u011fraf\u0131 g\u00f6sterdi\u011fini anlatarak, bu d\u00f6n\u00fc\u015f\u00fcm\u00fcn stratejik sonucunda da T\u00fcrkiye&#8217;nin b\u00f6lgesel bir g\u00fc\u00e7 oldu\u011funu kaydetti.<\/p>\n<p>B\u00f6lgesinde etkin bir akt\u00f6r olan T\u00fcrkiye&#8217;nin \u00f6n\u00fcne yeni olan k\u00fcresel bir g\u00fc\u00e7 olma hedefini koydu\u011funu ifade eden Altun, bu a\u00e7\u0131dan at\u0131lan ad\u0131mlardan da \u00a0rahats\u0131zl\u0131k duyuldu\u011funu s\u00f6yledi.\u00a0<\/p>\n<p>Altun, &#8220;E\u011fer siz bir g\u00fc\u00e7 m\u00fccadelesine giriyorsan\u0131z, bu m\u00fccadelede ben de var\u0131m diyorsan\u0131z, birilerinin size hi\u00e7 ad\u0131m atmadan, herhangi bir \u015fekilde m\u00fccadele vermeden, &#8216;Buyrun gelin sizde ba\u015f k\u00f6\u015feye oturun&#8217; demesini beklememelisiniz. Burada bir m\u00fccadele s\u00fcreci s\u00f6z konusudur.&#8221; dedi.<\/p>\n<p>Bu m\u00fccadele s\u00fcrecini T\u00fcrkiye&#8217;nin \u00f6n\u00fcne koyulmaya \u00e7al\u0131\u015f\u0131lan engellerde g\u00f6rd\u00fcklerini, son 7-8 y\u0131ld\u0131r ya\u015fananlar\u0131n bunun bir \u00f6zeti oldu\u011funu, 2013&#8217;teki Gezi kalk\u0131\u015fmas\u0131n\u0131n T\u00fcrkiye&#8217;nin b\u00f6lgesel g\u00fc\u00e7 olmaktan k\u00fcresel g\u00fc\u00e7 olmas\u0131na do\u011fru y\u00fcr\u00fcy\u00fc\u015f\u00fcn\u00fc engellemeye y\u00f6nelik bir giri\u015fim oldu\u011funu belirten Altun, 17-25 Aral\u0131k kumpas giri\u015fiminin, 6-8 Ekim olaylar\u0131n\u0131n bunun ba\u015fka bir yans\u0131mas\u0131 oldu\u011funu s\u00f6yledi.<\/p>\n<p>Altun, oryantasyonlar\u0131 farkl\u0131 olan ter\u00f6r \u00f6rg\u00fctleri DEA\u015e&#8217;\u0131n, PKK&#8217;n\u0131n ve FET\u00d6&#8217;n\u00fcn bir araya gelerek ortak hareket edip, T\u00fcrkiye&#8217;de ard\u0131 ard\u0131na ter\u00f6r faaliyetlerine girmesinin bunun ba\u015fka bir yans\u0131mas\u0131 oldu\u011funa i\u015faret etti.\u00a0<\/p>\n<p>15 Temmuz darbe giri\u015fiminin de T\u00fcrkiye&#8217;nin uluslararas\u0131 alandaki stratejik pozisyonuna kar\u015f\u0131 at\u0131lan bir ad\u0131m oldu\u011funu dile getiren Altun, Cumhurba\u015fkan\u0131 Erdo\u011fan&#8217;\u0131n liderli\u011finin bu anlamda T\u00fcrkiye&#8217;nin bu y\u00fcr\u00fcy\u00fc\u015f\u00fcn\u00fc daha tahkim etmek ve kavi hale getirmekle ilgili oldu\u011funu, bunu yaparken de meydan okumalarla ve engellerle kar\u015f\u0131la\u015ft\u0131\u011f\u0131n\u0131 anlatt\u0131.<\/p>\n<p>&#8220;Sokak kalk\u0131\u015fmalar\u0131na, darbe giri\u015fimlerine zemin haz\u0131rlayanlar ortadan kalkmad\u0131&#8221;<\/p>\n<p>Prof. Dr. Fahrettin Altun, bu engelleri \u00fcretmeye, bu bentleri \u00e7ekmeye \u00e7al\u0131\u015fanlar\u0131n, T\u00fcrkiye&#8217;de sokak kalk\u0131\u015fmalar\u0131ndan darbe giri\u015fimlerine, ter\u00f6r eylemlerine kadar bir \u00e7ok olumsuz hadiseye zemin haz\u0131rlayanlar\u0131n ortadan kalkmad\u0131\u011f\u0131n\u0131 belirterek, konu\u015fmas\u0131n\u0131 \u015f\u00f6yle s\u00fcrd\u00fcrd\u00fc:<\/p>\n<p>&#8220;Bu mahfiller hala varlar. Bir yerlerde T\u00fcrkiye kar\u015f\u0131t\u0131 pozisyonlar\u0131n\u0131 s\u00fcrd\u00fcrmeye gayret sarfediyorlar. Bunu yaparlarken ellerindeki y\u00fcr\u00fctt\u00fckleri m\u00fccadele T\u00fcrkiye&#8217;ye kar\u015f\u0131 bir olumsuz ileti\u015fim enformasyon sava\u015f\u0131 \u00fcretmek ve y\u00fcr\u00fctmek. Kara propaganda, dezenformasyon faaliyetleri y\u00fcr\u00fctmek. Bunlara kar\u015f\u0131 bizim elbette bir m\u00fccadele zorunlulu\u011fumuz var. Bu m\u00fccadele reaksiyonel, tepkisel bir m\u00fccadele olamaz. Proaktif bir m\u00fccadele olmas\u0131 gerekir. Bu anlamda bakt\u0131\u011f\u0131m\u0131zda Stratejik \u0130leti\u015fim ve Kriz Y\u00f6netimi Dairesi tam da bu fonksiyonu icra etmek \u00fczere uluslararas\u0131 alanda T\u00fcrkiye&#8217;ye kar\u015f\u0131 y\u00fcr\u00fct\u00fclen bu kara propaganda sava\u015f\u0131na kar\u015f\u0131 faaliyet y\u00fcr\u00fctmek \u00fczere konumland\u0131r\u0131lm\u0131\u015ft\u0131r. Bu kara propaganda faaliyetlerini y\u00fcr\u00fctenlerin i\u015fbirlik\u00e7ilerinin net olarak te\u015fhis edilmesi ve i\u015fbirlik\u00e7ileriyle devlet ad\u0131na, halk ad\u0131na m\u00fccadele edilmesi i\u00e7in kurulmu\u015f bir yap\u0131d\u0131r. Bu demokrasimizi, \u00fclkemizi g\u00fc\u00e7lendirecek bir ad\u0131md\u0131r, bir yap\u0131d\u0131r. Buradan farkl\u0131 anlamlar \u00e7\u0131karmak, bundan rahats\u0131zl\u0131k duymak e\u011fer iyi niyetliyseniz anlaml\u0131 de\u011fil. T\u00fcrkiye&#8217;ye kar\u015f\u0131 y\u00fcr\u00fct\u00fclen bu propaganda sava\u015f\u0131n\u0131, y\u0131pratma sava\u015f\u0131n\u0131 benimsiyorsan\u0131z, bu farkl\u0131 siyasi ideolojik saiklerle size s\u0131cak geliyorsa T\u00fcrkiye&#8217;de oldu\u011funuz, faaliyet g\u00f6sterdi\u011finiz halde o taktirde bu ad\u0131mdan, bu faaliyetten tabiki rahats\u0131zl\u0131k duyars\u0131n\u0131z. Cumhurba\u015fkan\u0131m\u0131z b\u00f6yle bir yap\u0131y\u0131 kurarken, tam anlam\u0131yla bu y\u00fcr\u00fct\u00fclen enformasyon sava\u015f\u0131na, kara propagandayla m\u00fccadele sava\u015f\u0131na daha etkin bir yap\u0131lanma kavu\u015fturmak i\u00e7in bu ad\u0131m\u0131 atm\u0131\u015ft\u0131r.&#8221;<\/p>\n<p>Bu yap\u0131n\u0131n ele\u015ftirilmesine ili\u015fkin Altun, b\u00f6yle bir daire ba\u015fkanl\u0131\u011f\u0131n\u0131n her \u015feyden \u00f6nce \u00fclkenin be\u015finci kol faaliyeti yap\u0131labilen bir \u00fclke olmad\u0131\u011f\u0131n\u0131 ortaya koydu\u011funu, farkl\u0131 meslek adlar\u0131 alt\u0131nda farkl\u0131 \u00fclkelerin n\u00fcfuz ajanl\u0131\u011f\u0131 yap\u0131labilen bir \u00fclke olmad\u0131\u011f\u0131 g\u00f6sterdi\u011fini kaydetti.<\/p>\n<p>&#8220;Psikolojik harekat yap\u0131laca\u011f\u0131 s\u00f6ylemleriyle kamuoyu yan\u0131lt\u0131l\u0131yor&#8221;\u00a0<\/p>\n<p>Altun, bu daireyle, do\u011frudan psikolojik harekat ve harp yap\u0131laca\u011f\u0131 gibi s\u00f6ylemlerle kamuoyunu yan\u0131ltmaya \u00e7al\u0131\u015fanlar\u0131n, &#8220;Uzun y\u0131llar, 2002 \u00f6ncesinde T\u00fcrkiye&#8217;de halka kar\u015f\u0131 psikolojik harekat yap\u0131lan bir k\u00fclt\u00fcr\u00fcn i\u00e7inden geliyoruz.&#8221; itiraf\u0131nda bulunduklar\u0131n\u0131, &#8220;Bir d\u00f6nem devletin halka kar\u015f\u0131 yapt\u0131\u011f\u0131 bu k\u00fclt\u00fcr yeniden g\u00fcndeme geliyor&#8221; iddias\u0131n\u0131 ortaya koyduklar\u0131n\u0131 aktard\u0131.\u00a0<\/p>\n<p>Devletin \u00e7\u0131kanlar\u0131n\u0131 halk ve millet ad\u0131na savunmak i\u00e7in b\u00f6yle bir giri\u015fimde bulunuldu\u011funu dile getiren Altun, &#8220;Birileri propaganda sava\u015f\u0131 y\u00fcr\u00fct\u00fcrken, ter\u00f6r \u00f6rg\u00fctleri propaganda sava\u015f\u0131n\u0131 y\u00fcr\u00fct\u00fcrken, ter\u00f6r \u00f6rg\u00fctlerinin hamileri bir tak\u0131m ba\u015fkentlerde medya organlar\u0131 \u00fczerinden bu s\u00f6ylemleri bize boca etmeye \u00e7al\u0131\u015f\u0131rken, bunlar\u0131n bir tak\u0131m i\u015fbirlik\u00e7ileri burada be\u015finci kol faaliyeti y\u00fcr\u00fcterek, bu faaliyetlere h\u0131z verirken devletimizin bunlar\u0131 seyretmesi s\u00f6z konusu olamaz. Burada medya alan\u0131nda y\u00fcr\u00fcyen bir faaliyet var. Kamu otoritesi olarak elbette faaliyet g\u00f6stermek zorunday\u0131z.&#8221; diye konu\u015ftu.<\/p>\n<p>&#8220;Bunu bir y\u0131pratma kampanyas\u0131 olarak de\u011ferlendiriyorum&#8221;<\/p>\n<p>\u0130leti\u015fim Ba\u015fkan\u0131 Fahrettin Altun, kuruma ve kendisine y\u00f6nelik ele\u015ftirilerle ilgili, meslek hayat\u0131 boyunca ele\u015ftirilerden \u00e7ok istifade etti\u011fini, siyasette de ele\u015ftirinin \u00e7ok k\u0131ymetli oldu\u011funu belirterek, ele\u015ftirinin hakaretten, iftiralardan, mesnetsiz iddialardan, sistematik yalan kampanyalar\u0131ndan ayr\u0131lmas\u0131 gerekti\u011fini s\u00f6yledi.<\/p>\n<p>Nitelikli ele\u015ftirilerle de kar\u015f\u0131la\u015ft\u0131\u011f\u0131n\u0131 dile getiren Altun, \u015f\u00f6yle konu\u015ftu:<\/p>\n<p>&#8220;Cumhurba\u015fkan\u0131m\u0131z\u0131n kurumumuza \u00e7izdi\u011fi hedefler, bu do\u011frultuda ula\u015fmaya \u00e7al\u0131\u015ft\u0131\u011f\u0131m\u0131z idealler u\u011fruna gayret sarfederken burada mesnetsiz iddialarla, yalanlarla muhatap oldu\u011funuzda bunu ele\u015ftiri olarak g\u00f6rmeniz m\u00fcmk\u00fcn de\u011fil. Bunu bir y\u0131pratma kampanyas\u0131 olarak de\u011ferlendiriyorum. Bu kampanyaya kar\u015f\u0131 da hi\u00e7 bir \u015fekilde bug\u00fcne kadar da prim vermedi\u011fimizi d\u00fc\u015f\u00fcn\u00fcyorum. \u00d6zel hayat\u0131m\u0131zla alakal\u0131 olarak hi\u00e7bir \u015fekilde olmamas\u0131 gereken m\u00fcdahalelerin yap\u0131lmaya \u00e7al\u0131\u015f\u0131ld\u0131\u011f\u0131n\u0131, hi\u00e7bir \u015fekilde kabul edilemeyecek \u015fekilde yakla\u015f\u0131mlarla y\u0131pratma sava\u015f\u0131na muhatap oldu\u011fumuzu da b\u00fct\u00fcn kamuoyu g\u00f6rd\u00fc. &#8220;<\/p>\n<p>Altun, bug\u00fcne kadar hi\u00e7bir a\u00e7\u0131klama yapmad\u0131\u011f\u0131n\u0131, bireysel olarak kar\u015f\u0131 kar\u015f\u0131ya kald\u0131klar\u0131 mesnetsiz iddialarla ilgili kamuoyunu hi\u00e7bir \u015fekilde me\u015fgul etmedi\u011fini belirterek, kuruma y\u00f6nelik mesnetsiz iddialarla ilgili kurumun ve kendisinin de a\u00e7\u0131klamalar yapt\u0131\u011f\u0131n\u0131, kamuoyunun \u00e7ok daha \u00f6nemli ve kritik meseleler varken me\u015fgul etti\u011fi i\u00e7in \u00fcz\u00fcld\u00fc\u011f\u00fcn\u00fc kaydetti.<\/p>\n<p>\u0130\u015flerinin, \u00fclkenin tan\u0131t\u0131m\u0131n\u0131 yapmak, \u00fclkeye kar\u015f\u0131 yap\u0131lan kara propagandayla m\u00fccadele etmek, \u00fclke ve devlet aras\u0131ndaki ili\u015fki ve etkile\u015fimi daha da nitelikli hale getirmek, devletin s\u00f6ylem birli\u011fini tesis etmek oldu\u011funu aktaran Altun, bunlar\u0131n milletin ve devletin menfaatine ad\u0131mlar oldu\u011fu s\u00f6yledi.\u00a0<\/p>\n<p>Cumhurba\u015fkan\u0131na ve millete mah\u00e7up olmamak i\u00e7in gayret g\u00f6sterdiklerini anlatan Altun, &#8220;Y\u0131ld\u0131rma, geriletme, susturma amac\u0131yla yap\u0131lan bana, kurumumdaki di\u011fer arkada\u015flar\u0131ma bu \u00e7abalar\u0131n bizim nazar\u0131m\u0131zda hi\u00e7bir h\u00fckm\u00fc yok. Biz zaten gayretimizden, niyetimizden geri ad\u0131m atm\u0131yoruz.&#8221; diye konu\u015ftu.<\/p>\n<p>Altun, mesnetsiz iddialarla ilgili belli merkezlerde kurgulan\u0131p talimatlar\u0131n verildi\u011fini, karalama kampanyalar\u0131n\u0131n yo\u011fun bir \u015fekilde ba\u015flad\u0131\u011f\u0131n\u0131n da kamuoyuna yans\u0131d\u0131\u011f\u0131n\u0131 dile getirdi.<\/p>\n<p>\u0130leti\u015fim Ba\u015fkanl\u0131\u011f\u0131nca d\u00fczenlenen Uluslararas\u0131 Do\u011fu Akdeniz Konferans\u0131&#8217;n\u0131n, T\u00fcrkiye&#8217;nin Do\u011fu Akdeniz politikas\u0131n\u0131 d\u00fcnyaya aktarmak \u00fczere ger\u00e7ekle\u015ftirildi\u011fini anlatan Altun, konferansta T\u00fcrkiye&#8217;nin tezlerinin d\u00fcnyaya aktar\u0131ld\u0131\u011f\u0131n\u0131, bu t\u00fcr organizasyonlarda kurulan i\u015f birli\u011finin \u00fclke lehine kullan\u0131labildi\u011fini s\u00f6yledi.<\/p>\n<p>\u0130leti\u015fim Ba\u015fkanl\u0131\u011f\u0131n\u0131n Rus\u00e7a Twitter hesab\u0131 a\u00e7mas\u0131n\u0131n \u00f6zel bir anlam\u0131 olup olmad\u0131\u011f\u0131 sorusu \u00fczerine Altun, Rusya&#8217;n\u0131n T\u00fcrkiye&#8217;nin \u00f6nemli stratejik ili\u015fkiler kurdu\u011fu bir \u00fclke oldu\u011funu vurgulad\u0131. \u0130leti\u015fim Ba\u015fkanl\u0131\u011f\u0131n\u0131n 30&#8217;a yak\u0131n dilde faaliyetleri oldu\u011funu kaydeden Altun, farkl\u0131 kamuoylar\u0131n\u0131n g\u00fcndemlerini de T\u00fcrkiye&#8217;ye aktarmaya \u00e7al\u0131\u015ft\u0131klar\u0131n\u0131n alt\u0131n\u0131 \u00e7izdi.<\/p>\n<p>Altun, bas\u0131n taramalar\u0131 yapt\u0131klar\u0131n\u0131, ikili ili\u015fkilerin geli\u015ftirilmesi noktas\u0131nda kurulan sosyal ili\u015fki a\u011flar\u0131n\u0131n faydas\u0131n\u0131 g\u00f6rd\u00fcklerini vurgulad\u0131. T\u00fcrkiye&#8217;nin tezlerini di\u011fer \u00fclkelerdeki kamuoyunun dikkatini \u00e7ekecek \u015fekilde aktarmaya \u00e7al\u0131\u015ft\u0131klar\u0131n\u0131 belirten Altun, T\u00fcrkiye&#8217;nin kendisini anlatmas\u0131n\u0131n en \u00f6nemli fonksiyonlar\u0131 oldu\u011funu dile getirdi.<\/p>\n<p>T\u00fcrkiye&#8217;nin ciddi bir sahada m\u00fccadele verdi\u011fini vurgulayan Altun, &#8220;Bu, g\u00fc\u00e7l\u00fc siyasi liderlikle verilen bir m\u00fccadeledir. Bu m\u00fccadelenin hat\u0131r\u0131na biz bu anlamda uluslararas\u0131 itibar ba\u015far\u0131s\u0131 elde ediyoruz. T\u00fcrkiye&#8217;nin sahada ve buna ba\u011fl\u0131 olarak masada elde etti\u011fi kazan\u0131mlar, ileti\u015fim taraf\u0131na da yans\u0131mas\u0131n\u0131 buluyor. Bu y\u00f6n\u00fcyle evet kamu diplomasisi \u00e7ok hayatidir fakat kamu diplomasisi faaliyetlerimiz ba\u015fta olmak \u00fczere, bizim i\u00e7in en kritik unsur lider diplomasisidir.&#8221; diye konu\u015ftu.<\/p>\n<p>Altun, Cumhurba\u015fkan\u0131 Recep Tayyip Erdo\u011fan&#8217;\u0131n g\u00f6r\u00fc\u015fme yapaca\u011f\u0131 \u00fclkelerin liderlerine o \u00fclkenin dilinde kitap\u00e7\u0131klar haz\u0131rlad\u0131klar\u0131n\u0131 anlatarak, \u015fu bilgileri verdi:<\/p>\n<p>&#8220;Lider diplomasisiyle Say\u0131n Cumhurba\u015fkan\u0131m\u0131z\u0131n y\u00fcr\u00fctt\u00fc\u011f\u00fc diplomasiyle biz uluslararas\u0131 alanda, ger\u00e7ek anlamda bir lig atlad\u0131k. \u015eu an itibar\u0131yla T\u00fcrkiye, d\u00fcnyan\u0131n temel, kritik meselelerinde, ortaya \u00e7\u0131kan krizlerde fikri mutlaka al\u0131nmas\u0131 gereken bir \u00fclke konumuna gelmi\u015ftir. Bu, Say\u0131n Cumhurba\u015fkan\u0131m\u0131z\u0131n aktif, giri\u015fimci d\u0131\u015f politikas\u0131 sayesindedir, y\u00fcr\u00fctt\u00fc\u011f\u00fc lider diplomasisi sayesindedir.&#8221;<\/p>\n<p>Dijital G\u00f6sterim Merkezlerinde teknolojinin son imkanlar\u0131n\u0131n kullan\u0131ld\u0131\u011f\u0131n\u0131 anlatan Altun, farkl\u0131 b\u00f6lgelerde kurulan bu merkezlerde vatanda\u015flara g\u00fcndeme ili\u015fkin sunumlar yap\u0131ld\u0131\u011f\u0131n\u0131 s\u00f6yledi.<\/p>\n<p>AA ve TRT&#8217;nin \u00e7al\u0131\u015fmalar\u0131<\/p>\n<p>\u0130leti\u015fim Ba\u015fkan\u0131 Altun, soru \u00fczerine, Anadolu Ajans\u0131 (AA) ve TRT&#8217;nin T\u00fcrkiye&#8217;nin k\u00f6kl\u00fc kurumlar\u0131 oldu\u011funu hat\u0131rlatt\u0131. AA ve TRT&#8217;nin, T\u00fcrkiye&#8217;nin tezlerinin d\u00fcnyaya aktar\u0131lmas\u0131nda kritik kurumlar oldu\u011funun alt\u0131n\u0131 \u00e7izen Altun, \u015funlar\u0131 kaydetti:<\/p>\n<p>&#8220;Anadolu Ajans\u0131n\u0131n farkl\u0131 dillerde y\u00fcr\u00fctt\u00fc\u011f\u00fc yay\u0131nlar, anl\u0131k olarak T\u00fcrkiye&#8217;nin tezlerini d\u00fcnyaya anlatmak noktas\u0131nda son derece kritik bir mecra konumunda. Anadolu Ajans\u0131n\u0131n foto\u011fraf servisi, b\u00fct\u00fcn d\u00fcnyada \u00f6rd\u00fc\u011f\u00fc a\u011f, onu son derece kritik ve k\u0131ymetli bir yere ta\u015f\u0131m\u0131\u015f durumda. Benzer \u015fekilde TRT, \u00f6zellikle son d\u00f6nemde TRT World ve TRT Arabi ile birlikte T\u00fcrkiye&#8217;nin tezlerini uluslararas\u0131 alana yaymak noktas\u0131nda \u00e7ok ciddi bir noktaya geldi. Biz \u015fu iki kavram\u0131 \u00e7ok \u00f6nemsiyoruz: \u0130tibar ve g\u00fcven. Ne olursa olsun, T\u00fcrkiye&#8217;nin itibar\u0131n\u0131 art\u0131rmak ve T\u00fcrkiye&#8217;ye olan g\u00fcveni art\u0131rmak noktas\u0131nda b\u00fct\u00fcn kurumlar\u0131m\u0131z\u0131n \u00e7ok ciddi gayreti var, olmal\u0131. Bununla ilgili biz de elimizden gelen b\u00fct\u00fcn gayreti ortaya koyuyoruz. Say\u0131n Cumhurba\u015fkan\u0131m\u0131z \u00f6n\u00fcm\u00fcze s\u00fcrekli bu hedefi koyuyor, daha da ileri gitmek, daha da yo\u011fun \u015fekilde \u00e7al\u0131\u015fmak mecburiyetindeyiz.&#8221;<\/p>\n<p>T\u00fcrkiye-AB ili\u015fkileri<\/p>\n<p>Fahrettin Altun, Avrupa Birli\u011fi toplant\u0131lar\u0131nda T\u00fcrkiye kar\u015f\u0131t\u0131 bir yapt\u0131r\u0131m karar\u0131 beklenip beklenmedi\u011fi y\u00f6n\u00fcndeki soru \u00fczerine, &#8220;B\u00f6yle bir beklentimiz s\u00f6z konusu de\u011fil. B\u00f6ylesi bir ad\u0131m, uluslararas\u0131 ili\u015fkiler tarihinde at\u0131labilecek en irrasyonel ad\u0131mlardan biri olur.&#8221; dedi.<\/p>\n<p>Cumhurba\u015fkan\u0131 Erdo\u011fan&#8217;\u0131n ikili diyaloglar\u0131n\u0131 da s\u00fcrd\u00fcrd\u00fc\u011f\u00fcne de\u011finen Altun, \u015f\u00f6yle devam etti:<\/p>\n<p>&#8220;T\u00fcrkiye-Avrupa ili\u015fkileriyle alakal\u0131 Say\u0131n Cumhurba\u015fkan\u0131m\u0131z\u0131n ortaya koydu\u011fu perspektif, verdi\u011fi mesaj \u00e7ok a\u00e7\u0131k ve net. Kamuoyumuzun da yak\u0131ndan b\u00fct\u00fcn boyutlar\u0131yla bildi\u011fi bir mesaj bu. T\u00fcrkiye&#8217;nin milli \u00e7\u0131karlar ekseninde yapt\u0131\u011f\u0131 yolculuk, ortaya koydu\u011fu d\u0131\u015f politika, rasyonel bir liderlik s\u00f6z konusu oldu\u011funda Avrupa \u00fclkeleri a\u00e7\u0131s\u0131ndan da benimsenmesi gereken bir yolculuktur. Fakat burada k\u00fc\u00e7\u00fck hesaplarla ne yaz\u0131k ki birtak\u0131m kendi dar alanlar\u0131nda girdikleri ili\u015fkiler dolay\u0131s\u0131yla s\u00f6z konusu olan k\u00fc\u00e7\u00fck hesaplarla hareket edildi\u011finde T\u00fcrkiye&#8217;ye d\u00f6n\u00fck zaman zaman olumsuz yakla\u015f\u0131mlar s\u00f6z konusu olabiliyor. Bizim s\u00f6yledi\u011fimiz \u00e7ok a\u00e7\u0131k ve net bir \u015fey var. Avrupa&#8217;n\u0131n g\u00fcvenli\u011fi T\u00fcrkiye&#8217;den ba\u015flar. G\u00fc\u00e7l\u00fc bir Avrupa-T\u00fcrkiye ili\u015fkileri, T\u00fcrkiye&#8217;ye oldu\u011fu kadar Avrupa \u00fclkeleri a\u00e7\u0131s\u0131ndan da bir kazan\u0131md\u0131r. T\u00fcrkiye geldi\u011fi nokta, bulundu\u011fu konum, kazand\u0131\u011f\u0131 imkan ve kabiliyetler itibar\u0131yla Avrupa i\u00e7in bir \u015fanst\u0131r. Bu anlamda Avrupa&#8217;n\u0131n bunu g\u00f6r\u00fcp de\u011ferlendirmesi laz\u0131m.&#8221;<\/p>\n<p>Cumhurba\u015fkan\u0131 Erdo\u011fan&#8217;\u0131n diplomasi trafi\u011fi<\/p>\n<p>Fahrettin Altun, Cumhurba\u015fkan\u0131 Erdo\u011fan&#8217;\u0131n yo\u011fun program\u0131nda her ortamda liderlerle diplomasisini s\u00fcrd\u00fcrd\u00fc\u011f\u00fcn\u00fc anlatt\u0131. Erdo\u011fan&#8217;\u0131n Cumhurba\u015fkanl\u0131\u011f\u0131 se\u00e7imleri \u00f6ncesinde, &#8220;Ben ko\u015fan, terleyen bir Cumhurba\u015fkan\u0131 olaca\u011f\u0131m.&#8221; dedi\u011fini aktaran Altun, Erdo\u011fan&#8217;\u0131n &#8220;yo\u011fun bir mesaisi ve bitmeyen bir enerjisi&#8221; oldu\u011funu dile getirdi.<\/p>\n<p>Erdo\u011fan&#8217;\u0131n her g\u00fcn\u00fcn\u00fc &#8220;\u00fclkeye hizmet yar\u0131\u015f\u0131&#8221; olarak g\u00f6rd\u00fc\u011f\u00fcn\u00fc ve dakikas\u0131n\u0131 bile bo\u015f ge\u00e7irmemeye \u00e7al\u0131\u015ft\u0131\u011f\u0131n\u0131 anlatan Altun, yeri geldi\u011finde otob\u00fcste, yeri geldi\u011finde kritik bir toplant\u0131ya ara vererek \u00fclke liderleriyle g\u00f6r\u00fc\u015fmeler yapt\u0131\u011f\u0131n\u0131 s\u00f6yledi.<\/p>\n<p>Cumhurba\u015fkan\u0131 Erdo\u011fan&#8217;\u0131n &#8220;dosyas\u0131na hakim&#8221; oldu\u011funun alt\u0131n\u0131 \u00e7izen Altun, meselelere haz\u0131rl\u0131kl\u0131 oldu\u011fu i\u00e7in de muhataplar\u0131yla g\u00f6r\u00fc\u015fmelerini h\u0131zl\u0131ca ger\u00e7ekle\u015ftirebildi\u011fini dile getirdi.<\/p>\n<p>Erdo\u011fan&#8217;\u0131n, &#8220;T\u00fcrkiye, 1945&#8217;ten bu yana belki ilk defa uluslararas\u0131 alanda merkeze oturma f\u0131rsat\u0131 yakalam\u0131\u015ft\u0131r.&#8221; s\u00f6z\u00fcn\u00fc hat\u0131rlatan Altun, \u015fu de\u011ferlendirmede bulundu:<\/p>\n<p>&#8220;Kaotik bir uluslararas\u0131 zemin var. Bu anlamda art\u0131k tek kutuplu bir d\u00fcnya yok. Bir\u00e7ok \u00fclke a\u00e7\u0131s\u0131ndan krizli bir uluslararas\u0131 ortam var. Bu ortamdaki f\u0131rsatlar\u0131 de\u011ferlendirmek noktas\u0131nda T\u00fcrkiye, Say\u0131n Cumhurba\u015fkan\u0131m\u0131z liderli\u011finde \u00e7ok \u00f6nemli ad\u0131mlar atabiliyor. Cumhurba\u015fkan\u0131m\u0131z bu s\u00fcrecin \u00e7ok iyi de\u011ferlendirilmesi gerekti\u011fi kanaatine sahip oldu\u011fu i\u00e7in de \u00f6nce b\u00f6lgemiz, ard\u0131ndan da k\u00fcresel co\u011frafyada, &#8216;Mutlaka temel meselelerle ilgili T\u00fcrkiye&#8217;nin s\u00f6z\u00fc vard\u0131r ve muhataplar\u0131n\u0131n bu s\u00f6z\u00fc bilmesi ve buna uygun \u015fekilde davranmas\u0131 i\u00e7in de ikna edilmesi gerekir.&#8217; yakla\u015f\u0131m\u0131yla muhataplar\u0131yla birebir a\u00e7\u0131k ve net ili\u015fki ve ileti\u015fimi tercih ediyor. Bu tabii \u00e7ok yo\u011fun bir diplomasiyi beraberinde getiriyor.&#8221;\u00a0<\/p>\n<p>Pelosi&#8217;nin a\u00e7\u0131klamalar\u0131<\/p>\n<p>ABD Temsilciler Meclisi Ba\u015fkan\u0131 Nancy Pelosi&#8217;nin T\u00fcrkiye&#8217;yi &#8220;k\u00f6t\u00fc \u00f6rnek&#8221; olarak g\u00f6sterdi\u011finin hat\u0131rlat\u0131lmas\u0131 \u00fczerine de Fahrettin Altun, bu ifadeleri &#8220;ciddiyetsiz&#8221; buldu\u011funu dile getirdi.\u00a0<\/p>\n<p>Pelosi&#8217;nin bulundu\u011fu konumun, kendisini cevaps\u0131z b\u0131rakmamay\u0131 gerektirdi\u011fini vurgulayan Altun, \u015funlar\u0131 s\u00f6yledi:<\/p>\n<p>&#8220;T\u00fcrkiye son derece demokratik bir ge\u00e7mi\u015fe sahip. Ancak ve ancak bu demokratik ge\u00e7mi\u015f, darbelerle ink\u0131taya u\u011frat\u0131lm\u0131\u015f bir ge\u00e7mi\u015ftir. Peki bu darbelerin arkas\u0131nda hangi akt\u00f6rler vard\u0131r? Bu anlamda bakt\u0131\u011f\u0131n\u0131zda bizde g\u00fc\u00e7 ge\u00e7i\u015fleri bir iktidardan bir ba\u015fka iktidara ge\u00e7i\u015f, halk\u0131n iradesiyle olur. Bunun istisnas\u0131 darbelerdir. Bu darbelerin arkas\u0131nda kimler oldu\u011fu da kamuoyunun bildi\u011fi bir husustur. Dolay\u0131s\u0131yla bunu hat\u0131rlatmak gerekir. T\u00fcrkiye&#8217;nin demokrasisinin ne kadar g\u00fc\u00e7l\u00fc oldu\u011fu, demokrasi k\u00fclt\u00fcr\u00fcn\u00fcn ne kadar g\u00fc\u00e7l\u00fc oldu\u011fu 15 Temmuz&#8217;da b\u00fct\u00fcn d\u00fcnyaya, dosta d\u00fc\u015fmana ilan edilmi\u015ftir. 15 Temmuz darbe ve i\u015fgal giri\u015fiminin arkas\u0131nda kimlerin oldu\u011fu da ayr\u0131ca bir soru i\u015fareti olarak buraya b\u0131rak\u0131lmas\u0131 gereken bir i\u015farettir. Temel itibar\u0131yla bizim \u00e7ok a\u00e7\u0131k ve net bunu s\u00f6ylememiz laz\u0131m. Ne yaz\u0131k ki Pelosi&#8217;nin de T\u00fcrkiye kar\u015f\u0131t\u0131 lobinin s\u00f6zc\u00fcl\u00fc\u011f\u00fcne soyundu\u011funu \u00fcz\u00fclerek g\u00f6rm\u00fc\u015f durumday\u0131z. Bu, Say\u0131n Cumhurba\u015fkan\u0131m\u0131z\u0131n Amerikan Ba\u015fkan\u0131&#8217;yla ili\u015fkisine bir m\u00fcdahale giri\u015fimi olarak da ayr\u0131ca okunabilir, iki \u00fclke ili\u015fkilerine m\u00fcdahale giri\u015fimi olarak da okunabilir. Ben Amerika&#8217;daki y\u00fcr\u00fctme organlar\u0131n\u0131n da bu olumsuz s\u00f6yleme tepki g\u00f6stereceklerini \u00fcmit ediyorum.&#8221;<\/p>\n<p>Amerika&#8217;daki T\u00fcrkiye kar\u015f\u0131t\u0131 lobinin, \u00f6zellikle medya a\u011flar\u0131 ve d\u00fc\u015f\u00fcnce kurulu\u015flar\u0131 \u00fczerinden i\u015flemeye devam etti\u011finin alt\u0131n\u0131 \u00e7izen Altun, bu akt\u00f6rlerin uluslararas\u0131 alanda y\u00fcr\u00fcyen g\u00fc\u00e7 m\u00fccadelesinde T\u00fcrkiye&#8217;nin konumunu zay\u0131flatmak i\u00e7in gayret i\u00e7erisinde oldu\u011funu s\u00f6yledi.<\/p>\n<p>&#8220;Ba\u011f\u0131ml\u0131l\u0131k tuza\u011f\u0131ndan kendisini kurtarm\u0131\u015f bir T\u00fcrkiye var&#8221;<\/p>\n<p>T\u00fcrkiye&#8217;ye y\u00f6nelen ele\u015ftirilerin hi\u00e7bir h\u00fckm\u00fcn\u00fcn olmad\u0131\u011f\u0131n\u0131n alt\u0131n\u0131 \u00e7izen Altun, \u015f\u00f6yle devam etti:<\/p>\n<p>&#8220;Burada arzu edilen \u015fey, T\u00fcrkiye&#8217;nin iddialar\u0131ndan vazge\u00e7mesi. T\u00fcrkiye&#8217;nin ba\u011f\u0131ml\u0131l\u0131k tuza\u011f\u0131na yeniden kap\u0131lmas\u0131, yani ge\u00e7mi\u015fte oldu\u011fu gibi sorgusuz sualsiz bat\u0131c\u0131 bir paradigma ekseninde siyaset yapmas\u0131. \u015eu an itibar\u0131yla T\u00fcrkiye&#8217;de yeni bir paradigma var. Ba\u011f\u0131ml\u0131l\u0131k tuza\u011f\u0131ndan kendisini kurtarm\u0131\u015f bir T\u00fcrkiye var. D\u0131\u015f politikada, ekonomide, g\u00fcvenlik politikalar\u0131nda \u00f6zg\u00fcn, \u00f6zerkle\u015fmi\u015f bir T\u00fcrkiye var. Bunu da yaparken halk\u0131ndan \u00e7ok b\u00fcy\u00fck bir destek alan bir lider var. Elbette burada bir y\u0131pratma sava\u015f\u0131 s\u00f6z konusu, bu y\u0131pratma sava\u015f\u0131n\u0131n unsurlar\u0131 bunlar. \u00a0Bunu hem biz T\u00fcrkiye kamuoyuna iyi anlatmak durumunday\u0131z hem de di\u011fer taraftan T\u00fcrkiye&#8217;nin tezlerini Amerikan kamuoyuna b\u00fct\u00fcn bu frekans bozucu unsurlara ra\u011fmen anlatmak durumunday\u0131z.&#8221;<\/p>\n<p>K\u0131sa vadede T\u00fcrkiye&#8217;nin tezlerini, yakla\u015f\u0131mlar\u0131n\u0131 anlatmak i\u00e7in kitaplar, sosyal medya kampanyalar\u0131, konferanslar, paneller, \u00e7al\u0131\u015ftaylar ve toplant\u0131lar d\u00fczenlediklerini belirten Altun, orta vadede stratejik ileti\u015fim kampanyalar\u0131 yapt\u0131klar\u0131n\u0131 dile getirdi. Bu noktada film ve diziler gibi platformlar\u0131 da kullanmak durumunda olduklar\u0131n\u0131 ifade eden Altun, uzun vadede de temelde stratejik akt\u00f6rlere yat\u0131r\u0131m yaparak, onlar\u0131 T\u00fcrkiye&#8217;ye sempati duyan akt\u00f6rler haline getirmek \u00fczere ili\u015fki a\u011flar\u0131 geli\u015ftirmeye \u00e7al\u0131\u015ft\u0131klar\u0131n\u0131 s\u00f6yledi.<\/p>\n<p>T\u00fcrkiye&#8217;nin Cumhurba\u015fkan\u0131 Erdo\u011fan&#8217;\u0131n liderli\u011finde ciddi bir m\u00fccadele verdi\u011fini ve bunun sonucunda elde edilen ba\u015far\u0131n\u0131n bat\u0131 ba\u015fkentlerinde rahats\u0131zl\u0131\u011fa neden oldu\u011funu belirten Altun, T\u00fcrkiye&#8217;nin, b\u00f6lgesinde her zaman etkin bir \u00fclke oldu\u011funu d\u00fcnya kamuoyuna anlatmak ve bunu kabul ettirmek gerekti\u011fini s\u00f6zlerine ekledi.<\/p>\n<p>\u0130leti\u015fim Ba\u015fkan\u0131 Fahrettin Altun, &#8220;\u0130leti\u015fim Ba\u015fkanl\u0131\u011f\u0131, stratejik ileti\u015fimin Cumhurba\u015fkan\u0131m\u0131z\u0131n vizyonuyla kurumsal hale gelmesinin somutla\u015fm\u0131\u015f hali. Bu y\u00f6n\u00fcyle bakt\u0131\u011f\u0131m\u0131zda &#8216;Ba\u015fkanl\u0131\u011f\u0131n yapt\u0131\u011f\u0131 en \u00f6nemli fonksiyon nedir?&#8217; diye sorarsan\u0131z, buna verece\u011fim cevap \u015fudur; T\u00fcrkiye markas\u0131n\u0131 daha da g\u00fc\u00e7lendirmek, \u00fclkemizin itibar\u0131n\u0131 uluslararas\u0131 alanda daha da art\u0131rmak i\u00e7in gayret g\u00f6steriyoruz&#8221; dedi.<\/p>\n<p>Altun, CNN T\u00fcrk canl\u0131 yay\u0131n\u0131nda gazeteci Hakan \u00c7elik&#8217;in sorular\u0131n\u0131 yan\u0131tlad\u0131. \u00c7elik, Altun&#8217;un, \u0130leti\u015fim Ba\u015fkanl\u0131\u011f\u0131 g\u00f6revinden bu yana ilk defa bir televizyon program\u0131na kat\u0131ld\u0131\u011f\u0131n\u0131 hat\u0131rlatt\u0131.\u00a0<\/p>\n<p>Fahrettin Altun, \u0130leti\u015fim Ba\u015fkanl\u0131\u011f\u0131n\u0131n Cumhurba\u015fkanl\u0131\u011f\u0131 H\u00fck\u00fcmet Sistemi ile kurulan bir kurum oldu\u011funu belirterek, Cumhurba\u015fkanl\u0131\u011f\u0131 H\u00fck\u00fcmet Sistemi&#8217;nin, g\u00fc\u00e7l\u00fc ve b\u00fcy\u00fck T\u00fcrkiye ideali noktas\u0131nda \u00e7ok \u00f6nemli bir d\u00f6n\u00fcm noktas\u0131 oldu\u011funu s\u00f6yledi.<\/p>\n<p>Altun, &#8220;Cumhurba\u015fkanl\u0131\u011f\u0131 H\u00fck\u00fcmet Sistemi ile T\u00fcrkiye \u00e7ok \u00f6nemli bir \u00e7\u0131\u011f\u0131r atlam\u0131\u015ft\u0131r. H\u00fck\u00fcmet sistemi sorununu bu anlamda \u00e7ok net bir \u015fekilde \u00e7\u00f6zd\u00fc\u011f\u00fc bir ad\u0131md\u0131r. Cumhurba\u015fkanl\u0131\u011f\u0131 H\u00fck\u00fcmet Sistemi ile T\u00fcrkiye&#8217;nin yeni d\u00f6nemde hem i\u00e7eride hem d\u0131\u015far\u0131da h\u00fck\u00fcmetinin imkan ve kabiliyetleri artm\u0131\u015ft\u0131r. Bu noktada Say\u0131n Cumhurba\u015fkan\u0131m\u0131z\u0131n liderli\u011finde Cumhurba\u015fkanl\u0131\u011f\u0131 H\u00fck\u00fcmet Sistemi ile asl\u0131nda h\u00fck\u00fcmetimizin icraatlar\u0131n\u0131n \u00e7ok h\u0131zl\u0131 ve denetlenebilir oldu\u011fu bir yap\u0131lanma \u00f6n plana \u00e7\u0131km\u0131\u015ft\u0131r.&#8221; diye konu\u015ftu.\u00a0<\/p>\n<p>\u0130leti\u015fim Ba\u015fkanl\u0131\u011f\u0131n\u0131n devletin ge\u00e7mi\u015ften getirdi\u011fi baz\u0131 kabiliyetleri devralan, bir gelene\u011fi de tevar\u00fcs eden bir kurum oldu\u011funu anlatan Altun, Bas\u0131n Yay\u0131n ve Enformasyon Genel M\u00fcd\u00fcrl\u00fc\u011f\u00fcn\u00fcn y\u00fcr\u00fctt\u00fc\u011f\u00fc i\u015flevlerin t\u00fcm\u00fcn\u00fc devral\u0131nd\u0131\u011f\u0131n\u0131, Cumhurba\u015fkanl\u0131\u011f\u0131 b\u00fcnyesindeki bas\u0131n m\u00fc\u015favirli\u011finin fonksiyonlar\u0131n\u0131n \u00fcstlenildi\u011fini \u00a0s\u00f6yledi. Altun, daha \u00f6nce bir ba\u015fbakan yard\u0131mc\u0131s\u0131n\u0131n koordine etti\u011fi Anadolu Ajans\u0131, TRT ve Bas\u0131n \u0130lan Kurumu gibi kurumlarla ili\u015fkiyi h\u00fck\u00fcmet ad\u0131na s\u00fcrd\u00fcren, koordine eden ve yeri geldi\u011finde denetimini yapan bir kurum olduklar\u0131n\u0131 ifade etti.<\/p>\n<p>&#8220;\u0130leti\u015fim Ba\u015fkanl\u0131\u011f\u0131, stratejik ileti\u015fimin kurumsal hale gelmesinin somutla\u015fm\u0131\u015f hali&#8221;<\/p>\n<p>\u0130leti\u015fim Ba\u015fkanl\u0131\u011f\u0131n\u0131n \u00fclkenin kamusal ileti\u015fim standartlar\u0131n\u0131 belirlemek ve y\u00fcr\u00fctmek gibi bir fonksiyona sahip oldu\u011funu belirten Altun, \u015funlar\u0131 kaydetti:<\/p>\n<p>&#8220;\u0130leti\u015fim Ba\u015fkanl\u0131\u011f\u0131, stratejik ileti\u015fimin Cumhurba\u015fkan\u0131m\u0131z\u0131n vizyonuyla kurumsal hale gelmesinin somutla\u015fm\u0131\u015f hali. Bu y\u00f6n\u00fcyle bakt\u0131\u011f\u0131m\u0131zda &#8216;Ba\u015fkanl\u0131\u011f\u0131n yapt\u0131\u011f\u0131 en \u00f6nemli fonksiyon nedir?&#8217; diye sorarsan\u0131z, buna verece\u011fim cevap \u015fudur; T\u00fcrkiye markas\u0131n\u0131 daha da g\u00fc\u00e7lendirmek, T\u00fcrkiye&#8217;nin itibar\u0131n\u0131 uluslararas\u0131 alanda daha da art\u0131rmak i\u00e7in fonksiyon icra ediyoruz. Bu anlamda kamu diplomasisinin imkan ve tekniklerini kullanarak, T\u00fcrkiye&#8217;nin d\u00fcnyadaki yerini, d\u00fcnya halklar\u0131na anlatmaya \u00e7al\u0131\u015f\u0131yoruz. Kamu diplomasisini y\u00fcr\u00fct\u00fcrken, T\u00fcrkiye&#8217;nin marka de\u011ferini art\u0131rmaya d\u00f6n\u00fck \u00e7al\u0131\u015fmalar yaparken bir taraftan pozitif birikimimizi, olumlu ge\u00e7mi\u015fimizi ve halihaz\u0131rdaki imkanlar\u0131m\u0131z\u0131 tan\u0131tmak, di\u011fer taraftan da elbette T\u00fcrkiye&#8217;ye kar\u015f\u0131 birtak\u0131m mahfillerden kaynaklanan olumsuz tezlere, dezenformasyon \u00e7abalar\u0131na, kara propaganda giri\u015fimlerine de kar\u015f\u0131 m\u00fccadele etmek \u00f6nemli fonksiyonumuz.&#8221;<\/p>\n<p>&#8220;C\u0130MER s\u00fcrecinin k\u0131salmas\u0131 i\u00e7in gayret sarf ediyoruz&#8221;<\/p>\n<p>Altun, devlet ve millet aras\u0131ndaki ileti\u015fimi daha nitelikli hale getirmek i\u00e7in halk\u0131n taleplerini, h\u00fck\u00fcmetin ilgili organlar\u0131na, birimlerine ula\u015ft\u0131rmak noktas\u0131nda ciddi bir fonksiyon \u00fcstlenmeye \u00e7al\u0131\u015ft\u0131klar\u0131n\u0131, C\u0130MER&#8217;in bu anlamda kat\u0131l\u0131mc\u0131 demokrasinin son derece nitelikli \u00f6rneklerinden biri oldu\u011funu belirtti.\u00a0<\/p>\n<p>\u0130leti\u015fim Ba\u015fkan\u0131 Altun, C\u0130MER&#8217;e 2019&#8217;un Eyl\u00fcl ay\u0131na kadar 2 milyon 270 bin olan ba\u015fvuru say\u0131s\u0131n\u0131n d\u00fcn itibar\u0131yla 2020 y\u0131l\u0131nda 4 milyon 270 bine y\u00fckseldi\u011fini belirterek, \u015f\u00f6yle devam etti:<\/p>\n<p>&#8220;Yani y\u00fczde 90&#8217;l\u0131k bir art\u0131\u015ftan bahsediyoruz. Bu anlamda bakt\u0131\u011f\u0131m\u0131zda taleplerin, yeri geldi\u011finde \u015fikayetlerin g\u00fcndeme geldi\u011fini g\u00f6rebiliyoruz. C\u0130MER \u00fczerinden gelen talepleri, yeri geldi\u011finde \u015fikayetleri ilgili kurumlara y\u00f6nlediriyoruz, ilgili kurumlar cevaplar\u0131n\u0131 veriyorlar, aksiyonlar\u0131n\u0131 al\u0131yorlar ve bir \u015fekilde bu anlamda sa\u011fl\u0131kl\u0131, nitelikli bir s\u00fcre\u00e7 i\u015fliyor. Biz bu s\u00fcrecin daha da k\u0131salmas\u0131n\u0131, daha da etkin bir \u015fekilde i\u015flemesini sa\u011flamaya d\u00f6n\u00fck yo\u011fun gayret sarfediyoruz.&#8221;<\/p>\n<p>Altun, yabanc\u0131 misafirlerine C\u0130MER&#8217;i anlatt\u0131klar\u0131nda \u00e7ok olumlu d\u00f6n\u00fc\u015fler ald\u0131klar\u0131n\u0131 vurgulayarak, &#8220;\u00d6n\u00fcm\u00fczdeki d\u00f6nemde C\u0130MER modelini farkl\u0131 \u00fclkelere tabiri caiz ise ihra\u00e7 etmeye, bir anlamda da o \u00fclke demokrasilerine kat\u0131l\u0131mc\u0131 bir k\u00fclt\u00fcr geli\u015ftirmek \u00fczere sunmak istiyoruz. Bu noktada da her t\u00fcrl\u00fc i\u015f birli\u011fine a\u00e7\u0131k oldu\u011fumuzu da muhattaplar\u0131m\u0131za net olarak ifade ediyoruz.&#8221; diye konu\u015ftu.\u00a0<\/p>\n<p>&#8220;C\u0130MER&#8217;in T\u00fcrkiye&#8217;deki pozisyonu uluslararas\u0131 alanda da takdir edilen bir s\u00fcre\u00e7&#8221;<\/p>\n<p>Altun, C\u0130MER&#8217;in sadece bireysel ba\u015fvurular\u0131n al\u0131nd\u0131\u011f\u0131 bir platform de\u011fil, ayn\u0131 zamanda ger\u00e7ek anlamda milletin kendilerini nas\u0131l g\u00f6rd\u00fc\u011f\u00fcyle ilgili \u00e7ok ger\u00e7ek bir veri b\u00fct\u00fcn\u00fc oldu\u011funu s\u00f6yledi.\u00a0<\/p>\n<p>Bu verinin analizi \u00fczerinden hangi alanlara daha fazla yo\u011funla\u015fmak gerekti\u011fi, hangi meselelerde, hangi ad\u0131mlar\u0131n at\u0131lmas\u0131 gerekti\u011fiyle alakal\u0131 \u00f6nlerine \u00e7ok net bir rehber \u00e7\u0131kt\u0131\u011f\u0131n\u0131 aktaran Altun, \u015funlar\u0131 kaydetti:<\/p>\n<p>&#8220;Say\u0131n Cumhurba\u015fkan\u0131m\u0131z bu konuda son derece hassast\u0131r. Kamuoyunun yakla\u015f\u0131m\u0131n\u0131, temel meselelere verdi\u011fi reflekslerin ne oldu\u011funu anlamak, dinlemek noktas\u0131nda \u00e7ok net bir perspektife sahiptir. C\u0130MER de bu noktada \u00e7ok \u00f6nemli bir zemin sa\u011fl\u0131yor.<\/p>\n<p>C\u0130MER s\u00fcre\u00e7lerini y\u00f6netirken \u00f6n\u00fcm\u00fcze koydu\u011fumuz iki temel ba\u015far\u0131 kriteri var. Birincisi ba\u015fvurular\u0131n en h\u0131zl\u0131, etkin \u015fekilde sonu\u00e7land\u0131r\u0131lmas\u0131, ikincisi de ilgili kurumlar\u0131n C\u0130MER \u00e7er\u00e7evesinde kendilerine gelen talepleri, \u015fikayetleri yerli yerinde kar\u015f\u0131lad\u0131klar\u0131n\u0131n tam olarak garanti alt\u0131na al\u0131nmas\u0131. Nihayetinde bu ya\u015fayan, dinamik bir s\u00fcre\u00e7 fakat bu noktada C\u0130MER&#8217;in T\u00fcrkiye&#8217;deki pozisyonu uluslararas\u0131 alanda da takdir edilen bir s\u00fcre\u00e7. Bu noktada farkl\u0131 \u00f6d\u00fcller de ald\u0131 C\u0130MER. Hem Birle\u015fmi\u015f Milletler Telekom\u00fcnikasyon Ajans\u0131ndan hem Uluslararas\u0131 Halkla \u0130li\u015fkiler Derne\u011finden alt\u0131n madalya, birincilik \u00f6d\u00fclleri ald\u0131. Bu noktada C\u0130MER&#8217;in uluslararas\u0131 alandaki ba\u015far\u0131s\u0131 tescillendik\u00e7e biz de bu s\u00fcrece ili\u015fkin daha da fazla yat\u0131r\u0131m gerekti\u011fini de g\u00f6r\u00fcyoruz. Ama g\u00fcn sonunda \u015funu \u00e7ok a\u00e7\u0131k ve net \u015fekilde s\u00f6ylememiz laz\u0131m, nihayetinde Say\u0131n Cumhurba\u015fkan\u0131m\u0131z\u0131n y\u00f6netim modeli, halk\u0131m\u0131z\u0131n istek, talep ve y\u00f6nlendirmelerine ba\u011fl\u0131 olarak \u015fekillenen bir modeldir. Dolay\u0131s\u0131yla C\u0130MER de bunun arac\u0131 bir platformdur.&#8221;<\/p>\n<p>C\u0130MER&#8217;in geli\u015ftirilmesinde Cumhurba\u015fkan\u0131 Recep Tayyip Erdo\u011fan&#8217;\u0131n \u00e7ok net katk\u0131s\u0131n\u0131n oldu\u011funu aktaran Altun, bu platformu geli\u015ftirmek noktas\u0131nda \u00e7al\u0131\u015fmalar\u0131n\u0131 s\u00fcrd\u00fcrd\u00fcklerini aktard\u0131.<\/p>\n<p>&#8220;Devletin s\u00f6ylem birli\u011fini tesis etmek&#8221;<\/p>\n<p>Altun, \u0130leti\u015fim Ba\u015fkanl\u0131\u011f\u0131n\u0131n bir ba\u015fka fonksiyonunun da medya alan\u0131n\u0131n reg\u00fclasyonu oldu\u011funu ifade ederek, bas\u0131n meslek alan\u0131nda profesyonellerin \u00e7al\u0131\u015fma ko\u015fullar\u0131n\u0131n iyile\u015ftirilmesinden akreditasyonlar\u0131n\u0131n y\u00fcr\u00fct\u00fclmesine, medya sekt\u00f6r\u00fcn\u00fcn yeni d\u00f6n\u00fc\u015f\u00fcmlere haz\u0131rlanmas\u0131na kadar bu noktada ciddi bir fonksiyon icra etmeye \u00e7al\u0131\u015ft\u0131klar\u0131n\u0131 s\u00f6yledi.\u00a0<\/p>\n<p>Bir taraftan da medyan\u0131n bilgilendirilmesi noktas\u0131nda da bir gayret sarf ettiklerini dile getiren Altun, \u015fu de\u011ferlendirmelerde bulundu:<\/p>\n<p>&#8220;Devletin s\u00f6ylem birli\u011fini tesis etmek ve bu anlamda kamu kurum ve kurulu\u015flar\u0131n\u0131n kamusal ileti\u015fim standartlar\u0131n\u0131 belirlemek ve y\u00fcr\u00fctmek bizim \u00f6nemli fonksiyonlar\u0131m\u0131zdan biri. Bu noktada kamuoyunun do\u011fru bilgilendirilmesini temin etmek, hi\u00e7 ku\u015fkusuz h\u00fck\u00fcmetimizin en \u00f6nemli fonksiyonlar\u0131ndan biri. Bunu y\u00fcr\u00fct\u00fcrken tabii ki esas olan bir s\u00f6ylem birli\u011finin tesis edilmesidir. S\u00f6ylemsel da\u011f\u0131n\u0131kl\u0131k esas\u0131nda sadece kamuoyunu yanl\u0131\u015f bilgilendirmeyi beraberinde getirmez, ayn\u0131 zamanda bu stratejik k\u00fclt\u00fcr a\u00e7\u0131s\u0131ndan da son derece \u00f6nemlidir. Sizi d\u0131\u015f g\u00fc\u00e7lerin manip\u00fclasyonuna, m\u00fcdahalesine a\u00e7\u0131k hale getirir. Bu noktada devletin s\u00f6ylem birli\u011finin tesisi olduk\u00e7a stratejik ve milli g\u00fcvenli\u011fimizle ilgili de bir meseledir. Dolay\u0131s\u0131yla bu fonksiyonunun icra edilmesi hususunda da gayret sarf ediyoruz Say\u0131n Cumhurba\u015fkan\u0131m\u0131z\u0131n talimatlar\u0131yla.&#8221;\u00a0<\/p>\n<p>Ya\u015fanan herhangi bir sorun ya da a\u00e7\u0131klanacak olumlu geli\u015fmenin de kurumun uhdesinde bulundu\u011funu dile getiren Altun, bunun b\u00fct\u00fcn a\u00e7\u0131klamalar\u0131n \u0130leti\u015fim Ba\u015fkanl\u0131\u011f\u0131nca yap\u0131laca\u011f\u0131 anlam\u0131na gelmedi\u011fini kaydetti.<\/p>\n<p>Altun, bakanl\u0131klar, ba\u015fkanl\u0131klar, ofisler ve politika kurullar\u0131n\u0131n kendi faaliyet alanlar\u0131yla ilgili a\u00e7\u0131klamalar yapt\u0131\u011f\u0131n\u0131, kamuoyunu bilgilendirdiklerini vurgulayarak, yeni h\u00fck\u00fcmet sistemiyle Cumhurba\u015fkan\u0131 Recep Tayyip Erdo\u011fan&#8217;\u0131n talimatlar\u0131yla bu s\u00fcrecin bir koordinasyon, e\u015f g\u00fcd\u00fcm i\u00e7inde i\u015flemesi i\u00e7in kurumun kolayla\u015ft\u0131r\u0131c\u0131 vazifesi g\u00f6rd\u00fc\u011f\u00fcn\u00fc anlatt\u0131.<\/p>\n<p>Altun, hedeflenenin, \u00e7o\u011fulcu bir mant\u0131\u011f\u0131, bir s\u00f6ylem birli\u011fi etraf\u0131nda kamuoyuyla payla\u015fmak oldu\u011funu, bunun i\u00e7in de kurumun kuruldu\u011funu dile getirdi.\u00a0<\/p>\n<p>&#8220;T\u00fcrkiye, iddia sahibi olarak ortaya \u00e7\u0131kt\u0131 ve b\u00f6lgesel bir g\u00fcce d\u00f6n\u00fc\u015ft\u00fc&#8221;<\/p>\n<p>\u0130leti\u015fim Ba\u015fkan\u0131 Fahrettin Altun, Stratejik \u0130leti\u015fim ve Kriz Y\u00f6netimi Dairesi Ba\u015fkanl\u0131\u011f\u0131&#8217;n\u0131n kurulmas\u0131na ili\u015fkin soru \u00fczerine, kara propagandayla m\u00fccadelenin faaliyet alanlar\u0131nda oldu\u011funu s\u00f6yledi.<\/p>\n<p>T\u00fcrkiye&#8217;nin, Cumhurba\u015fkan\u0131 Erdo\u011fan&#8217;\u0131n liderli\u011finde \u00e7ok ciddi bir d\u00f6n\u00fc\u015f\u00fcm ge\u00e7irdi\u011fini, 2002 sonras\u0131nda ya\u015fanan bu d\u00f6n\u00fc\u015f\u00fcm\u00fcn \u00fclkeyi adeta yeni bir lige ta\u015f\u0131d\u0131\u011f\u0131n\u0131 belirten Altun, \u015f\u00f6yle devam etti:<\/p>\n<p>&#8220;T\u00fcrkiye yeni d\u00f6nemde eski d\u00f6nemden farkl\u0131 olarak ekonomi, d\u0131\u015f politika ve g\u00fcvenlik alanlar\u0131nda adeta \u00f6zerkle\u015fti. Kendi \u00f6zg\u00fcn politikalar\u0131n\u0131 milli \u00e7\u0131karlar\u0131 etraf\u0131nda hayata ge\u00e7irebilir hale geldi. \u0130ddia sahibi olarak ortaya \u00e7\u0131kt\u0131 ve b\u00f6lgesel bir g\u00fcce d\u00f6n\u00fc\u015ft\u00fc. T\u00fcrkiye&#8217;nin b\u00f6lgesel g\u00fcce d\u00f6n\u00fc\u015fmesi uluslararas\u0131 alanda denklemleri de\u011fi\u015ftirdi. Bu ciddi rahats\u0131zl\u0131klar\u0131 da beraberinde getirdi. Ba\u011f\u0131ml\u0131l\u0131k tuza\u011f\u0131 i\u00e7erisindeki bir T\u00fcrkiye, \u00f6ng\u00f6r\u00fclebilir bir T\u00fcrkiye, tamamen belli Bat\u0131 ba\u015fkentlerinden emir alan bir T\u00fcrkiye baz\u0131 d\u0131\u015f mahfiller a\u00e7\u0131s\u0131ndan tercih edilebilir bir T\u00fcrkiye&#8217;ydi. Fakat Cumhurba\u015fkan\u0131m\u0131z\u0131n siyasi liderli\u011fi, milletimize, halk\u0131m\u0131za s\u00fcrekli a\u00e7\u0131k\u00e7a beyan etti\u011fi siyaset felsefesi tam da bu yakla\u015f\u0131mla m\u00fccadele esas\u0131na dayan\u0131yordu. Bu yakla\u015f\u0131mla m\u00fccadele ede ede, kavga ede ede Say\u0131n Cumhurba\u015fkan\u0131m\u0131z\u0131n siyaset felsefesi adeta galip geldi ve T\u00fcrkiye bir yandan ekonomide, bir yandan d\u0131\u015f politikada, bir yandan g\u00fcvenlik politikalar\u0131nda bir \u00f6zerkle\u015fme ya\u015fad\u0131. Bu s\u00fcre\u00e7 beraberinde vesayetten ayr\u0131lma s\u00fcreciyle birlikte i\u015fledi. Bir demokratikle\u015fme s\u00fcreciyle beraber i\u015fledi.&#8221;<\/p>\n<p>Altun, halk\u0131n iktidar\u0131n merkezine oturdu\u011fu bir s\u00fcre\u00e7 ya\u015fand\u0131\u011f\u0131n\u0131, bunlar\u0131n da T\u00fcrkiye&#8217;nin d\u00f6n\u00fc\u015ft\u00fc\u011f\u00fc bir foto\u011fraf\u0131 g\u00f6sterdi\u011fini anlatarak, bu d\u00f6n\u00fc\u015f\u00fcm\u00fcn stratejik sonucunda da T\u00fcrkiye&#8217;nin b\u00f6lgesel bir g\u00fc\u00e7 oldu\u011funu kaydetti.<\/p>\n<p>B\u00f6lgesinde etkin bir akt\u00f6r olan T\u00fcrkiye&#8217;nin \u00f6n\u00fcne yeni olan k\u00fcresel bir g\u00fc\u00e7 olma hedefini koydu\u011funu ifade eden Altun, bu a\u00e7\u0131dan at\u0131lan ad\u0131mlardan da \u00a0rahats\u0131zl\u0131k duyuldu\u011funu s\u00f6yledi.\u00a0<\/p>\n<p>Altun, &#8220;E\u011fer siz bir g\u00fc\u00e7 m\u00fccadelesine giriyorsan\u0131z, bu m\u00fccadelede ben de var\u0131m diyorsan\u0131z, birilerinin size hi\u00e7 ad\u0131m atmadan, herhangi bir \u015fekilde m\u00fccadele vermeden, &#8216;Buyrun gelin sizde ba\u015f k\u00f6\u015feye oturun&#8217; demesini beklememelisiniz. Burada bir m\u00fccadele s\u00fcreci s\u00f6z konusudur.&#8221; dedi.<\/p>\n<p>Bu m\u00fccadele s\u00fcrecini T\u00fcrkiye&#8217;nin \u00f6n\u00fcne koyulmaya \u00e7al\u0131\u015f\u0131lan engellerde g\u00f6rd\u00fcklerini, son 7-8 y\u0131ld\u0131r ya\u015fananlar\u0131n bunun bir \u00f6zeti oldu\u011funu, 2013&#8217;teki Gezi kalk\u0131\u015fmas\u0131n\u0131n T\u00fcrkiye&#8217;nin b\u00f6lgesel g\u00fc\u00e7 olmaktan k\u00fcresel g\u00fc\u00e7 olmas\u0131na do\u011fru y\u00fcr\u00fcy\u00fc\u015f\u00fcn\u00fc engellemeye y\u00f6nelik bir giri\u015fim oldu\u011funu belirten Altun, 17-25 Aral\u0131k kumpas giri\u015fiminin, 6-8 Ekim olaylar\u0131n\u0131n bunun ba\u015fka bir yans\u0131mas\u0131 oldu\u011funu s\u00f6yledi.<\/p>\n<p>Altun, oryantasyonlar\u0131 farkl\u0131 olan ter\u00f6r \u00f6rg\u00fctleri DEA\u015e&#8217;\u0131n, PKK&#8217;n\u0131n ve FET\u00d6&#8217;n\u00fcn bir araya gelerek ortak hareket edip, T\u00fcrkiye&#8217;de ard\u0131 ard\u0131na ter\u00f6r faaliyetlerine girmesinin bunun ba\u015fka bir yans\u0131mas\u0131 oldu\u011funa i\u015faret etti.\u00a0<\/p>\n<p>15 Temmuz darbe giri\u015fiminin de T\u00fcrkiye&#8217;nin uluslararas\u0131 alandaki stratejik pozisyonuna kar\u015f\u0131 at\u0131lan bir ad\u0131m oldu\u011funu dile getiren Altun, Cumhurba\u015fkan\u0131 Erdo\u011fan&#8217;\u0131n liderli\u011finin bu anlamda T\u00fcrkiye&#8217;nin bu y\u00fcr\u00fcy\u00fc\u015f\u00fcn\u00fc daha tahkim etmek ve kavi hale getirmekle ilgili oldu\u011funu, bunu yaparken de meydan okumalarla ve engellerle kar\u015f\u0131la\u015ft\u0131\u011f\u0131n\u0131 anlatt\u0131.<\/p>\n<p>&#8220;Sokak kalk\u0131\u015fmalar\u0131na, darbe giri\u015fimlerine zemin haz\u0131rlayanlar ortadan kalkmad\u0131&#8221;<\/p>\n<p>Prof. Dr. Fahrettin Altun, bu engelleri \u00fcretmeye, bu bentleri \u00e7ekmeye \u00e7al\u0131\u015fanlar\u0131n, T\u00fcrkiye&#8217;de sokak kalk\u0131\u015fmalar\u0131ndan darbe giri\u015fimlerine, ter\u00f6r eylemlerine kadar bir \u00e7ok olumsuz hadiseye zemin haz\u0131rlayanlar\u0131n ortadan kalkmad\u0131\u011f\u0131n\u0131 belirterek, konu\u015fmas\u0131n\u0131 \u015f\u00f6yle s\u00fcrd\u00fcrd\u00fc:<\/p>\n<p>&#8220;Bu mahfiller hala varlar. Bir yerlerde T\u00fcrkiye kar\u015f\u0131t\u0131 pozisyonlar\u0131n\u0131 s\u00fcrd\u00fcrmeye gayret sarfediyorlar. Bunu yaparlarken ellerindeki y\u00fcr\u00fctt\u00fckleri m\u00fccadele T\u00fcrkiye&#8217;ye kar\u015f\u0131 bir olumsuz ileti\u015fim enformasyon sava\u015f\u0131 \u00fcretmek ve y\u00fcr\u00fctmek. Kara propaganda, dezenformasyon faaliyetleri y\u00fcr\u00fctmek. Bunlara kar\u015f\u0131 bizim elbette bir m\u00fccadele zorunlulu\u011fumuz var. Bu m\u00fccadele reaksiyonel, tepkisel bir m\u00fccadele olamaz. Proaktif bir m\u00fccadele olmas\u0131 gerekir. Bu anlamda bakt\u0131\u011f\u0131m\u0131zda Stratejik \u0130leti\u015fim ve Kriz Y\u00f6netimi Dairesi tam da bu fonksiyonu icra etmek \u00fczere uluslararas\u0131 alanda T\u00fcrkiye&#8217;ye kar\u015f\u0131 y\u00fcr\u00fct\u00fclen bu kara propaganda sava\u015f\u0131na kar\u015f\u0131 faaliyet y\u00fcr\u00fctmek \u00fczere konumland\u0131r\u0131lm\u0131\u015ft\u0131r. Bu kara propaganda faaliyetlerini y\u00fcr\u00fctenlerin i\u015fbirlik\u00e7ilerinin net olarak te\u015fhis edilmesi ve i\u015fbirlik\u00e7ileriyle devlet ad\u0131na, halk ad\u0131na m\u00fccadele edilmesi i\u00e7in kurulmu\u015f bir yap\u0131d\u0131r. Bu demokrasimizi, \u00fclkemizi g\u00fc\u00e7lendirecek bir ad\u0131md\u0131r, bir yap\u0131d\u0131r. Buradan farkl\u0131 anlamlar \u00e7\u0131karmak, bundan rahats\u0131zl\u0131k duymak e\u011fer iyi niyetliyseniz anlaml\u0131 de\u011fil. T\u00fcrkiye&#8217;ye kar\u015f\u0131 y\u00fcr\u00fct\u00fclen bu propaganda sava\u015f\u0131n\u0131, y\u0131pratma sava\u015f\u0131n\u0131 benimsiyorsan\u0131z, bu farkl\u0131 siyasi ideolojik saiklerle size s\u0131cak geliyorsa T\u00fcrkiye&#8217;de oldu\u011funuz, faaliyet g\u00f6sterdi\u011finiz halde o taktirde bu ad\u0131mdan, bu faaliyetten tabiki rahats\u0131zl\u0131k duyars\u0131n\u0131z. Cumhurba\u015fkan\u0131m\u0131z b\u00f6yle bir yap\u0131y\u0131 kurarken, tam anlam\u0131yla bu y\u00fcr\u00fct\u00fclen enformasyon sava\u015f\u0131na, kara propagandayla m\u00fccadele sava\u015f\u0131na daha etkin bir yap\u0131lanma kavu\u015fturmak i\u00e7in bu ad\u0131m\u0131 atm\u0131\u015ft\u0131r.&#8221;<\/p>\n<p>Bu yap\u0131n\u0131n ele\u015ftirilmesine ili\u015fkin Altun, b\u00f6yle bir daire ba\u015fkanl\u0131\u011f\u0131n\u0131n her \u015feyden \u00f6nce \u00fclkenin be\u015finci kol faaliyeti yap\u0131labilen bir \u00fclke olmad\u0131\u011f\u0131n\u0131 ortaya koydu\u011funu, farkl\u0131 meslek adlar\u0131 alt\u0131nda farkl\u0131 \u00fclkelerin n\u00fcfuz ajanl\u0131\u011f\u0131 yap\u0131labilen bir \u00fclke olmad\u0131\u011f\u0131 g\u00f6sterdi\u011fini kaydetti.<\/p>\n<p>&#8220;Psikolojik harekat yap\u0131laca\u011f\u0131 s\u00f6ylemleriyle kamuoyu yan\u0131lt\u0131l\u0131yor&#8221;\u00a0<\/p>\n<p>Altun, bu daireyle, do\u011frudan psikolojik harekat ve harp yap\u0131laca\u011f\u0131 gibi s\u00f6ylemlerle kamuoyunu yan\u0131ltmaya \u00e7al\u0131\u015fanlar\u0131n, &#8220;Uzun y\u0131llar, 2002 \u00f6ncesinde T\u00fcrkiye&#8217;de halka kar\u015f\u0131 psikolojik harekat yap\u0131lan bir k\u00fclt\u00fcr\u00fcn i\u00e7inden geliyoruz.&#8221; itiraf\u0131nda bulunduklar\u0131n\u0131, &#8220;Bir d\u00f6nem devletin halka kar\u015f\u0131 yapt\u0131\u011f\u0131 bu k\u00fclt\u00fcr yeniden g\u00fcndeme geliyor&#8221; iddias\u0131n\u0131 ortaya koyduklar\u0131n\u0131 aktard\u0131.\u00a0<\/p>\n<p>Devletin \u00e7\u0131kanlar\u0131n\u0131 halk ve millet ad\u0131na savunmak i\u00e7in b\u00f6yle bir giri\u015fimde bulunuldu\u011funu dile getiren Altun, &#8220;Birileri propaganda sava\u015f\u0131 y\u00fcr\u00fct\u00fcrken, ter\u00f6r \u00f6rg\u00fctleri propaganda sava\u015f\u0131n\u0131 y\u00fcr\u00fct\u00fcrken, ter\u00f6r \u00f6rg\u00fctlerinin hamileri bir tak\u0131m ba\u015fkentlerde medya organlar\u0131 \u00fczerinden bu s\u00f6ylemleri bize boca etmeye \u00e7al\u0131\u015f\u0131rken, bunlar\u0131n bir tak\u0131m i\u015fbirlik\u00e7ileri burada be\u015finci kol faaliyeti y\u00fcr\u00fcterek, bu faaliyetlere h\u0131z verirken devletimizin bunlar\u0131 seyretmesi s\u00f6z konusu olamaz. Burada medya alan\u0131nda y\u00fcr\u00fcyen bir faaliyet var. Kamu otoritesi olarak elbette faaliyet g\u00f6stermek zorunday\u0131z.&#8221; diye konu\u015ftu.<\/p>\n<p>&#8220;Bunu bir y\u0131pratma kampanyas\u0131 olarak de\u011ferlendiriyorum&#8221;<\/p>\n<p>\u0130leti\u015fim Ba\u015fkan\u0131 Fahrettin Altun, kuruma ve kendisine y\u00f6nelik ele\u015ftirilerle ilgili, meslek hayat\u0131 boyunca ele\u015ftirilerden \u00e7ok istifade etti\u011fini, siyasette de ele\u015ftirinin \u00e7ok k\u0131ymetli oldu\u011funu belirterek, ele\u015ftirinin hakaretten, iftiralardan, mesnetsiz iddialardan, sistematik yalan kampanyalar\u0131ndan ayr\u0131lmas\u0131 gerekti\u011fini s\u00f6yledi.<\/p>\n<p>Nitelikli ele\u015ftirilerle de kar\u015f\u0131la\u015ft\u0131\u011f\u0131n\u0131 dile getiren Altun, \u015f\u00f6yle konu\u015ftu:<\/p>\n<p>&#8220;Cumhurba\u015fkan\u0131m\u0131z\u0131n kurumumuza \u00e7izdi\u011fi hedefler, bu do\u011frultuda ula\u015fmaya \u00e7al\u0131\u015ft\u0131\u011f\u0131m\u0131z idealler u\u011fruna gayret sarfederken burada mesnetsiz iddialarla, yalanlarla muhatap oldu\u011funuzda bunu ele\u015ftiri olarak g\u00f6rmeniz m\u00fcmk\u00fcn de\u011fil. Bunu bir y\u0131pratma kampanyas\u0131 olarak de\u011ferlendiriyorum. Bu kampanyaya kar\u015f\u0131 da hi\u00e7 bir \u015fekilde bug\u00fcne kadar da prim vermedi\u011fimizi d\u00fc\u015f\u00fcn\u00fcyorum. \u00d6zel hayat\u0131m\u0131zla alakal\u0131 olarak hi\u00e7bir \u015fekilde olmamas\u0131 gereken m\u00fcdahalelerin yap\u0131lmaya \u00e7al\u0131\u015f\u0131ld\u0131\u011f\u0131n\u0131, hi\u00e7bir \u015fekilde kabul edilemeyecek \u015fekilde yakla\u015f\u0131mlarla y\u0131pratma sava\u015f\u0131na muhatap oldu\u011fumuzu da b\u00fct\u00fcn kamuoyu g\u00f6rd\u00fc. &#8220;<\/p>\n<p>Altun, bug\u00fcne kadar hi\u00e7bir a\u00e7\u0131klama yapmad\u0131\u011f\u0131n\u0131, bireysel olarak kar\u015f\u0131 kar\u015f\u0131ya kald\u0131klar\u0131 mesnetsiz iddialarla ilgili kamuoyunu hi\u00e7bir \u015fekilde me\u015fgul etmedi\u011fini belirterek, kuruma y\u00f6nelik mesnetsiz iddialarla ilgili kurumun ve kendisinin de a\u00e7\u0131klamalar yapt\u0131\u011f\u0131n\u0131, kamuoyunun \u00e7ok daha \u00f6nemli ve kritik meseleler varken me\u015fgul etti\u011fi i\u00e7in \u00fcz\u00fcld\u00fc\u011f\u00fcn\u00fc kaydetti.<\/p>\n<p>\u0130\u015flerinin, \u00fclkenin tan\u0131t\u0131m\u0131n\u0131 yapmak, \u00fclkeye kar\u015f\u0131 yap\u0131lan kara propagandayla m\u00fccadele etmek, \u00fclke ve devlet aras\u0131ndaki ili\u015fki ve etkile\u015fimi daha da nitelikli hale getirmek, devletin s\u00f6ylem birli\u011fini tesis etmek oldu\u011funu aktaran Altun, bunlar\u0131n milletin ve devletin menfaatine ad\u0131mlar oldu\u011fu s\u00f6yledi.\u00a0<\/p>\n<p>Cumhurba\u015fkan\u0131na ve millete mah\u00e7up olmamak i\u00e7in gayret g\u00f6sterdiklerini anlatan Altun, &#8220;Y\u0131ld\u0131rma, geriletme, susturma amac\u0131yla yap\u0131lan bana, kurumumdaki di\u011fer arkada\u015flar\u0131ma bu \u00e7abalar\u0131n bizim nazar\u0131m\u0131zda hi\u00e7bir h\u00fckm\u00fc yok. Biz zaten gayretimizden, niyetimizden geri ad\u0131m atm\u0131yoruz.&#8221; diye konu\u015ftu.<\/p>\n<p>Altun, mesnetsiz iddialarla ilgili belli merkezlerde kurgulan\u0131p talimatlar\u0131n verildi\u011fini, karalama kampanyalar\u0131n\u0131n yo\u011fun bir \u015fekilde ba\u015flad\u0131\u011f\u0131n\u0131n da kamuoyuna yans\u0131d\u0131\u011f\u0131n\u0131 dile getirdi.<\/p>\n<p>\u0130leti\u015fim Ba\u015fkanl\u0131\u011f\u0131nca d\u00fczenlenen Uluslararas\u0131 Do\u011fu Akdeniz Konferans\u0131&#8217;n\u0131n, T\u00fcrkiye&#8217;nin Do\u011fu Akdeniz politikas\u0131n\u0131 d\u00fcnyaya aktarmak \u00fczere ger\u00e7ekle\u015ftirildi\u011fini anlatan Altun, konferansta T\u00fcrkiye&#8217;nin tezlerinin d\u00fcnyaya aktar\u0131ld\u0131\u011f\u0131n\u0131, bu t\u00fcr organizasyonlarda kurulan i\u015f birli\u011finin \u00fclke lehine kullan\u0131labildi\u011fini s\u00f6yledi.<\/p>\n<p>\u0130leti\u015fim Ba\u015fkanl\u0131\u011f\u0131n\u0131n Rus\u00e7a Twitter hesab\u0131 a\u00e7mas\u0131n\u0131n \u00f6zel bir anlam\u0131 olup olmad\u0131\u011f\u0131 sorusu \u00fczerine Altun, Rusya&#8217;n\u0131n T\u00fcrkiye&#8217;nin \u00f6nemli stratejik ili\u015fkiler kurdu\u011fu bir \u00fclke oldu\u011funu vurgulad\u0131. \u0130leti\u015fim Ba\u015fkanl\u0131\u011f\u0131n\u0131n 30&#8217;a yak\u0131n dilde faaliyetleri oldu\u011funu kaydeden Altun, farkl\u0131 kamuoylar\u0131n\u0131n g\u00fcndemlerini de T\u00fcrkiye&#8217;ye aktarmaya \u00e7al\u0131\u015ft\u0131klar\u0131n\u0131n alt\u0131n\u0131 \u00e7izdi.<\/p>\n<p>Altun, bas\u0131n taramalar\u0131 yapt\u0131klar\u0131n\u0131, ikili ili\u015fkilerin geli\u015ftirilmesi noktas\u0131nda kurulan sosyal ili\u015fki a\u011flar\u0131n\u0131n faydas\u0131n\u0131 g\u00f6rd\u00fcklerini vurgulad\u0131. T\u00fcrkiye&#8217;nin tezlerini di\u011fer \u00fclkelerdeki kamuoyunun dikkatini \u00e7ekecek \u015fekilde aktarmaya \u00e7al\u0131\u015ft\u0131klar\u0131n\u0131 belirten Altun, T\u00fcrkiye&#8217;nin kendisini anlatmas\u0131n\u0131n en \u00f6nemli fonksiyonlar\u0131 oldu\u011funu dile getirdi.<\/p>\n<p>T\u00fcrkiye&#8217;nin ciddi bir sahada m\u00fccadele verdi\u011fini vurgulayan Altun, &#8220;Bu, g\u00fc\u00e7l\u00fc siyasi liderlikle verilen bir m\u00fccadeledir. Bu m\u00fccadelenin hat\u0131r\u0131na biz bu anlamda uluslararas\u0131 itibar ba\u015far\u0131s\u0131 elde ediyoruz. T\u00fcrkiye&#8217;nin sahada ve buna ba\u011fl\u0131 olarak masada elde etti\u011fi kazan\u0131mlar, ileti\u015fim taraf\u0131na da yans\u0131mas\u0131n\u0131 buluyor. Bu y\u00f6n\u00fcyle evet kamu diplomasisi \u00e7ok hayatidir fakat kamu diplomasisi faaliyetlerimiz ba\u015fta olmak \u00fczere, bizim i\u00e7in en kritik unsur lider diplomasisidir.&#8221; diye konu\u015ftu.<\/p>\n<p>Altun, Cumhurba\u015fkan\u0131 Recep Tayyip Erdo\u011fan&#8217;\u0131n g\u00f6r\u00fc\u015fme yapaca\u011f\u0131 \u00fclkelerin liderlerine o \u00fclkenin dilinde kitap\u00e7\u0131klar haz\u0131rlad\u0131klar\u0131n\u0131 anlatarak, \u015fu bilgileri verdi:<\/p>\n<p>&#8220;Lider diplomasisiyle Say\u0131n Cumhurba\u015fkan\u0131m\u0131z\u0131n y\u00fcr\u00fctt\u00fc\u011f\u00fc diplomasiyle biz uluslararas\u0131 alanda, ger\u00e7ek anlamda bir lig atlad\u0131k. \u015eu an itibar\u0131yla T\u00fcrkiye, d\u00fcnyan\u0131n temel, kritik meselelerinde, ortaya \u00e7\u0131kan krizlerde fikri mutlaka al\u0131nmas\u0131 gereken bir \u00fclke konumuna gelmi\u015ftir. Bu, Say\u0131n Cumhurba\u015fkan\u0131m\u0131z\u0131n aktif, giri\u015fimci d\u0131\u015f politikas\u0131 sayesindedir, y\u00fcr\u00fctt\u00fc\u011f\u00fc lider diplomasisi sayesindedir.&#8221;<\/p>\n<p>Dijital G\u00f6sterim Merkezlerinde teknolojinin son imkanlar\u0131n\u0131n kullan\u0131ld\u0131\u011f\u0131n\u0131 anlatan Altun, farkl\u0131 b\u00f6lgelerde kurulan bu merkezlerde vatanda\u015flara g\u00fcndeme ili\u015fkin sunumlar yap\u0131ld\u0131\u011f\u0131n\u0131 s\u00f6yledi.<\/p>\n<p>AA ve TRT&#8217;nin \u00e7al\u0131\u015fmalar\u0131<\/p>\n<p>\u0130leti\u015fim Ba\u015fkan\u0131 Altun, soru \u00fczerine, Anadolu Ajans\u0131 (AA) ve TRT&#8217;nin T\u00fcrkiye&#8217;nin k\u00f6kl\u00fc kurumlar\u0131 oldu\u011funu hat\u0131rlatt\u0131. AA ve TRT&#8217;nin, T\u00fcrkiye&#8217;nin tezlerinin d\u00fcnyaya aktar\u0131lmas\u0131nda kritik kurumlar oldu\u011funun alt\u0131n\u0131 \u00e7izen Altun, \u015funlar\u0131 kaydetti:<\/p>\n<p>&#8220;Anadolu Ajans\u0131n\u0131n farkl\u0131 dillerde y\u00fcr\u00fctt\u00fc\u011f\u00fc yay\u0131nlar, anl\u0131k olarak T\u00fcrkiye&#8217;nin tezlerini d\u00fcnyaya anlatmak noktas\u0131nda son derece kritik bir mecra konumunda. Anadolu Ajans\u0131n\u0131n foto\u011fraf servisi, b\u00fct\u00fcn d\u00fcnyada \u00f6rd\u00fc\u011f\u00fc a\u011f, onu son derece kritik ve k\u0131ymetli bir yere ta\u015f\u0131m\u0131\u015f durumda. Benzer \u015fekilde TRT, \u00f6zellikle son d\u00f6nemde TRT World ve TRT Arabi ile birlikte T\u00fcrkiye&#8217;nin tezlerini uluslararas\u0131 alana yaymak noktas\u0131nda \u00e7ok ciddi bir noktaya geldi. Biz \u015fu iki kavram\u0131 \u00e7ok \u00f6nemsiyoruz: \u0130tibar ve g\u00fcven. Ne olursa olsun, T\u00fcrkiye&#8217;nin itibar\u0131n\u0131 art\u0131rmak ve T\u00fcrkiye&#8217;ye olan g\u00fcveni art\u0131rmak noktas\u0131nda b\u00fct\u00fcn kurumlar\u0131m\u0131z\u0131n \u00e7ok ciddi gayreti var, olmal\u0131. Bununla ilgili biz de elimizden gelen b\u00fct\u00fcn gayreti ortaya koyuyoruz. Say\u0131n Cumhurba\u015fkan\u0131m\u0131z \u00f6n\u00fcm\u00fcze s\u00fcrekli bu hedefi koyuyor, daha da ileri gitmek, daha da yo\u011fun \u015fekilde \u00e7al\u0131\u015fmak mecburiyetindeyiz.&#8221;<\/p>\n<p>T\u00fcrkiye-AB ili\u015fkileri<\/p>\n<p>Fahrettin Altun, Avrupa Birli\u011fi toplant\u0131lar\u0131nda T\u00fcrkiye kar\u015f\u0131t\u0131 bir yapt\u0131r\u0131m karar\u0131 beklenip beklenmedi\u011fi y\u00f6n\u00fcndeki soru \u00fczerine, &#8220;B\u00f6yle bir beklentimiz s\u00f6z konusu de\u011fil. B\u00f6ylesi bir ad\u0131m, uluslararas\u0131 ili\u015fkiler tarihinde at\u0131labilecek en irrasyonel ad\u0131mlardan biri olur.&#8221; dedi.<\/p>\n<p>Cumhurba\u015fkan\u0131 Erdo\u011fan&#8217;\u0131n ikili diyaloglar\u0131n\u0131 da s\u00fcrd\u00fcrd\u00fc\u011f\u00fcne de\u011finen Altun, \u015f\u00f6yle devam etti:<\/p>\n<p>&#8220;T\u00fcrkiye-Avrupa ili\u015fkileriyle alakal\u0131 Say\u0131n Cumhurba\u015fkan\u0131m\u0131z\u0131n ortaya koydu\u011fu perspektif, verdi\u011fi mesaj \u00e7ok a\u00e7\u0131k ve net. Kamuoyumuzun da yak\u0131ndan b\u00fct\u00fcn boyutlar\u0131yla bildi\u011fi bir mesaj bu. T\u00fcrkiye&#8217;nin milli \u00e7\u0131karlar ekseninde yapt\u0131\u011f\u0131 yolculuk, ortaya koydu\u011fu d\u0131\u015f politika, rasyonel bir liderlik s\u00f6z konusu oldu\u011funda Avrupa \u00fclkeleri a\u00e7\u0131s\u0131ndan da benimsenmesi gereken bir yolculuktur. Fakat burada k\u00fc\u00e7\u00fck hesaplarla ne yaz\u0131k ki birtak\u0131m kendi dar alanlar\u0131nda girdikleri ili\u015fkiler dolay\u0131s\u0131yla s\u00f6z konusu olan k\u00fc\u00e7\u00fck hesaplarla hareket edildi\u011finde T\u00fcrkiye&#8217;ye d\u00f6n\u00fck zaman zaman olumsuz yakla\u015f\u0131mlar s\u00f6z konusu olabiliyor. Bizim s\u00f6yledi\u011fimiz \u00e7ok a\u00e7\u0131k ve net bir \u015fey var. Avrupa&#8217;n\u0131n g\u00fcvenli\u011fi T\u00fcrkiye&#8217;den ba\u015flar. G\u00fc\u00e7l\u00fc bir Avrupa-T\u00fcrkiye ili\u015fkileri, T\u00fcrkiye&#8217;ye oldu\u011fu kadar Avrupa \u00fclkeleri a\u00e7\u0131s\u0131ndan da bir kazan\u0131md\u0131r. T\u00fcrkiye geldi\u011fi nokta, bulundu\u011fu konum, kazand\u0131\u011f\u0131 imkan ve kabiliyetler itibar\u0131yla Avrupa i\u00e7in bir \u015fanst\u0131r. Bu anlamda Avrupa&#8217;n\u0131n bunu g\u00f6r\u00fcp de\u011ferlendirmesi laz\u0131m.&#8221;<\/p>\n<p>Cumhurba\u015fkan\u0131 Erdo\u011fan&#8217;\u0131n diplomasi trafi\u011fi<\/p>\n<p>Fahrettin Altun, Cumhurba\u015fkan\u0131 Erdo\u011fan&#8217;\u0131n yo\u011fun program\u0131nda her ortamda liderlerle diplomasisini s\u00fcrd\u00fcrd\u00fc\u011f\u00fcn\u00fc anlatt\u0131. Erdo\u011fan&#8217;\u0131n Cumhurba\u015fkanl\u0131\u011f\u0131 se\u00e7imleri \u00f6ncesinde, &#8220;Ben ko\u015fan, terleyen bir Cumhurba\u015fkan\u0131 olaca\u011f\u0131m.&#8221; dedi\u011fini aktaran Altun, Erdo\u011fan&#8217;\u0131n &#8220;yo\u011fun bir mesaisi ve bitmeyen bir enerjisi&#8221; oldu\u011funu dile getirdi.<\/p>\n<p>Erdo\u011fan&#8217;\u0131n her g\u00fcn\u00fcn\u00fc &#8220;\u00fclkeye hizmet yar\u0131\u015f\u0131&#8221; olarak g\u00f6rd\u00fc\u011f\u00fcn\u00fc ve dakikas\u0131n\u0131 bile bo\u015f ge\u00e7irmemeye \u00e7al\u0131\u015ft\u0131\u011f\u0131n\u0131 anlatan Altun, yeri geldi\u011finde otob\u00fcste, yeri geldi\u011finde kritik bir toplant\u0131ya ara vererek \u00fclke liderleriyle g\u00f6r\u00fc\u015fmeler yapt\u0131\u011f\u0131n\u0131 s\u00f6yledi.<\/p>\n<p>Cumhurba\u015fkan\u0131 Erdo\u011fan&#8217;\u0131n &#8220;dosyas\u0131na hakim&#8221; oldu\u011funun alt\u0131n\u0131 \u00e7izen Altun, meselelere haz\u0131rl\u0131kl\u0131 oldu\u011fu i\u00e7in de muhataplar\u0131yla g\u00f6r\u00fc\u015fmelerini h\u0131zl\u0131ca ger\u00e7ekle\u015ftirebildi\u011fini dile getirdi.<\/p>\n<p>Erdo\u011fan&#8217;\u0131n, &#8220;T\u00fcrkiye, 1945&#8217;ten bu yana belki ilk defa uluslararas\u0131 alanda merkeze oturma f\u0131rsat\u0131 yakalam\u0131\u015ft\u0131r.&#8221; s\u00f6z\u00fcn\u00fc hat\u0131rlatan Altun, \u015fu de\u011ferlendirmede bulundu:<\/p>\n<p>&#8220;Kaotik bir uluslararas\u0131 zemin var. Bu anlamda art\u0131k tek kutuplu bir d\u00fcnya yok. Bir\u00e7ok \u00fclke a\u00e7\u0131s\u0131ndan krizli bir uluslararas\u0131 ortam var. Bu ortamdaki f\u0131rsatlar\u0131 de\u011ferlendirmek noktas\u0131nda T\u00fcrkiye, Say\u0131n Cumhurba\u015fkan\u0131m\u0131z liderli\u011finde \u00e7ok \u00f6nemli ad\u0131mlar atabiliyor. Cumhurba\u015fkan\u0131m\u0131z bu s\u00fcrecin \u00e7ok iyi de\u011ferlendirilmesi gerekti\u011fi kanaatine sahip oldu\u011fu i\u00e7in de \u00f6nce b\u00f6lgemiz, ard\u0131ndan da k\u00fcresel co\u011frafyada, &#8216;Mutlaka temel meselelerle ilgili T\u00fcrkiye&#8217;nin s\u00f6z\u00fc vard\u0131r ve muhataplar\u0131n\u0131n bu s\u00f6z\u00fc bilmesi ve buna uygun \u015fekilde davranmas\u0131 i\u00e7in de ikna edilmesi gerekir.&#8217; yakla\u015f\u0131m\u0131yla muhataplar\u0131yla birebir a\u00e7\u0131k ve net ili\u015fki ve ileti\u015fimi tercih ediyor. Bu tabii \u00e7ok yo\u011fun bir diplomasiyi beraberinde getiriyor.&#8221;\u00a0<\/p>\n<p>Pelosi&#8217;nin a\u00e7\u0131klamalar\u0131<\/p>\n<p>ABD Temsilciler Meclisi Ba\u015fkan\u0131 Nancy Pelosi&#8217;nin T\u00fcrkiye&#8217;yi &#8220;k\u00f6t\u00fc \u00f6rnek&#8221; olarak g\u00f6sterdi\u011finin hat\u0131rlat\u0131lmas\u0131 \u00fczerine de Fahrettin Altun, bu ifadeleri &#8220;ciddiyetsiz&#8221; buldu\u011funu dile getirdi.\u00a0<\/p>\n<p>Pelosi&#8217;nin bulundu\u011fu konumun, kendisini cevaps\u0131z b\u0131rakmamay\u0131 gerektirdi\u011fini vurgulayan Altun, \u015funlar\u0131 s\u00f6yledi:<\/p>\n<p>&#8220;T\u00fcrkiye son derece demokratik bir ge\u00e7mi\u015fe sahip. Ancak ve ancak bu demokratik ge\u00e7mi\u015f, darbelerle ink\u0131taya u\u011frat\u0131lm\u0131\u015f bir ge\u00e7mi\u015ftir. Peki bu darbelerin arkas\u0131nda hangi akt\u00f6rler vard\u0131r? Bu anlamda bakt\u0131\u011f\u0131n\u0131zda bizde g\u00fc\u00e7 ge\u00e7i\u015fleri bir iktidardan bir ba\u015fka iktidara ge\u00e7i\u015f, halk\u0131n iradesiyle olur. Bunun istisnas\u0131 darbelerdir. Bu darbelerin arkas\u0131nda kimler oldu\u011fu da kamuoyunun bildi\u011fi bir husustur. Dolay\u0131s\u0131yla bunu hat\u0131rlatmak gerekir. T\u00fcrkiye&#8217;nin demokrasisinin ne kadar g\u00fc\u00e7l\u00fc oldu\u011fu, demokrasi k\u00fclt\u00fcr\u00fcn\u00fcn ne kadar g\u00fc\u00e7l\u00fc oldu\u011fu 15 Temmuz&#8217;da b\u00fct\u00fcn d\u00fcnyaya, dosta d\u00fc\u015fmana ilan edilmi\u015ftir. 15 Temmuz darbe ve i\u015fgal giri\u015fiminin arkas\u0131nda kimlerin oldu\u011fu da ayr\u0131ca bir soru i\u015fareti olarak buraya b\u0131rak\u0131lmas\u0131 gereken bir i\u015farettir. Temel itibar\u0131yla bizim \u00e7ok a\u00e7\u0131k ve net bunu s\u00f6ylememiz laz\u0131m. Ne yaz\u0131k ki Pelosi&#8217;nin de T\u00fcrkiye kar\u015f\u0131t\u0131 lobinin s\u00f6zc\u00fcl\u00fc\u011f\u00fcne soyundu\u011funu \u00fcz\u00fclerek g\u00f6rm\u00fc\u015f durumday\u0131z. Bu, Say\u0131n Cumhurba\u015fkan\u0131m\u0131z\u0131n Amerikan Ba\u015fkan\u0131&#8217;yla ili\u015fkisine bir m\u00fcdahale giri\u015fimi olarak da ayr\u0131ca okunabilir, iki \u00fclke ili\u015fkilerine m\u00fcdahale giri\u015fimi olarak da okunabilir. Ben Amerika&#8217;daki y\u00fcr\u00fctme organlar\u0131n\u0131n da bu olumsuz s\u00f6yleme tepki g\u00f6stereceklerini \u00fcmit ediyorum.&#8221;<\/p>\n<p>Amerika&#8217;daki T\u00fcrkiye kar\u015f\u0131t\u0131 lobinin, \u00f6zellikle medya a\u011flar\u0131 ve d\u00fc\u015f\u00fcnce kurulu\u015flar\u0131 \u00fczerinden i\u015flemeye devam etti\u011finin alt\u0131n\u0131 \u00e7izen Altun, bu akt\u00f6rlerin uluslararas\u0131 alanda y\u00fcr\u00fcyen g\u00fc\u00e7 m\u00fccadelesinde T\u00fcrkiye&#8217;nin konumunu zay\u0131flatmak i\u00e7in gayret i\u00e7erisinde oldu\u011funu s\u00f6yledi.<\/p>\n<p>&#8220;Ba\u011f\u0131ml\u0131l\u0131k tuza\u011f\u0131ndan kendisini kurtarm\u0131\u015f bir T\u00fcrkiye var&#8221;<\/p>\n<p>T\u00fcrkiye&#8217;ye y\u00f6nelen ele\u015ftirilerin hi\u00e7bir h\u00fckm\u00fcn\u00fcn olmad\u0131\u011f\u0131n\u0131n alt\u0131n\u0131 \u00e7izen Altun, \u015f\u00f6yle devam etti:<\/p>\n<p>&#8220;Burada arzu edilen \u015fey, T\u00fcrkiye&#8217;nin iddialar\u0131ndan vazge\u00e7mesi. T\u00fcrkiye&#8217;nin ba\u011f\u0131ml\u0131l\u0131k tuza\u011f\u0131na yeniden kap\u0131lmas\u0131, yani ge\u00e7mi\u015fte oldu\u011fu gibi sorgusuz sualsiz bat\u0131c\u0131 bir paradigma ekseninde siyaset yapmas\u0131. \u015eu an itibar\u0131yla T\u00fcrkiye&#8217;de yeni bir paradigma var. Ba\u011f\u0131ml\u0131l\u0131k tuza\u011f\u0131ndan kendisini kurtarm\u0131\u015f bir T\u00fcrkiye var. D\u0131\u015f politikada, ekonomide, g\u00fcvenlik politikalar\u0131nda \u00f6zg\u00fcn, \u00f6zerkle\u015fmi\u015f bir T\u00fcrkiye var. Bunu da yaparken halk\u0131ndan \u00e7ok b\u00fcy\u00fck bir destek alan bir lider var. Elbette burada bir y\u0131pratma sava\u015f\u0131 s\u00f6z konusu, bu y\u0131pratma sava\u015f\u0131n\u0131n unsurlar\u0131 bunlar. \u00a0Bunu hem biz T\u00fcrkiye kamuoyuna iyi anlatmak durumunday\u0131z hem de di\u011fer taraftan T\u00fcrkiye&#8217;nin tezlerini Amerikan kamuoyuna b\u00fct\u00fcn bu frekans bozucu unsurlara ra\u011fmen anlatmak durumunday\u0131z.&#8221;<\/p>\n<p>K\u0131sa vadede T\u00fcrkiye&#8217;nin tezlerini, yakla\u015f\u0131mlar\u0131n\u0131 anlatmak i\u00e7in kitaplar, sosyal medya kampanyalar\u0131, konferanslar, paneller, \u00e7al\u0131\u015ftaylar ve toplant\u0131lar d\u00fczenlediklerini belirten Altun, orta vadede stratejik ileti\u015fim kampanyalar\u0131 yapt\u0131klar\u0131n\u0131 dile getirdi. Bu noktada film ve diziler gibi platformlar\u0131 da kullanmak durumunda olduklar\u0131n\u0131 ifade eden Altun, uzun vadede de temelde stratejik akt\u00f6rlere yat\u0131r\u0131m yaparak, onlar\u0131 T\u00fcrkiye&#8217;ye sempati duyan akt\u00f6rler haline getirmek \u00fczere ili\u015fki a\u011flar\u0131 geli\u015ftirmeye \u00e7al\u0131\u015ft\u0131klar\u0131n\u0131 s\u00f6yledi.<\/p>\n<p>T\u00fcrkiye&#8217;nin Cumhurba\u015fkan\u0131 Erdo\u011fan&#8217;\u0131n liderli\u011finde ciddi bir m\u00fccadele verdi\u011fini ve bunun sonucunda elde edilen ba\u015far\u0131n\u0131n bat\u0131 ba\u015fkentlerinde rahats\u0131zl\u0131\u011fa neden oldu\u011funu belirten Altun, T\u00fcrkiye&#8217;nin, b\u00f6lgesinde her zaman etkin bir \u00fclke oldu\u011funu d\u00fcnya kamuoyuna anlatmak ve bunu kabul ettirmek gerekti\u011fini s\u00f6zlerine ekledi.<\/p>\n","protected":false},"excerpt":{"rendered":"<p>\u0130leti\u015fim Ba\u015fkan\u0131 Fahrettin Altun, &#8220;\u0130leti\u015fim Ba\u015fkanl\u0131\u011f\u0131, stratejik ileti\u015fimin Cumhurba\u015fkan\u0131m\u0131z\u0131n vizyonuyla kurumsal hale gelmesinin somutla\u015fm\u0131\u015f hali. Bu y\u00f6n\u00fcyle bakt\u0131\u011f\u0131m\u0131zda &#8216;Ba\u015fkanl\u0131\u011f\u0131n yapt\u0131\u011f\u0131 en \u00f6nemli fonksiyon nedir?&#8217; diye sorarsan\u0131z, buna verece\u011fim cevap \u015fudur; &hellip; <a href=\"https:\/\/akdenizolaygazetesi.com\/?p=8413\" class=\"more-link\">Devam\u0131n\u0131 Oku&#8230;<\/a><\/p>\n","protected":false},"author":1,"featured_media":0,"comment_status":"open","ping_status":"open","sticky":false,"template":"","format":"standard","meta":[],"categories":[],"tags":[],"_links":{"self":[{"href":"https:\/\/akdenizolaygazetesi.com\/index.php?rest_route=\/wp\/v2\/posts\/8413"}],"collection":[{"href":"https:\/\/akdenizolaygazetesi.com\/index.php?rest_route=\/wp\/v2\/posts"}],"about":[{"href":"https:\/\/akdenizolaygazetesi.com\/index.php?rest_route=\/wp\/v2\/types\/post"}],"author":[{"embeddable":true,"href":"https:\/\/akdenizolaygazetesi.com\/index.php?rest_route=\/wp\/v2\/users\/1"}],"replies":[{"embeddable":true,"href":"https:\/\/akdenizolaygazetesi.com\/index.php?rest_route=%2Fwp%2Fv2%2Fcomments&post=8413"}],"version-history":[{"count":0,"href":"https:\/\/akdenizolaygazetesi.com\/index.php?rest_route=\/wp\/v2\/posts\/8413\/revisions"}],"wp:attachment":[{"href":"https:\/\/akdenizolaygazetesi.com\/index.php?rest_route=%2Fwp%2Fv2%2Fmedia&parent=8413"}],"wp:term":[{"taxonomy":"category","embeddable":true,"href":"https:\/\/akdenizolaygazetesi.com\/index.php?rest_route=%2Fwp%2Fv2%2Fcategories&post=8413"},{"taxonomy":"post_tag","embeddable":true,"href":"https:\/\/akdenizolaygazetesi.com\/index.php?rest_route=%2Fwp%2Fv2%2Ftags&post=8413"}],"curies":[{"name":"wp","href":"https:\/\/api.w.org\/{rel}","templated":true}]}}