{"id":8414,"date":"2020-11-04T18:28:53","date_gmt":"2020-11-04T15:28:53","guid":{"rendered":"http:\/\/mersinekonomipolitikagazetesi.com\/?p=8414"},"modified":"2020-11-04T18:28:53","modified_gmt":"2020-11-04T15:28:53","slug":"baskan-bozdogan-muhtarlarin-talep-ve-sorunlarini-dinledi","status":"publish","type":"post","link":"https:\/\/akdenizolaygazetesi.com\/?p=8414","title":{"rendered":"Ba\u015fkan Bozdo\u011fan, muhtarlar\u0131n talep ve sorunlar\u0131n\u0131 dinledi"},"content":{"rendered":"<p><span style=\"line-height: 1.6em;\">Tarsus Belediye Ba\u015fkan\u0131 Haluk Bozdo\u011fan, muhtarlarla bir araya gelerek talep ve sorunlar\u0131n\u0131 dinledi. Bozdo\u011fan, \u015fehrin \u00e7ehresini de\u011fi\u015ftirecek projeleri yak\u0131n zamanda kamuoyu ile payla\u015facaklar\u0131n\u0131 s\u00f6yledi.\u00a0<\/span><\/p>\n<p>Ba\u015fkan Bozdo\u011fan, Tarsus Muhtarlar Derne\u011fi Ba\u015fkan\u0131 Turgay Benli ve \u00fcyesi olan muhtarlarla bulu\u015ftu. Belediye meclis salonunda ger\u00e7ekle\u015fen bulu\u015fmada Bozdo\u011fan, muhtarlar\u0131n sorunlar\u0131n\u0131 tek tek dinledi. \u0130stek ve talepleri not alan Ba\u015fkan Bozdo\u011fan, \u00e7\u00f6z\u00fclmeyi bekleyen sorunlar\u0131 birimlere iletti.\u00a0<br \/>\nToplant\u0131da, Tarsus\u2019a \u00e7ok b\u00fcy\u00fck katk\u0131lar sa\u011flayacak \u00f6nemli projeler \u00fcrettiklerini belirten Bozdo\u011fan, \u201c\u015eehrimizin \u00e7ehresini de\u011fi\u015ftirecek projeleri yak\u0131n bir zamanda kamuoyu ile payla\u015faca\u011f\u0131z. Kenti turizmden tar\u0131ma, sanayiden e\u011fitim alanlar\u0131na kadar geli\u015ftirecek \u00e7al\u0131\u015fmalar\u0131m\u0131za t\u00fcm h\u0131z\u0131yla devam ediyoruz\u201d dedi.\u00a0<br \/>\nYak\u0131n bir zamanda Tarsus Organize Sanayi B\u00f6lgesi ile ilgili alt yap\u0131 \u00e7al\u0131\u015fmalar\u0131n\u0131 tamamen bitirmi\u015f olacaklar\u0131n\u0131 ifade eden Bozdo\u011fan, b\u00f6lgenin yakla\u015f\u0131k 15 bin ki\u015fiye i\u015f kap\u0131s\u0131 olaca\u011f\u0131n\u0131 ve kentte ticaret yapan insanlar\u0131n \u00f6n\u00fcn\u00fc a\u00e7aca\u011f\u0131n\u0131 kaydetti. Bozdo\u011fan, \u201cTarsus Organize Sanayi B\u00f6lgesinin, Tarsus\u2019a inan\u0131lmaz bir katk\u0131s\u0131 olacak. B\u00f6yle bir yer bizim kendi b\u00fcnyemiz i\u00e7erisinde, bizim olacak, kurulacak olan sanayi b\u00f6lgesini hepimizin de sahiplenmesi gerekiyor. Ger\u00e7ekten bu kentin \u00f6n\u00fcn\u00fc a\u00e7acak tar\u0131mdan, turizmden sonra en b\u00fcy\u00fck projedir\u201d diye konu\u015ftu.\u00a0<\/p>\n","protected":false},"excerpt":{"rendered":"<p>Tarsus Belediye Ba\u015fkan\u0131 Haluk Bozdo\u011fan, muhtarlarla bir araya gelerek talep ve sorunlar\u0131n\u0131 dinledi. Bozdo\u011fan, \u015fehrin \u00e7ehresini de\u011fi\u015ftirecek projeleri yak\u0131n zamanda kamuoyu ile payla\u015facaklar\u0131n\u0131 s\u00f6yledi.\u00a0 Ba\u015fkan Bozdo\u011fan, Tarsus Muhtarlar Derne\u011fi Ba\u015fkan\u0131 &hellip; <a href=\"https:\/\/akdenizolaygazetesi.com\/?p=8414\" class=\"more-link\">Devam\u0131n\u0131 Oku&#8230;<\/a><\/p>\n","protected":false},"author":1,"featured_media":0,"comment_status":"open","ping_status":"open","sticky":false,"template":"","format":"standard","meta":[],"categories":[],"tags":[],"_links":{"self":[{"href":"https:\/\/akdenizolaygazetesi.com\/index.php?rest_route=\/wp\/v2\/posts\/8414"}],"collection":[{"href":"https:\/\/akdenizolaygazetesi.com\/index.php?rest_route=\/wp\/v2\/posts"}],"about":[{"href":"https:\/\/akdenizolaygazetesi.com\/index.php?rest_route=\/wp\/v2\/types\/post"}],"author":[{"embeddable":true,"href":"https:\/\/akdenizolaygazetesi.com\/index.php?rest_route=\/wp\/v2\/users\/1"}],"replies":[{"embeddable":true,"href":"https:\/\/akdenizolaygazetesi.com\/index.php?rest_route=%2Fwp%2Fv2%2Fcomments&post=8414"}],"version-history":[{"count":0,"href":"https:\/\/akdenizolaygazetesi.com\/index.php?rest_route=\/wp\/v2\/posts\/8414\/revisions"}],"wp:attachment":[{"href":"https:\/\/akdenizolaygazetesi.com\/index.php?rest_route=%2Fwp%2Fv2%2Fmedia&parent=8414"}],"wp:term":[{"taxonomy":"category","embeddable":true,"href":"https:\/\/akdenizolaygazetesi.com\/index.php?rest_route=%2Fwp%2Fv2%2Fcategories&post=8414"},{"taxonomy":"post_tag","embeddable":true,"href":"https:\/\/akdenizolaygazetesi.com\/index.php?rest_route=%2Fwp%2Fv2%2Ftags&post=8414"}],"curies":[{"name":"wp","href":"https:\/\/api.w.org\/{rel}","templated":true}]}}