{"id":8415,"date":"2020-11-04T18:28:53","date_gmt":"2020-11-04T15:28:53","guid":{"rendered":"http:\/\/mersinekonomipolitikagazetesi.com\/?p=8415"},"modified":"2020-11-04T18:28:53","modified_gmt":"2020-11-04T15:28:53","slug":"otomobil-catiya-dustu-surucu-yaralandi","status":"publish","type":"post","link":"https:\/\/akdenizolaygazetesi.com\/?p=8415","title":{"rendered":"Otomobil \u00e7at\u0131ya d\u00fc\u015ft\u00fc, s\u00fcr\u00fcc\u00fc yaraland\u0131"},"content":{"rendered":"<p><span style=\"line-height: 1.6em;\">\u00a0Mersin&#8217;in Erdemli il\u00e7esinde ya\u011fmur esnas\u0131nda tepeden a\u015fa\u011f\u0131ya inerken keskin virajda s\u00fcr\u00fcc\u00fcs\u00fcn\u00fcn direksiyon hakimiyetini kaybetti\u011fi otomobil yoldan \u00e7\u0131k\u0131p bir evin \u00e7at\u0131s\u0131na d\u00fc\u015ft\u00fc. \u00c7at\u0131dan i\u00e7eri girip ask\u0131da kalan otomobilden \u00e7\u0131kar\u0131lan ve yaralanan s\u00fcr\u00fcc\u00fc tedavi alt\u0131na al\u0131nd\u0131.\u00a0<\/span><\/p>\n<p>Edinilen bilgiye g\u00f6re ilgin\u00e7 kaza, il\u00e7eye ba\u011fl\u0131 Sinap Mahallesi&#8217;nde meydana geldi. Ya\u011fmur esnas\u0131nda Osman S. (23) tepeden a\u015fa\u011f\u0131ya do\u011fru inerken keskin virajda 33 VDK 25 plakal\u0131 otomobilinin direksiyon hakimiyetini kaybetti. H\u0131zla a\u015fa\u011f\u0131ya do\u011fru inen otomobil i\u00e7erisinde s\u00fcr\u00fcc\u00fcs\u00fcyle birlikte yol kenar\u0131ndaki bo\u015f bir evin \u00e7at\u0131s\u0131ndan i\u00e7eriye girdi. Vatanda\u015flar taraf\u0131ndan ask\u0131da kalan otomobilden yaral\u0131 olarak \u00e7\u0131kar\u0131lan s\u00fcr\u00fcc\u00fc kaza yerine gelen ambulansla Erdemli Devlet Hastanesi&#8217;ne kald\u0131r\u0131larak tedavi alt\u0131na al\u0131nd\u0131.\u00a0<br \/>\nYaral\u0131n\u0131n durumunun iyi oldu\u011fu \u00f6\u011frenilirken, kazayla ilgili ba\u015flat\u0131lan soru\u015fturma ise s\u00fcr\u00fcyor.\u00a0<\/p>\n","protected":false},"excerpt":{"rendered":"<p>\u00a0Mersin&#8217;in Erdemli il\u00e7esinde ya\u011fmur esnas\u0131nda tepeden a\u015fa\u011f\u0131ya inerken keskin virajda s\u00fcr\u00fcc\u00fcs\u00fcn\u00fcn direksiyon hakimiyetini kaybetti\u011fi otomobil yoldan \u00e7\u0131k\u0131p bir evin \u00e7at\u0131s\u0131na d\u00fc\u015ft\u00fc. \u00c7at\u0131dan i\u00e7eri girip ask\u0131da kalan otomobilden \u00e7\u0131kar\u0131lan ve yaralanan &hellip; <a href=\"https:\/\/akdenizolaygazetesi.com\/?p=8415\" class=\"more-link\">Devam\u0131n\u0131 Oku&#8230;<\/a><\/p>\n","protected":false},"author":1,"featured_media":0,"comment_status":"open","ping_status":"open","sticky":false,"template":"","format":"standard","meta":[],"categories":[],"tags":[],"_links":{"self":[{"href":"https:\/\/akdenizolaygazetesi.com\/index.php?rest_route=\/wp\/v2\/posts\/8415"}],"collection":[{"href":"https:\/\/akdenizolaygazetesi.com\/index.php?rest_route=\/wp\/v2\/posts"}],"about":[{"href":"https:\/\/akdenizolaygazetesi.com\/index.php?rest_route=\/wp\/v2\/types\/post"}],"author":[{"embeddable":true,"href":"https:\/\/akdenizolaygazetesi.com\/index.php?rest_route=\/wp\/v2\/users\/1"}],"replies":[{"embeddable":true,"href":"https:\/\/akdenizolaygazetesi.com\/index.php?rest_route=%2Fwp%2Fv2%2Fcomments&post=8415"}],"version-history":[{"count":0,"href":"https:\/\/akdenizolaygazetesi.com\/index.php?rest_route=\/wp\/v2\/posts\/8415\/revisions"}],"wp:attachment":[{"href":"https:\/\/akdenizolaygazetesi.com\/index.php?rest_route=%2Fwp%2Fv2%2Fmedia&parent=8415"}],"wp:term":[{"taxonomy":"category","embeddable":true,"href":"https:\/\/akdenizolaygazetesi.com\/index.php?rest_route=%2Fwp%2Fv2%2Fcategories&post=8415"},{"taxonomy":"post_tag","embeddable":true,"href":"https:\/\/akdenizolaygazetesi.com\/index.php?rest_route=%2Fwp%2Fv2%2Ftags&post=8415"}],"curies":[{"name":"wp","href":"https:\/\/api.w.org\/{rel}","templated":true}]}}