{"id":8416,"date":"2020-11-04T18:28:53","date_gmt":"2020-11-04T15:28:53","guid":{"rendered":"http:\/\/mersinekonomipolitikagazetesi.com\/?p=8416"},"modified":"2020-11-04T18:28:53","modified_gmt":"2020-11-04T15:28:53","slug":"yoruk-kizi-gulsum-sifa-derslerini-artik-canli-takip-edebilecek","status":"publish","type":"post","link":"https:\/\/akdenizolaygazetesi.com\/?p=8416","title":{"rendered":"Y\u00f6r\u00fck K\u0131z\u0131 G\u00fcls\u00fcm \u015eifa, derslerini art\u0131k canl\u0131 takip edebilecek"},"content":{"rendered":"<p><span style=\"line-height: 1.6em;\">\u00a0Mersin&#8217;in Erdemli il\u00e7esinde Toros Da\u011flar\u0131&#8217;n\u0131n y\u00fcksek kesimlerinde k\u00fc\u00e7\u00fckba\u015f hayvan yeti\u015ftiricili\u011fi yapan Y\u00f6r\u00fck ailenin k\u0131z\u0131 G\u00fcls\u00fcm \u015eifa&#8217;ya, EBA&#8217;dan derslere canl\u0131 kat\u0131labilmesi i\u00e7in tablet hediye edildi.\u00a0<\/span><\/p>\n<p>4. s\u0131n\u0131f \u00f6\u011frencisi G\u00fcls\u00fcm \u015eifa, pandemi d\u00f6neminde 2 bin rak\u0131mda ke\u00e7ileri otlat\u0131rken i\u00e7tenlikle okudu\u011fu \u015fiirle tan\u0131nd\u0131.\u00a0<br \/>\n\u015eiiri Erdemli Belediye Ba\u015fkan\u0131 M\u00fckerrem Tollu taraf\u0131ndan da payla\u015f\u0131ld\u0131. Sorgun Yaylas\u0131&#8217;n\u0131n 2 bin rak\u0131m\u0131nda k\u00fc\u00e7\u00fckba\u015f hayvanc\u0131l\u0131k yeti\u015ftiricili\u011fi yapan Y\u00f6r\u00fck Ailenin k\u0131z\u0131 \u015eifa&#8217;n\u0131n \u015fiir okudu\u011fu videosu binlerce be\u011feni toplad\u0131. Ancak e\u011fitim \u00f6\u011fretim d\u00f6nemi ba\u015flay\u0131nca G\u00fcls\u00fcm \u015eifa Uslu, tableti olmad\u0131\u011f\u0131 i\u00e7in EBA&#8217;ya girip \u00f6devlerini yapamad\u0131, canl\u0131 derslere kat\u0131lamad\u0131. Durumu \u00f6\u011frenen Belediye Ba\u015fkan\u0131 M\u00fckerrem Tollu, ziyaret etti\u011fi k\u00fc\u00e7\u00fck k\u0131za tablet ve \u00e7e\u015fitli hediyeler takdim etti. K\u00fc\u00e7\u00fck \u015eifa belediye ba\u015fkan\u0131na te\u015fekk\u00fcr ederek g\u00fcr sesiyle \u0130stiklal Mar\u015f\u0131n\u0131 okudu.\u00a0<\/p>\n<p>Ke\u00e7ileri otlat\u0131rken hediyesi takdim edildi\u00a0<br \/>\nG\u00fcls\u00fcm \u015eifa&#8217;ya ke\u00e7ileri otlat\u0131rken hediyesini takdim eden Belediye Ba\u015fkan\u0131 M\u00fckerrem Tollu, &#8220;Bu ba\u015far\u0131n\u0131 ta\u00e7land\u0131ran, seni yeti\u015ftiren ailen ve \u00f6\u011fretmenlerini binlerce kere tebrik ediyorum. Seni milli ve manevi hassasiyetle donatt\u0131klar\u0131 i\u00e7in, bu hassasiyetle bir evlat yeti\u015ftirdikleri i\u00e7in onlar\u0131 tebrik ediyorum. Asil milletimizin gelece\u011fine \u00e7ok ciddi katk\u0131lar sunaca\u011f\u0131na inan\u0131yorum. Yar\u0131n devrald\u0131\u011f\u0131n bu bayra\u011f\u0131 daha da y\u00fckseklere ta\u015f\u0131yaca\u011f\u0131ndan zerre kadar endi\u015femiz yok&#8221; dedi.\u00a0<br \/>\nBulunduklar\u0131 noktan\u0131n bin 900, 2 bin rak\u0131mlar\u0131nda oldu\u011funu dile getiren Tollu, burada ailelerin hayvanc\u0131l\u0131kla u\u011fra\u015farak ciddi bir \u00fcretim ger\u00e7ekle\u015ftirdiklerini, zor \u015fartlara ra\u011fmen ailelerin \u00e7ocuklar\u0131n\u0131 milli ve manevi hassasiyetle yeti\u015ftirdiklerini, bundan da \u00e7ok mutlu olduklar\u0131n\u0131 dile getirdi.\u00a0<br \/>\nTollu, &#8220;K\u0131z\u0131m\u0131z kendisine hediye etti\u011fimiz bu tablet ile derslerine oldu\u011fu yerden kat\u0131lma ve yapma imkan\u0131na kavu\u015facak. G\u00fcls\u00fcm \u015eifa&#8217;y\u0131 tebrik ediyorum, ba\u015far\u0131lar\u0131n\u0131n daim olmas\u0131n\u0131 diliyorum&#8221; \u015feklinde konu\u015ftu.\u00a0<\/p>\n<p>\u00d6\u011fretmen olmak istiyor\u00a0<br \/>\nG\u00fcls\u00fcm \u015eifa da, &#8220;Koronadan dolay\u0131 EBA&#8217;dan derslere ba\u011flan\u0131yoruz. Bazen internet \u00e7ekmedi\u011fi i\u00e7in, bazen EBA&#8217;ya girecek tabletim olmad\u0131\u011f\u0131 i\u00e7in derslere giremiyordum. O zaman derslerimi kitaptan yap\u0131yordum. Ben b\u00fcy\u00fcy\u00fcnce \u00f6\u011fretmen olmak istiyorum. Mustafa \u00f6\u011fretmenim gibi \u00f6\u011fretmen olmak istiyorum&#8221; dedi.\u00a0<br \/>\nG\u00fcls\u00fcm \u015eifa&#8217;n\u0131n babas\u0131 \u015eefaat Uslu ise k\u0131z\u0131n\u0131n kitaplara b\u00fcy\u00fck merak\u0131n\u0131n oldu\u011funu ifade ederek, &#8220;K\u0131z\u0131m kitap okumay\u0131 \u00e7ok seviyor. \u015eehre gitti\u011fim zaman 10 g\u00fcnde, 15 g\u00fcnd\u00fc kitaplar al\u0131yorum. Okumay\u0131 \u00e7ok seviyor&#8221; diye konu\u015ftu.\u00a0<br \/>\nHac\u0131halilarpa\u00e7 Mahallesi Muhtar\u0131 H\u00fcseyin Nergiz ise k\u00fc\u00e7\u00fck k\u0131z\u0131n ailesine yard\u0131m etti\u011fini ve derslerinde ba\u015far\u0131l\u0131 bir \u00f6\u011frenci oldu\u011funu dile getirdi.\u00a0<br \/>\nNergiz, &#8220;K\u0131z\u0131m\u0131z davarlar\u0131 g\u00fcd\u00fcyor, evde annesine yard\u0131m ediyor, derslerine \u00e7al\u0131\u015f\u0131yor. \u00c7al\u0131\u015fkan bir \u00f6\u011frenci, \u00e7al\u0131\u015fmasa bu ba\u015far\u0131y\u0131 yakalayamazd\u0131&#8221; \u015feklinde konu\u015ftu.\u00a0<br \/>\nK\u00fc\u00e7\u00fck G\u00fcls\u00fcm \u015eifa g\u00fcn\u00fcn\u00fc ke\u00e7ileri otlatarak, annesine ev i\u015flerinde yard\u0131mc\u0131 olarak, ders yaparak ve \u00e7evredeki b\u00fcy\u00fck k\u00fc\u00e7\u00fck herkese hikayeler okuyarak ge\u00e7iriyor.\u00a0<\/p>\n","protected":false},"excerpt":{"rendered":"<p>\u00a0Mersin&#8217;in Erdemli il\u00e7esinde Toros Da\u011flar\u0131&#8217;n\u0131n y\u00fcksek kesimlerinde k\u00fc\u00e7\u00fckba\u015f hayvan yeti\u015ftiricili\u011fi yapan Y\u00f6r\u00fck ailenin k\u0131z\u0131 G\u00fcls\u00fcm \u015eifa&#8217;ya, EBA&#8217;dan derslere canl\u0131 kat\u0131labilmesi i\u00e7in tablet hediye edildi.\u00a0 4. s\u0131n\u0131f \u00f6\u011frencisi G\u00fcls\u00fcm \u015eifa, pandemi &hellip; <a href=\"https:\/\/akdenizolaygazetesi.com\/?p=8416\" class=\"more-link\">Devam\u0131n\u0131 Oku&#8230;<\/a><\/p>\n","protected":false},"author":1,"featured_media":0,"comment_status":"open","ping_status":"open","sticky":false,"template":"","format":"standard","meta":[],"categories":[],"tags":[],"_links":{"self":[{"href":"https:\/\/akdenizolaygazetesi.com\/index.php?rest_route=\/wp\/v2\/posts\/8416"}],"collection":[{"href":"https:\/\/akdenizolaygazetesi.com\/index.php?rest_route=\/wp\/v2\/posts"}],"about":[{"href":"https:\/\/akdenizolaygazetesi.com\/index.php?rest_route=\/wp\/v2\/types\/post"}],"author":[{"embeddable":true,"href":"https:\/\/akdenizolaygazetesi.com\/index.php?rest_route=\/wp\/v2\/users\/1"}],"replies":[{"embeddable":true,"href":"https:\/\/akdenizolaygazetesi.com\/index.php?rest_route=%2Fwp%2Fv2%2Fcomments&post=8416"}],"version-history":[{"count":0,"href":"https:\/\/akdenizolaygazetesi.com\/index.php?rest_route=\/wp\/v2\/posts\/8416\/revisions"}],"wp:attachment":[{"href":"https:\/\/akdenizolaygazetesi.com\/index.php?rest_route=%2Fwp%2Fv2%2Fmedia&parent=8416"}],"wp:term":[{"taxonomy":"category","embeddable":true,"href":"https:\/\/akdenizolaygazetesi.com\/index.php?rest_route=%2Fwp%2Fv2%2Fcategories&post=8416"},{"taxonomy":"post_tag","embeddable":true,"href":"https:\/\/akdenizolaygazetesi.com\/index.php?rest_route=%2Fwp%2Fv2%2Ftags&post=8416"}],"curies":[{"name":"wp","href":"https:\/\/api.w.org\/{rel}","templated":true}]}}