{"id":8417,"date":"2020-11-04T18:28:53","date_gmt":"2020-11-04T15:28:53","guid":{"rendered":"http:\/\/mersinekonomipolitikagazetesi.com\/?p=8417"},"modified":"2020-11-04T18:28:53","modified_gmt":"2020-11-04T15:28:53","slug":"mut-ve-gulnarda-ureticilere-kil-kecisi","status":"publish","type":"post","link":"https:\/\/akdenizolaygazetesi.com\/?p=8417","title":{"rendered":"Mut ve G\u00fclnar&#8217;da \u00fcreticilere k\u0131l ke\u00e7isi"},"content":{"rendered":"<p><span style=\"line-height: 1.6em;\">\u00a0Mersin B\u00fcy\u00fck\u015fehir Belediye Ba\u015fkan\u0131 Vahap Se\u00e7er, \u201cHaydi Gel K\u00f6y\u00fcm\u00fcze Destek Verelim Projesi\u201d kapsam\u0131nda k\u00fc\u00e7\u00fckba\u015f hayvan da\u011f\u0131t\u0131mlar\u0131n\u0131 s\u00fcrd\u00fcr\u00fcyor. Bir\u00e7ok payda\u015f\u0131n destekledi\u011fi proje kapsam\u0131nda Mut ve G\u00fclnar il\u00e7elerinden se\u00e7ilen 3\u2019\u00fc kad\u0131n toplam 13 \u00fcretici, k\u0131l ke\u00e7isi cinsinde k\u00fc\u00e7\u00fckba\u015f hayvanlar\u0131n\u0131 t\u00f6renle teslim ald\u0131.\u00a0<\/span><\/p>\n<p>Proje kapsam\u0131nda ilk y\u0131l 27\u2019si kad\u0131n olmak \u00fczere toplam 60 \u00fcreticinin her birine 25 k\u00fc\u00e7\u00fckba\u015f hayvan verilecek. Ba\u015fkan Se\u00e7er, \u00fcretici se\u00e7imi konusunda da kad\u0131nlara ve gen\u00e7lere \u00f6ncelik verdiklerini ifade ederek, bir y\u0131ll\u0131k yem ve hayvanlara yap\u0131lacak a\u015f\u0131n\u0131n finansman deste\u011fini de Mersin B\u00fcy\u00fck\u015fehir Belediyesi\u2019nin kar\u015f\u0131layaca\u011f\u0131n\u0131 belirtti.\u00a0<br \/>\nMersin B\u00fcy\u00fck\u015fehir Belediyesi Tar\u0131msal ve Veteriner Hizmetleri Dairesi Ba\u015fkanl\u0131\u011f\u0131\u2019n\u0131n \u00f6nc\u00fcl\u00fck etti\u011fi projenin payda\u015flar\u0131n\u0131, Mersin \u0130l Tar\u0131m ve Orman M\u00fcd\u00fcrl\u00fc\u011f\u00fc, Mersin Veteriner Hekimler Odas\u0131, Mersin \u0130li Dam\u0131zl\u0131k Koyun Ke\u00e7i Yeti\u015ftiricili\u011fi Birli\u011fi olu\u015fturuyor. Mut Karacao\u011flan Park\u0131\u2019nda ger\u00e7ekle\u015fen da\u011f\u0131t\u0131m t\u00f6reninde Ba\u015fkan Vahap Se\u00e7er\u2019e Mut Belediye Ba\u015fkan\u0131 Volkan \u015eeker, Mersin \u0130li Dam\u0131zl\u0131k Koyun ve Ke\u00e7i Yeti\u015ftiricileri Birli\u011fi Ba\u015fkan\u0131 Mehmet Akdo\u011fan, Mersin Veteriner Hekimler Odas\u0131 Ba\u015fkan\u0131 Bekta\u015f \u015eenay, Mut \u0130l\u00e7e Tar\u0131m ve Orman M\u00fcd\u00fcr\u00fc Ekrem Bay\u0131r ile belediye meclis \u00fcyeleri, siyasi parti temsilcileri, belediye b\u00fcrokratlar\u0131, muhtarlar ve \u00fcreticiler e\u015flik etti.\u00a0<br \/>\n5 y\u0131l s\u00fcrecek projede her y\u0131l 60 \u00fcreticiye destek verilece\u011fini ve kad\u0131nlara \u00f6ncelik tan\u0131naca\u011f\u0131n\u0131 s\u00f6yleyen Se\u00e7er, 5 y\u0131l\u0131n sonunda toplam 300 aileye destek verilece\u011fini ve dam\u0131zl\u0131k pop\u00fclasyonuna 7 bin 500 yeni k\u00fc\u00e7\u00fckba\u015f hayvan kat\u0131laca\u011f\u0131n\u0131 vurgulad\u0131. Gelecek y\u0131ldan sonra bu y\u0131l k\u00fc\u00e7\u00fckba\u015f hayvan verilen \u00fcreticiden elde edilecek di\u015fi dam\u0131zl\u0131k hayvan\u0131, \u00fc\u00e7\u00fcnc\u00fc y\u0131l yeni \u00fcreticilere vererek d\u00f6ng\u00fcn\u00fcn devam\u0131n\u0131n sa\u011flanaca\u011f\u0131n\u0131 belirten Se\u00e7er, \u201cProjenin burada ba\u015flamas\u0131ndan \u00f6te projenin bitimi \u00f6nemli, ba\u015far\u0131l\u0131 olmas\u0131 \u00f6nemli. Size emanet edilen koyunlar\u0131n paras\u0131 bu halk\u0131n paras\u0131, benim param de\u011fil. \u00dcreticime gelecek yem benim param de\u011fil halk\u0131n paras\u0131, emaneti. Onun hayvan\u0131na yap\u0131lacak a\u015f\u0131 benim paramla al\u0131nm\u0131yor sizin paran\u0131zla al\u0131n\u0131yor, bu \u00f6nemli. Onun i\u00e7in ince eledik, s\u0131k dokuduk, payda\u015flar\u0131m\u0131zla beraber en itinal\u0131 \u015fekilde \u00fcreticilerimizi tespit ettik. Ben vicdan\u0131m kat\u0131nda son derece rahat\u0131m. Hi\u00e7bir ayr\u0131mc\u0131l\u0131k olmadan tamamen ya\u015f ve kad\u0131n olma h\u00fcviyetini \u00f6ne ald\u0131k. Gen\u00e7 olsun istedik, kad\u0131n olsun istedik, burada bir pozitif ayr\u0131mc\u0131l\u0131k yapt\u0131k\u201d dedi.\u00a0<\/p>\n<p>\u201cTar\u0131m Mut halk\u0131n\u0131n ge\u00e7im kayna\u011f\u0131, ge\u00e7mi\u015fi, bug\u00fcn\u00fc, gelece\u011fi\u201d\u00a0<br \/>\nTar\u0131m alan\u0131nda di\u011fer il\u00e7elere g\u00f6sterilen \u00f6zenin Mut\u2019a da g\u00f6sterildi\u011fini kaydeden Se\u00e7er, \u201cMut, b\u00f6lgemizin en bereketli topraklar\u0131 \u00fczerine kurulu. Tar\u0131m Mut halk\u0131n\u0131n ge\u00e7im kayna\u011f\u0131, ge\u00e7mi\u015fi, bug\u00fcn\u00fc, gelece\u011fi. Tar\u0131m Mut\u2019un asl\u0131nda her \u015feyi. Burada tar\u0131m olmazsa insanlar\u0131 tutmak biraz g\u00fc\u00e7le\u015fir. Herkes ya Karaman\u2019a gider ya Mersin merkeze gider ya daha b\u00fcy\u00fck bir il\u00e7eye, Anamur\u2019a, Silifke\u2019ye gider. Orada kendisine ekmek aramaya gitmek zorunda kal\u0131r. Ama tar\u0131m, \u00fcretim hepimizi Mut\u2019a ba\u011fl\u0131yor. Biz bu ger\u00e7ekleri g\u00f6r\u00fcyoruz. Bunun i\u00e7in de tar\u0131m alan\u0131nda di\u011fer il\u00e7elerimize g\u00f6sterdi\u011fimiz \u00f6zeni Mut\u2019a da g\u00f6steriyoruz. Tar\u0131m T\u00fcrkiye\u2019de \u00e7ok derin bir konu, \u00e7ok karma\u015f\u0131k bir konu. Tar\u0131m T\u00fcrkiye\u2019de gelmi\u015f ge\u00e7mi\u015f bug\u00fcne kadar ka\u00e7 h\u00fck\u00fcmet olduysa b\u00fct\u00fcn h\u00fck\u00fcmetleri ya zirve yapt\u0131r\u0131r ya yerle yeksan eder. Tar\u0131ma \u00f6nem veren, de\u011fer veren, \u00e7ift\u00e7inin k\u0131ymetini, al\u0131n terinin k\u0131ymetini bilen ba\u015fbakanlar siyasi hayat\u0131m\u0131zda \u00e7ok \u00f6nemli destekler g\u00f6rm\u00fc\u015ft\u00fcr. Tar\u0131m sadece para de\u011fil. Bizim tar\u0131m\u0131m\u0131z olmazsa T\u00fcrkiye\u2019de i\u015fsizlik tavan yapar. Tar\u0131m ayn\u0131 zamanda i\u015fsizli\u011fi de ortadan kald\u0131ran bir sekt\u00f6r&#8221; diye konu\u015ftu.\u00a0<\/p>\n<p>\u201cTanklar Ekim ay\u0131n\u0131n ilk haftas\u0131nda kooperatiflerimize teslim edilmi\u015f olacak\u201d\u00a0<br \/>\nSe\u00e7er, da\u011f\u0131t\u0131m t\u00f6reninde Mut \u00dcreticileri Tar\u0131msal Kalk\u0131nma Kooperatifi\u2019ne bir adet zeytin boylama makinesi de hediye etti. Bu y\u0131l yap\u0131lan 60 kilometrelik sulama borusu da\u011f\u0131t\u0131mlar\u0131n\u0131 da Mut\u2019ta ba\u015flatt\u0131klar\u0131n\u0131 ve 15 bin 600 metre sulama borusu da\u011f\u0131t\u0131m\u0131 yapt\u0131klar\u0131n\u0131 kaydeden Se\u00e7er, y\u0131lsonuna kadar il\u00e7eye yap\u0131lacak olan hizmetlerden de bahsetti. Se\u00e7er, \u201cMut Ayd\u0131no\u011flu K\u00f6y\u00fc Tar\u0131msal Kalk\u0131nma Kooperatifi\u2019ne 1, 3 tonluk olacak. \u00c7aml\u0131ca K\u00f6y\u00fc Tar\u0131msal Kalk\u0131nma Kooperatifi\u2019ne 1 adet yine 3 tonluk, Kemenli Karadiken K\u00f6yleri Tar\u0131msal Kalk\u0131nma Kooperatifi\u2019ne 1 adet 5 tonluk. G\u00fclnar K\u00f6se\u00e7obanl\u0131 Tar\u0131msal Kalk\u0131nma Kooperatifi\u2019ne 1 adet 3 tonluk olmak \u00fczere toplamda 4 adet s\u00fct so\u011futma tank\u0131 verece\u011fiz. Tanklar Ekim ay\u0131n\u0131n ilk haftas\u0131nda kooperatiflerimize teslim edilmi\u015f olacak. Yine Mut ve G\u00fclnar\u2019da % 50 hibeli zeytin fidan\u0131 da\u011f\u0131t\u0131m\u0131n\u0131 ger\u00e7ekle\u015ftiriyoruz. Ayr\u0131ca Mut Da\u011fpazar\u0131 ve Elmap\u0131nar\u0131\u2019nda 60 bin adet kantaron, G\u00fclnar\u2019da de\u011fi\u015fik mahallelerde al\u0131\u00e7 fidan\u0131 da\u011f\u0131t\u0131m\u0131n\u0131 da bu y\u0131l sonuna kadar \u00f6n\u00fcm\u00fczdeki aylar i\u00e7erisinde ger\u00e7ekle\u015ftirmi\u015f olaca\u011f\u0131z&#8221; \u015feklinde konu\u015ftu.\u00a0<\/p>\n<p>\u201cBize \u00f6nemli katk\u0131lar yapt\u0131lar \u00e7\u00fcnk\u00fc i\u015fi, bilenle yapacaks\u0131n\u201d\u00a0<br \/>\nSe\u00e7er, projeyi merkezdeki Akdeniz, Mezitli ve Yeni\u015fehir il\u00e7eleri hari\u00e7 10 il\u00e7ede s\u00fcrd\u00fcrd\u00fcklerini ve \u0131rk se\u00e7imine \u00f6zen g\u00f6sterdiklerini belirtti. Tarsus\u2019a g\u00fcney karaman cinsi, Mut\u2019a da k\u0131l ke\u00e7isi cinsi k\u00fc\u00e7\u00fckba\u015flar\u0131 verdiklerini vurgulayan Se\u00e7er, &#8220;Dam\u0131zl\u0131k Koyun Ke\u00e7i \u00dcreticileri Birli\u011fi olmak \u00fczere bize \u00f6nemli katk\u0131lar yapt\u0131lar \u00e7\u00fcnk\u00fc i\u015fi bilen ile yapacaks\u0131n. Veterinerden daha iyi bilemezsiniz hayvan\u0131n hastal\u0131\u011f\u0131n\u0131. \u0130l\u00e7e Tar\u0131m\u2019dan daha iyi bilemezsiniz hayvanc\u0131l\u0131\u011f\u0131n nas\u0131l yap\u0131laca\u011f\u0131n\u0131 ya da hangi dam\u0131zl\u0131k hayvan\u0131n daha sa\u011fl\u0131kl\u0131, daha iyi oldu\u011funu Dam\u0131zl\u0131k \u00dcretici Birli\u011fi\u2019nden daha iyi bilemezsiniz. Onun i\u00e7in bu payda\u015flar\u0131m\u0131zla biz yola \u00e7\u0131kt\u0131k\u201d ifadelerini kulland\u0131.\u00a0<br \/>\nSe\u00e7er, G\u00fclnar\u2019da \u00c7ukurkonak, Kuskan, \u015eeyh\u00f6mer, Kayrak, \u0130shaklar ve K\u00f6se\u00e7obanl\u0131\u2019ya, Mut\u2019ta ise Kaya\u00f6n\u00fc, G\u00f6k\u00e7eta\u015f, \u00c7atakba\u011f, Bozdo\u011fan, Il\u0131ca, Topkaya ve Ala\u00e7am\u2019a toplam 375 k\u00fc\u00e7\u00fckba\u015f hayvan deste\u011fi sa\u011flad\u0131klar\u0131n\u0131 belirtti. Se\u00e7er, ilerleyen s\u00fcre\u00e7te tar\u0131m alan\u0131nda yapacaklar\u0131 desteklerden de bahsetti. Gelecek y\u0131l Mut ve G\u00fclnar\u2019da iki il\u00e7ede tamam\u0131 hibeli ar\u0131c\u0131l\u0131k ekipmanlar\u0131 deste\u011fi sunacaklar\u0131n\u0131, Mut\u2019ta zeytin, G\u00fclnar\u2019da ise badem fidan\u0131 da\u011f\u0131t\u0131m\u0131 ger\u00e7ekle\u015ftireceklerini dile getiren Se\u00e7er, G\u00fclnar\u2019da 2021\u2019de ceviz soyma makinesi deste\u011fi sunacaklar\u0131n\u0131 kaydetti. Se\u00e7er, Silifke Baland\u0131z\u2019da Atal\u0131k sar\u0131 bu\u011fday tohumu da\u011f\u0131tt\u0131klar\u0131n\u0131 hat\u0131rlatarak, G\u00fclnar\u2019dan da bakliyat ve nohut tohumu talebi geldi\u011fini, bu deste\u011fi 2021 y\u0131l\u0131nda ger\u00e7ekle\u015ftireceklerini duyurdu. Se\u00e7er, gelecek seneden itibaren 3 y\u0131l s\u00fcreyle b\u00fcy\u00fckba\u015f hayvan yeti\u015ftiricilerine de yem deste\u011fi sa\u011flayacaklar\u0131n\u0131 vurgulayarak, \u201cHayvanc\u0131l\u0131k projesi k\u00fc\u00e7\u00fckba\u015f hayvan da\u011f\u0131t\u0131m\u0131yla bitmeyecek. \u00d6n\u00fcm\u00fczdeki y\u0131l itibari ile 3 y\u0131l s\u00fcre boyunca b\u00fcy\u00fckba\u015f hayvan yeti\u015ftiricilerine de yem deste\u011fi yapaca\u011f\u0131z. Gelecek y\u0131l ba\u015fl\u0131yoruz. Yapt\u0131\u011f\u0131m\u0131z bu projede ilk y\u0131l Akdeniz, \u00c7aml\u0131yayla, Mezitli, Tarsus, Toroslar, Yeni\u015fehir. \u0130kinci y\u0131l Anamur, Erdemli, G\u00fclnar, Silifke. \u00dc\u00e7\u00fcnc\u00fc y\u0131l Mut il\u00e7emizde da\u011f\u0131t\u0131m yapaca\u011f\u0131z. Burada b\u00fcy\u00fckba\u015f hayvan i\u015fletmesi olan \u00fcreticilerimize yem deste\u011fi verece\u011fiz\u201d dedi.\u00a0<\/p>\n<p>\u015eeker: \u201cBa\u015fkan\u0131m\u2019a Mut\u2019u hi\u00e7bir konuda yaln\u0131z b\u0131rakmad\u0131\u011f\u0131 i\u00e7in te\u015fekk\u00fcr ediyorum\u201d\u00a0<br \/>\nMut Belediye Ba\u015fkan\u0131 Volkan \u015eeker ise daha \u00f6nce \u00e7ift\u00e7ilere y\u00f6nelik boru da\u011f\u0131t\u0131m\u0131 ger\u00e7ekle\u015ftiren B\u00fcy\u00fck\u015fehir Belediyesi\u2019nin hayvanc\u0131l\u0131k konusundaki desteklerinin de b\u00fcy\u00fck \u00f6nem ta\u015f\u0131d\u0131\u011f\u0131n\u0131n alt\u0131n\u0131 \u00e7izerek, \u201cBen Ba\u015fkan\u0131m\u2019a Mut\u2019u hi\u00e7bir konuda yaln\u0131z b\u0131rakmad\u0131\u011f\u0131 i\u00e7in \u00e7ok te\u015fekk\u00fcr ediyorum. Mersin B\u00fcy\u00fck\u015fehir Belediyesi\u2019ne \u00e7ok te\u015fekk\u00fcr ediyorum. Mut halk\u0131 ad\u0131na da binlerce kez te\u015fekk\u00fcrler. Tar\u0131m ve hayvanc\u0131l\u0131kta T\u00fcrkiye ad\u0131na marka bir il\u00e7eyiz. Bu konuda daha ileriye gitmek i\u00e7in de elimizden gelen her t\u00fcrl\u00fc m\u00fccadeleyi yapaca\u011f\u0131m\u0131zdan emin olabilirsiniz. Her konuda da B\u00fcy\u00fck\u015fehir Belediyesi\u2019yle beraber bize d\u00fc\u015fen her t\u00fcrl\u00fc g\u00f6reve haz\u0131r\u0131z\u201d diye konu\u015ftu.\u00a0<br \/>\nProjeden faydalan\u0131p, k\u0131l ke\u00e7ilerini teslim alan Kuskan Mahallesi\u2019nden \u015eerife Sabanc\u0131lar, yevmiye ile \u00e7al\u0131\u015f\u0131rken daha sonras\u0131nda k\u00f6ylerine geri d\u00f6nd\u00fcklerini belirterek,\u00a0<br \/>\n\u201cBir s\u00fcr\u00fc diyar gezdik, ama k\u00f6y\u00fcm gibi tat alamad\u0131m. En son k\u00f6y\u00fcme g\u00f6\u00e7t\u00fcm geldim. Bir bilezi\u011fim ve k\u00fcpem vard\u0131. Satt\u0131k bir ke\u00e7i ald\u0131k. Bundan 3-4 tane oldu, 5 tane oldu derken, satt\u0131k ihtiyac\u0131m\u0131z\u0131 g\u00f6rd\u00fck. E\u015fim k\u00f6yde yevmiye ile \u00e7al\u0131\u015ft\u0131. Bu deste\u011fi de g\u00f6r\u00fcnce ba\u015fvurmu\u015ftum. Allah raz\u0131 olsun bu deste\u011fi bize verenlerden, y\u00fcr\u00fctenlerden. Projeyi duydu\u011fumda \u00e7ok heyecanland\u0131m. Bunu da en g\u00fczel bi\u00e7imde yeti\u015ftirece\u011fime sizlere s\u00f6z veriyorum. Ben yeti\u015ftireyim ki di\u011fer insanlar da bizim yeti\u015ftirdi\u011fimiz hayvanlardan faydalans\u0131n. Di\u011fer arkada\u015flar\u0131ma da sesleniyorum. G\u00fczel bakal\u0131m ve bu projeyi her zaman y\u00fcr\u00fctelim&#8221; ifadelerini kulland\u0131.\u00a0<\/p>\n<p>\u201cMersin k\u00fc\u00e7\u00fckba\u015f hayvan varl\u0131\u011f\u0131 ile ilk d\u00f6rd\u00fcn i\u00e7inde\u201d\u00a0<br \/>\nProjenin payda\u015flar\u0131ndan Mut \u0130l\u00e7e Tar\u0131m ve Orman M\u00fcd\u00fcr\u00fc Ekrem Bay\u0131r da Mersin\u2019in 923 bin ke\u00e7i, 776 bin koyun olmak \u00fczere toplam 1 milyon 669 bin k\u00fc\u00e7\u00fckba\u015f hayvan varl\u0131\u011f\u0131 ile T\u00fcrkiye\u2019de ilk d\u00f6rd\u00fcn i\u00e7inde yer ald\u0131\u011f\u0131n\u0131 belirterek, Tar\u0131m ve Orman Bakanl\u0131\u011f\u0131 olarak sekt\u00f6re \u00e7e\u015fitli destekler vermeye devam ettiklerini s\u00f6yledi. Bay\u0131r, Mersin B\u00fcy\u00fck\u015fehir Belediyesi\u2019nin \u00f6nc\u00fcl\u00fc\u011f\u00fcnde ba\u015flat\u0131lan projede her b\u00f6lgeye uygun hayvanlar\u0131n se\u00e7ilmesinin ve yem deste\u011fi verilmesinin \u00f6nemli oldu\u011funu vurgulad\u0131.\u00a0<br \/>\nMersin \u0130li Dam\u0131zl\u0131k Koyun ve Ke\u00e7i Yeti\u015ftiricileri Birli\u011fi Ba\u015fkan\u0131 Mehmet Akdo\u011fan, Mut\u2019un 200 binin \u00fczerinde k\u00fc\u00e7\u00fckba\u015f koyun ve ke\u00e7i varl\u0131\u011f\u0131 ile Tarsus\u2019tan sonra en fazla k\u00fc\u00e7\u00fckba\u015f hayvana sahip olan il\u00e7e oldu\u011funu kaydederek, \u201cB\u00fcy\u00fck\u015fehir Belediye Ba\u015fkan\u0131m\u0131z\u2019\u0131n talimat\u0131yla ger\u00e7ekle\u015fen bu proje bir \u00fcretici olarak, hayvanc\u0131l\u0131k yapan bir ailenin evlad\u0131 olarak bizleri son derece mutlu etmektedir. Ba\u015fkan\u0131m\u0131z\u2019a te\u015fekk\u00fcr ediyorum\u201d dedi.\u00a0<br \/>\nMersin Veteriner Hekimler Odas\u0131 Ba\u015fkan\u0131 Bekta\u015f \u015eenay ise Mut\u2019taki yeti\u015ftiricilere y\u00f6reye \u00f6zg\u00fc k\u0131l ke\u00e7isi verilmesinin \u00f6nemine dikkat \u00e7ekerek, projenin k\u00f6yden kente g\u00f6\u00e7\u00fc de engelleyece\u011fini s\u00f6yledi.\u00a0<\/p>\n","protected":false},"excerpt":{"rendered":"<p>\u00a0Mersin B\u00fcy\u00fck\u015fehir Belediye Ba\u015fkan\u0131 Vahap Se\u00e7er, \u201cHaydi Gel K\u00f6y\u00fcm\u00fcze Destek Verelim Projesi\u201d kapsam\u0131nda k\u00fc\u00e7\u00fckba\u015f hayvan da\u011f\u0131t\u0131mlar\u0131n\u0131 s\u00fcrd\u00fcr\u00fcyor. Bir\u00e7ok payda\u015f\u0131n destekledi\u011fi proje kapsam\u0131nda Mut ve G\u00fclnar il\u00e7elerinden se\u00e7ilen 3\u2019\u00fc kad\u0131n toplam &hellip; <a href=\"https:\/\/akdenizolaygazetesi.com\/?p=8417\" class=\"more-link\">Devam\u0131n\u0131 Oku&#8230;<\/a><\/p>\n","protected":false},"author":1,"featured_media":0,"comment_status":"open","ping_status":"open","sticky":false,"template":"","format":"standard","meta":[],"categories":[],"tags":[],"_links":{"self":[{"href":"https:\/\/akdenizolaygazetesi.com\/index.php?rest_route=\/wp\/v2\/posts\/8417"}],"collection":[{"href":"https:\/\/akdenizolaygazetesi.com\/index.php?rest_route=\/wp\/v2\/posts"}],"about":[{"href":"https:\/\/akdenizolaygazetesi.com\/index.php?rest_route=\/wp\/v2\/types\/post"}],"author":[{"embeddable":true,"href":"https:\/\/akdenizolaygazetesi.com\/index.php?rest_route=\/wp\/v2\/users\/1"}],"replies":[{"embeddable":true,"href":"https:\/\/akdenizolaygazetesi.com\/index.php?rest_route=%2Fwp%2Fv2%2Fcomments&post=8417"}],"version-history":[{"count":0,"href":"https:\/\/akdenizolaygazetesi.com\/index.php?rest_route=\/wp\/v2\/posts\/8417\/revisions"}],"wp:attachment":[{"href":"https:\/\/akdenizolaygazetesi.com\/index.php?rest_route=%2Fwp%2Fv2%2Fmedia&parent=8417"}],"wp:term":[{"taxonomy":"category","embeddable":true,"href":"https:\/\/akdenizolaygazetesi.com\/index.php?rest_route=%2Fwp%2Fv2%2Fcategories&post=8417"},{"taxonomy":"post_tag","embeddable":true,"href":"https:\/\/akdenizolaygazetesi.com\/index.php?rest_route=%2Fwp%2Fv2%2Ftags&post=8417"}],"curies":[{"name":"wp","href":"https:\/\/api.w.org\/{rel}","templated":true}]}}