{"id":8418,"date":"2020-11-04T18:28:53","date_gmt":"2020-11-04T15:28:53","guid":{"rendered":"http:\/\/mersinekonomipolitikagazetesi.com\/?p=8418"},"modified":"2020-11-04T18:28:53","modified_gmt":"2020-11-04T15:28:53","slug":"soya-ureticisi-destek-bekliyor","status":"publish","type":"post","link":"https:\/\/akdenizolaygazetesi.com\/?p=8418","title":{"rendered":"Soya \u00fcreticisi destek bekliyor"},"content":{"rendered":"<p><span style=\"line-height: 1.6em;\">Adana \u00c7ift\u00e7iler Birli\u011fi Ba\u015fkan\u0131 Mutlu Do\u011fru, T\u00fcrkiye\u2019nin soya ihtiyac\u0131n\u0131n y\u00fczde 93\u2019\u00fcn\u00fc ithalatla kar\u015f\u0131lad\u0131\u011f\u0131n\u0131, \u00c7in\u2019in ABD\u2019den soya ithalat\u0131n\u0131 art\u0131rmas\u0131yla fiyatlar\u0131 y\u00fckselen bu \u00fcr\u00fcnde yerli \u00fcretimin desteklenmesinin sadece \u00e7ift\u00e7i de\u011fil \u00fclke ekonomisi a\u00e7\u0131s\u0131ndan b\u00fcy\u00fck \u00f6nem ta\u015f\u0131d\u0131\u011f\u0131n\u0131 bildirdi.\u00a0<\/span><\/p>\n<p>Ba\u015fkan Do\u011fru, konuya ilgili a\u00e7\u0131klamas\u0131nda, soyan\u0131n; y\u00fcksek ve kaliteli ham ya\u011f verimi ve protein a\u00e7\u0131s\u0131ndan zengin ve besleyici k\u00fcspesi nedeniyle soya ya\u011f\u0131 ve yem sanayinin vazge\u00e7ilmez \u00f6nemli bir hammaddesini olu\u015fturdu\u011funu belirtti.\u00a0<br \/>\nT\u00fcrkiye\u2019de Soya fasulyesi \u00fcretiminin yakla\u015f\u0131k y\u00fczde 80\u2019inin Adana ve Mersin illeri a\u011f\u0131rl\u0131kl\u0131 olmak \u00fczere \u00c7ukurova\u2019da ger\u00e7ekle\u015ftirildi\u011fine dikkati \u00e7ekenDo\u011fru, \u201c\u00c7ukurova\u2019da k\u0131\u015fl\u0131k sebzeler ve bu\u011fday\u0131n ard\u0131ndan ikinci \u00fcr\u00fcn olarak da ekilebilen soya; m\u0131s\u0131r ve pamuk ekilebilen sulanabilen b\u00f6lgelerde iyi bir m\u00fcnavebe bitkisidir. Kanatl\u0131 ve b\u00fcy\u00fckba\u015f yemlerinde kullan\u0131lmas\u0131 ka\u00e7\u0131n\u0131lmaz olan soyada kendi kendimize yetebilmemiz i\u00e7in yerli \u00fcreticinin desteklenmesi gerekiyor\u201d dedi.\u00a0<\/p>\n<p>&#8220;TMO soyay\u0131 da almal\u0131&#8221;\u00a0<br \/>\n\u00c7in\u2019in ABD\u2019den soya ithalat\u0131n\u0131 artt\u0131rmas\u0131yla artan d\u00fcnya fiyatlar\u0131 ve kurlardaki art\u0131\u015f\u0131n da etkisiyle soya maliyetinin y\u00fckseldi\u011fine vurgu yapan Do\u011fru, \u015funlar\u0131 kaydetti:\u00a0<br \/>\n&#8220;\u0130thal soyaya ba\u011f\u0131ml\u0131l\u0131\u011f\u0131 azaltmam\u0131z i\u00e7in acilen \u00f6nlem almam\u0131z gerekiyor. Sertifikal\u0131 tohum, mazot, g\u00fcbre ve prim deste\u011fiyle ekimi te\u015fvik edilen soyada kiloda 60 kuru\u015f olan primlerin ve di\u011fer alan bazl\u0131 desteklerin art\u0131r\u0131lmas\u0131 ve Toprak Mahsulleri Ofisi\u2019nin soyay\u0131 da al\u0131m kampanyas\u0131na dahil etmesi soya \u00fcretimini artt\u0131racakt\u0131r.&#8221;\u00a0<br \/>\nMutlu Do\u011fru, her y\u0131l 2 milyon tonun \u00fczerinde ithal soyaya 1 milyar dolar\u0131n \u00fczerinde d\u00f6viz \u00f6demek yerine, yerli soya \u00fcreticisini destekleyip, daha fazla kazand\u0131rarak ekim alanlar\u0131n\u0131n geni\u015flemesini sa\u011flaman\u0131n m\u00fcmk\u00fcn oldu\u011funu s\u00f6zlerine ekledi.\u00a0<\/p>\n","protected":false},"excerpt":{"rendered":"<p>Adana \u00c7ift\u00e7iler Birli\u011fi Ba\u015fkan\u0131 Mutlu Do\u011fru, T\u00fcrkiye\u2019nin soya ihtiyac\u0131n\u0131n y\u00fczde 93\u2019\u00fcn\u00fc ithalatla kar\u015f\u0131lad\u0131\u011f\u0131n\u0131, \u00c7in\u2019in ABD\u2019den soya ithalat\u0131n\u0131 art\u0131rmas\u0131yla fiyatlar\u0131 y\u00fckselen bu \u00fcr\u00fcnde yerli \u00fcretimin desteklenmesinin sadece \u00e7ift\u00e7i de\u011fil \u00fclke ekonomisi &hellip; <a href=\"https:\/\/akdenizolaygazetesi.com\/?p=8418\" class=\"more-link\">Devam\u0131n\u0131 Oku&#8230;<\/a><\/p>\n","protected":false},"author":1,"featured_media":0,"comment_status":"open","ping_status":"open","sticky":false,"template":"","format":"standard","meta":[],"categories":[],"tags":[],"_links":{"self":[{"href":"https:\/\/akdenizolaygazetesi.com\/index.php?rest_route=\/wp\/v2\/posts\/8418"}],"collection":[{"href":"https:\/\/akdenizolaygazetesi.com\/index.php?rest_route=\/wp\/v2\/posts"}],"about":[{"href":"https:\/\/akdenizolaygazetesi.com\/index.php?rest_route=\/wp\/v2\/types\/post"}],"author":[{"embeddable":true,"href":"https:\/\/akdenizolaygazetesi.com\/index.php?rest_route=\/wp\/v2\/users\/1"}],"replies":[{"embeddable":true,"href":"https:\/\/akdenizolaygazetesi.com\/index.php?rest_route=%2Fwp%2Fv2%2Fcomments&post=8418"}],"version-history":[{"count":0,"href":"https:\/\/akdenizolaygazetesi.com\/index.php?rest_route=\/wp\/v2\/posts\/8418\/revisions"}],"wp:attachment":[{"href":"https:\/\/akdenizolaygazetesi.com\/index.php?rest_route=%2Fwp%2Fv2%2Fmedia&parent=8418"}],"wp:term":[{"taxonomy":"category","embeddable":true,"href":"https:\/\/akdenizolaygazetesi.com\/index.php?rest_route=%2Fwp%2Fv2%2Fcategories&post=8418"},{"taxonomy":"post_tag","embeddable":true,"href":"https:\/\/akdenizolaygazetesi.com\/index.php?rest_route=%2Fwp%2Fv2%2Ftags&post=8418"}],"curies":[{"name":"wp","href":"https:\/\/api.w.org\/{rel}","templated":true}]}}