{"id":8419,"date":"2020-11-04T18:28:53","date_gmt":"2020-11-04T15:28:53","guid":{"rendered":"http:\/\/mersinekonomipolitikagazetesi.com\/?p=8419"},"modified":"2020-11-04T18:28:53","modified_gmt":"2020-11-04T15:28:53","slug":"tarsus-doga-parki-hijyen-ve-temizlik-icin-pazartesi-gunleri-ziyarete-kapatilacak","status":"publish","type":"post","link":"https:\/\/akdenizolaygazetesi.com\/?p=8419","title":{"rendered":"Tarsus Do\u011fa Park\u0131, hijyen ve temizlik i\u00e7in pazartesi g\u00fcnleri ziyarete kapat\u0131lacak"},"content":{"rendered":"<p><span style=\"line-height: 1.6em;\">Tarsus Do\u011fa Park\u0131, 28 Eyl\u00fcl\u2019den itibaren her pazartesi g\u00fcn\u00fc temizlik, yap\u0131sal faaliyetler ve dezenfeksiyon i\u015flemleri i\u00e7in ziyarete kapal\u0131 olacak.\u00a0<\/span><\/p>\n<p>Mersin B\u00fcy\u00fck\u015fehir Belediyesinden yap\u0131lan a\u00e7\u0131klamaya g\u00f6re, korona vir\u00fcs salg\u0131n\u0131n\u0131n etkisini art\u0131rmas\u0131yla birlikte ziyarete kapat\u0131lan, yeni normalle\u015fme s\u00fcrecine ge\u00e7ilmesinin ard\u0131ndan 8 Haziran\u2019dan itibaren kap\u0131lar\u0131n\u0131 a\u00e7an Tar\u0131msal ve Veteriner Hizmetleri Dairesi Ba\u015fkanl\u0131\u011f\u0131na ba\u011fl\u0131 Tarsus Do\u011fa Park\u0131, hijyen ve temizlik \u00e7al\u0131\u015fmalar\u0131n\u0131n daha etkili bir bi\u00e7imde uygulanabilmesi i\u00e7in pazartesi g\u00fcnleri ziyarete kapat\u0131lacak.\u00a0<\/p>\n<p>Sosyal mesafe kurallar\u0131na uymak ve maske takmak zorunlu\u00a0<br \/>\n\u00c7ukurova b\u00f6lgesinin ilk ve tek do\u011fal hayvan park\u0131 olan Tarsus Do\u011fa Park\u0131nda yeni normalle\u015fme s\u00fcrecine ge\u00e7ilmesiyle birlikte ziyaretler sosyal mesafe kurallar\u0131na uygun olarak ger\u00e7ekle\u015ftiriliyor. S\u0131n\u0131rl\u0131 say\u0131da ziyaret\u00e7inin kabul edildi\u011fi Do\u011fa Park\u0131nda ziyaretler, sosyal mesafe kurallar\u0131na uymak ve maske takmak \u015fart\u0131 ile kabul ediliyor.\u00a0<br \/>\nTarsus Do\u011fa Park\u0131nda bulunan hayvanlar\u0131n do\u011fal \u00fcreme ve ya\u015fama faaliyetlerine stressiz bir ortamda devam edebilmeleri ve ayn\u0131 zamanda park\u0131n temizlik, yap\u0131sal faaliyetler ve dezenfeksiyon i\u015flemlerinin g\u00fcvenle s\u00fcrd\u00fcr\u00fclmesi i\u00e7in 28 Eyl\u00fcl\u2019den itibaren her pazartesi g\u00fcn\u00fc parka ziyaret\u00e7i kabul edilmeyecek.\u00a0<\/p>\n","protected":false},"excerpt":{"rendered":"<p>Tarsus Do\u011fa Park\u0131, 28 Eyl\u00fcl\u2019den itibaren her pazartesi g\u00fcn\u00fc temizlik, yap\u0131sal faaliyetler ve dezenfeksiyon i\u015flemleri i\u00e7in ziyarete kapal\u0131 olacak.\u00a0 Mersin B\u00fcy\u00fck\u015fehir Belediyesinden yap\u0131lan a\u00e7\u0131klamaya g\u00f6re, korona vir\u00fcs salg\u0131n\u0131n\u0131n etkisini art\u0131rmas\u0131yla &hellip; <a href=\"https:\/\/akdenizolaygazetesi.com\/?p=8419\" class=\"more-link\">Devam\u0131n\u0131 Oku&#8230;<\/a><\/p>\n","protected":false},"author":1,"featured_media":0,"comment_status":"open","ping_status":"open","sticky":false,"template":"","format":"standard","meta":[],"categories":[],"tags":[],"_links":{"self":[{"href":"https:\/\/akdenizolaygazetesi.com\/index.php?rest_route=\/wp\/v2\/posts\/8419"}],"collection":[{"href":"https:\/\/akdenizolaygazetesi.com\/index.php?rest_route=\/wp\/v2\/posts"}],"about":[{"href":"https:\/\/akdenizolaygazetesi.com\/index.php?rest_route=\/wp\/v2\/types\/post"}],"author":[{"embeddable":true,"href":"https:\/\/akdenizolaygazetesi.com\/index.php?rest_route=\/wp\/v2\/users\/1"}],"replies":[{"embeddable":true,"href":"https:\/\/akdenizolaygazetesi.com\/index.php?rest_route=%2Fwp%2Fv2%2Fcomments&post=8419"}],"version-history":[{"count":0,"href":"https:\/\/akdenizolaygazetesi.com\/index.php?rest_route=\/wp\/v2\/posts\/8419\/revisions"}],"wp:attachment":[{"href":"https:\/\/akdenizolaygazetesi.com\/index.php?rest_route=%2Fwp%2Fv2%2Fmedia&parent=8419"}],"wp:term":[{"taxonomy":"category","embeddable":true,"href":"https:\/\/akdenizolaygazetesi.com\/index.php?rest_route=%2Fwp%2Fv2%2Fcategories&post=8419"},{"taxonomy":"post_tag","embeddable":true,"href":"https:\/\/akdenizolaygazetesi.com\/index.php?rest_route=%2Fwp%2Fv2%2Ftags&post=8419"}],"curies":[{"name":"wp","href":"https:\/\/api.w.org\/{rel}","templated":true}]}}