{"id":842,"date":"2020-11-04T18:21:27","date_gmt":"2020-11-04T15:21:27","guid":{"rendered":"http:\/\/mersinekonomipolitikagazetesi.com\/?p=842"},"modified":"2020-11-04T18:21:27","modified_gmt":"2020-11-04T15:21:27","slug":"mersinde-suriyeli-gerginligi","status":"publish","type":"post","link":"https:\/\/akdenizolaygazetesi.com\/?p=842","title":{"rendered":"Mersin&#8217;de Suriyeli gerginli\u011fi"},"content":{"rendered":"<p>Mersin&#8217;de tar\u0131m i\u015f\u00e7isi olarak \u00e7al\u0131\u015fan Suriyeli g\u00f6\u00e7menlerle, yerel halk aras\u0131nda alacak verecek meselesi y\u00fcz\u00fcnden \u00e7\u0131kan kavgada bir Suriyeli g\u00f6\u00e7men hafif \u015fekilde yaralan\u0131rken, mahallede iki taraf aras\u0131nda ya\u015fanan gerginlik \u00fczerine b\u00f6lgeye z\u0131rhl\u0131 polis ara\u00e7lar\u0131yla birlikte \u00e7evik kuvvet ekipleri sevk edildi.<\/p>\n<p><span style=\"font-family: Tahoma, Arial, 'Times New Roman TUR', Verdana; font-size: 15px; background-color: rgb(255, 255, 255);\">Edinilen bilgiye g\u00f6re, \u00fclkelerindeki i\u00e7 sava\u015ftan ka\u00e7arak merkez Akdeniz il\u00e7esi Adanal\u0131o\u011flu Mahallesi&#8217;ne yerle\u015fen ve burada tar\u0131m i\u015f\u00e7isi olarak \u00e7al\u0131\u015fan Suriyeli g\u00f6\u00e7menlerle, b\u00f6lge halk\u0131 aras\u0131nda alacak verecek meselesi y\u00fcz\u00fcnden tart\u0131\u015fma \u00e7\u0131kt\u0131. Tart\u0131\u015fma daha sonra ta\u015fl\u0131 sopal\u0131 kavgaya d\u00f6n\u00fc\u015f\u00fcnce, her iki taraftan toplanan kalabal\u0131k bir birine girdi. Olaylarda Suriyeli bir g\u00f6\u00e7men yaralan\u0131rken, baz\u0131 i\u015f yerlerinin camlar\u0131 k\u0131r\u0131ld\u0131, bir otomobil hasar g\u00f6rd\u00fc.<\/span><br style=\"font-family: Tahoma, Arial, 'Times New Roman TUR', Verdana; font-size: 15px; background-color: rgb(255, 255, 255);\" \/><br \/>\n<span style=\"font-family: Tahoma, Arial, 'Times New Roman TUR', Verdana; font-size: 15px; background-color: rgb(255, 255, 255);\">Ya\u015fanan gerginlik \u00fczerinde b\u00f6lgeye z\u0131rhl\u0131 polis ara\u00e7lar\u0131yla birlikte \u00e7evik kuvvet ekipleri sevk edildi. Polisin m\u00fcdahalesiyle taraflar sekinle\u015ftirilirken, Akdeniz Kaymakam\u0131 Hamdi Bilge Akta\u015f ve \u0130l Emniyet M\u00fcd\u00fcr\u00fc Mehmet \u015eahne Adanal\u0131o\u011flu Mahallesi&#8217;ne gelerek b\u00f6lge halk\u0131 ile g\u00f6r\u00fc\u015ft\u00fc. K\u00f6y meydan\u0131nda vatanda\u015flara hitap eden Kaymakam Akta\u015f, kalabal\u0131ktan sa\u011fduyulu davranmalar\u0131n\u0131 isteyerek, &#8220;Ben \u015funu taahh\u00fct ediyorum, bu Suriyelileri art\u0131k buradan g\u00f6t\u00fcrece\u011fiz. Herkes kendine yak\u0131\u015fan\u0131 yapar. Siz de kendinize yak\u0131\u015fan\u0131 yap\u0131n ve buradan sessiz bir \u015fekilde da\u011f\u0131l\u0131n. Biz bu gece bu sorunu \u00e7\u00f6zece\u011fiz. Yar\u0131n b\u00f6yle bir sorunun olmad\u0131\u011f\u0131n\u0131 hepiniz g\u00f6receksiniz. Ta\u015fk\u0131nl\u0131k yapmadan evinize d\u00f6n\u00fcn&#8221; dedi. Kalabal\u0131k ise Kaymakam Akta\u015f&#8217;\u0131n a\u00e7\u0131klamalar\u0131na alk\u0131\u015flarla destek verirken, Suriyelileri art\u0131k burada istemediklerini ifade ettiler.<\/span><br style=\"font-family: Tahoma, Arial, 'Times New Roman TUR', Verdana; font-size: 15px; background-color: rgb(255, 255, 255);\" \/><br \/>\n<span style=\"font-family: Tahoma, Arial, 'Times New Roman TUR', Verdana; font-size: 15px; background-color: rgb(255, 255, 255);\">Kaymakam Akta\u015f, konuyla ilgili gazetecilere yapt\u0131\u011f\u0131 a\u00e7\u0131klamada, burada ge\u00e7mi\u015ften bu yana biriken baz\u0131 s\u0131k\u0131nt\u0131lardan dolay\u0131 istenmeyen olaylar\u0131n ya\u015fand\u0131\u011f\u0131n\u0131 ve bu olaylar\u0131n b\u00fcy\u00fcd\u00fc\u011f\u00fcn\u00fc ifade ederek, &#8220;Bizim \u015fimdi yapaca\u011f\u0131m\u0131z \u015fey bu Suriyeli misafirleri buradan ta\u015f\u0131mak. Bir ka\u00e7 nokta belirledik ve bunlar\u0131 buradan tahliye edece\u011fiz. Yakla\u015f\u0131k bin Suriyeli oldu\u011fu ifade ediliyor&#8221; diye konu\u015ftu.<\/span><br style=\"font-family: Tahoma, Arial, 'Times New Roman TUR', Verdana; font-size: 15px; background-color: rgb(255, 255, 255);\" \/><br \/>\n<span style=\"font-family: Tahoma, Arial, 'Times New Roman TUR', Verdana; font-size: 15px; background-color: rgb(255, 255, 255);\">Mahalledeki yakla\u015f\u0131k bin civar\u0131ndaki Suriyeli ise polis e\u015fli\u011finde otob\u00fcslerle b\u00f6lgeden tahliye edildi.<\/span><\/p>\n","protected":false},"excerpt":{"rendered":"<p>Mersin&#8217;de tar\u0131m i\u015f\u00e7isi olarak \u00e7al\u0131\u015fan Suriyeli g\u00f6\u00e7menlerle, yerel halk aras\u0131nda alacak verecek meselesi y\u00fcz\u00fcnden \u00e7\u0131kan kavgada bir Suriyeli g\u00f6\u00e7men hafif \u015fekilde yaralan\u0131rken, mahallede iki taraf aras\u0131nda ya\u015fanan gerginlik \u00fczerine b\u00f6lgeye &hellip; <a href=\"https:\/\/akdenizolaygazetesi.com\/?p=842\" class=\"more-link\">Devam\u0131n\u0131 Oku&#8230;<\/a><\/p>\n","protected":false},"author":1,"featured_media":0,"comment_status":"open","ping_status":"open","sticky":false,"template":"","format":"standard","meta":[],"categories":[],"tags":[],"_links":{"self":[{"href":"https:\/\/akdenizolaygazetesi.com\/index.php?rest_route=\/wp\/v2\/posts\/842"}],"collection":[{"href":"https:\/\/akdenizolaygazetesi.com\/index.php?rest_route=\/wp\/v2\/posts"}],"about":[{"href":"https:\/\/akdenizolaygazetesi.com\/index.php?rest_route=\/wp\/v2\/types\/post"}],"author":[{"embeddable":true,"href":"https:\/\/akdenizolaygazetesi.com\/index.php?rest_route=\/wp\/v2\/users\/1"}],"replies":[{"embeddable":true,"href":"https:\/\/akdenizolaygazetesi.com\/index.php?rest_route=%2Fwp%2Fv2%2Fcomments&post=842"}],"version-history":[{"count":0,"href":"https:\/\/akdenizolaygazetesi.com\/index.php?rest_route=\/wp\/v2\/posts\/842\/revisions"}],"wp:attachment":[{"href":"https:\/\/akdenizolaygazetesi.com\/index.php?rest_route=%2Fwp%2Fv2%2Fmedia&parent=842"}],"wp:term":[{"taxonomy":"category","embeddable":true,"href":"https:\/\/akdenizolaygazetesi.com\/index.php?rest_route=%2Fwp%2Fv2%2Fcategories&post=842"},{"taxonomy":"post_tag","embeddable":true,"href":"https:\/\/akdenizolaygazetesi.com\/index.php?rest_route=%2Fwp%2Fv2%2Ftags&post=842"}],"curies":[{"name":"wp","href":"https:\/\/api.w.org\/{rel}","templated":true}]}}