{"id":8420,"date":"2020-11-04T18:28:53","date_gmt":"2020-11-04T15:28:53","guid":{"rendered":"http:\/\/mersinekonomipolitikagazetesi.com\/?p=8420"},"modified":"2020-11-04T18:28:53","modified_gmt":"2020-11-04T15:28:53","slug":"mersinde-toplu-tasimada-seffaf-kabin-donemi","status":"publish","type":"post","link":"https:\/\/akdenizolaygazetesi.com\/?p=8420","title":{"rendered":"Mersin&#8217;de toplu ta\u015f\u0131mada &#8216;\u015feffaf kabin&#8217; d\u00f6nemi"},"content":{"rendered":"<p><span style=\"line-height: 1.6em;\">\u00a0Mersin B\u00fcy\u00fck\u015fehir Belediyesi, korona vir\u00fcs salg\u0131n\u0131 dolay\u0131s\u0131yla ald\u0131\u011f\u0131 tedbirleri her ge\u00e7en g\u00fcn art\u0131r\u0131yor. Bu kapsamda toplu ta\u015f\u0131ma ara\u00e7lar\u0131nda s\u00fcr\u00fcc\u00fc mahalline \u015feffaf kabinler yerle\u015ftiriliyor. Mersin genelinde hizmet veren t\u00fcm toplu ta\u015f\u0131ma ara\u00e7lar\u0131nda yap\u0131lmas\u0131 planlanan kabinlerin montaj\u0131n\u0131n 2 ay i\u00e7erisinde tamamlanmas\u0131 planlan\u0131yor.\u00a0<\/span><\/p>\n<p>Mersin B\u00fcy\u00fck\u015fehir Belediyesi, Covid-19 salg\u0131n\u0131 ile m\u00fccadele kapsam\u0131nda ald\u0131\u011f\u0131 tedbirleri her ge\u00e7en g\u00fcn art\u0131r\u0131yor. Bu kapsamda B\u00fcy\u00fck\u015fehir\u2019e ait toplu ta\u015f\u0131ma ara\u00e7lar\u0131nda s\u00fcr\u00fcc\u00fc ve yolcular\u0131 birbirinden ay\u0131racak \u015feffaf kabinler yap\u0131ld\u0131. B\u00fcy\u00fck\u015fehir\u2019e ait t\u00fcm toplu ta\u015f\u0131ma ara\u00e7lar\u0131na yerle\u015ftirilecek olan \u015feffaf kabinler, sa\u011fl\u0131k a\u00e7\u0131s\u0131ndan yolcular ile s\u00fcr\u00fcc\u00fc aras\u0131ndaki ileti\u015fimi kesecek. \u015eeffaf kabinlerin montaj\u0131n\u0131n 2 ay i\u00e7erisinde tamamlanmas\u0131 planlan\u0131yor. \u00c7al\u0131\u015fmayla ilgili a\u00e7\u0131klama yapan Ula\u015f\u0131m Dairesi Ba\u015fkan\u0131 Ersan Top\u00e7uo\u011flu, Mersin B\u00fcy\u00fck\u015fehir Belediyesi\u2019nin pandemi s\u00fcrecinde \u00fczerine d\u00fc\u015fen g\u00f6revi en h\u0131zl\u0131 ve en etkin \u015fekilde yerine getirdi\u011fini ifade etti. Ayn\u0131 hassasiyetin toplu ta\u015f\u0131ma ile sa\u011flanan ula\u015f\u0131m hizmetlerinde de g\u00f6sterildi\u011finin alt\u0131n\u0131 \u00e7izen Top\u00e7uo\u011flu, \u201cToplu ta\u015f\u0131ma ara\u00e7lar\u0131na kabin yap\u0131lmas\u0131ndaki amac\u0131m\u0131z, \u015fof\u00f6rlerimizin g\u00fcnl\u00fck olarak 1500 ki\u015fi ta\u015f\u0131mas\u0131ndan dolay\u0131 s\u00f6zl\u00fc ileti\u015fim esnas\u0131nda ortaya \u00e7\u0131kan bula\u015f riskine kar\u015f\u0131 \u00f6nlem almak. Ayn\u0131 zamanda bas\u0131na da yans\u0131yan fiziki m\u00fcdahalelere kar\u015f\u0131 da \u00f6nlem almak istedik. Konu ile alakal\u0131 Makine \u0130kmal Bak\u0131m ve Onar\u0131m Dairesi Ba\u015fkanl\u0131\u011f\u0131m\u0131z ile ileti\u015fime ge\u00e7tik. Kendileri bu konuyu memnuniyetle kar\u015f\u0131layarak, i\u015fi projelendirdi, \u00e7al\u0131\u015fmalara ba\u015flad\u0131lar\u201d dedi.\u00a0<br \/>\nTop\u00e7uo\u011flu, yap\u0131lan \u00e7al\u0131\u015fmalar dolay\u0131s\u0131 ile toplu ta\u015f\u0131ma arac\u0131 s\u00fcr\u00fcc\u00fclerinin g\u00f6revleri s\u0131ras\u0131nda sa\u011fl\u0131k ve g\u00fcvenlik konular\u0131nda bir kat daha g\u00fcvenli olacaklar\u0131na dikkat \u00e7ekti.\u00a0<br \/>\nMakine \u0130kmal Bak\u0131m ve Onar\u0131m Dairesi Ba\u015fkan\u0131 Sabahat Aslan ise kabin talebinin kendilerine gelmesi ile birlikte yolcu ve s\u00fcr\u00fcc\u00fc g\u00fcvenli\u011fini sa\u011flamak amac\u0131yla \u00e7al\u0131\u015fmalar\u0131 ba\u015flatt\u0131klar\u0131n\u0131 ifade ederek, 2 ayl\u0131k bir s\u00fcre i\u00e7erisinde 200 araca kabin yerle\u015ftireceklerini s\u00f6yledi. Aslan, \u201cBelediyemiz a\u00e7\u0131s\u0131ndan \u00e7ok g\u00fczel bir hizmet. \u015eof\u00f6rlerimizin sa\u011fl\u0131\u011f\u0131 ve g\u00fcvenli\u011fi a\u00e7\u0131s\u0131ndan projelerine olumlu bakt\u0131k ve i\u015fi ba\u015flatt\u0131k. 2 ay sonra b\u00fct\u00fcn \u015fof\u00f6rlerimiz sa\u011fl\u0131kl\u0131 ve g\u00fcvenli bir \u015fekilde yollar\u0131na devam edecekler\u201d diye konu\u015ftu.\u00a0<\/p>\n","protected":false},"excerpt":{"rendered":"<p>\u00a0Mersin B\u00fcy\u00fck\u015fehir Belediyesi, korona vir\u00fcs salg\u0131n\u0131 dolay\u0131s\u0131yla ald\u0131\u011f\u0131 tedbirleri her ge\u00e7en g\u00fcn art\u0131r\u0131yor. Bu kapsamda toplu ta\u015f\u0131ma ara\u00e7lar\u0131nda s\u00fcr\u00fcc\u00fc mahalline \u015feffaf kabinler yerle\u015ftiriliyor. Mersin genelinde hizmet veren t\u00fcm toplu ta\u015f\u0131ma &hellip; <a href=\"https:\/\/akdenizolaygazetesi.com\/?p=8420\" class=\"more-link\">Devam\u0131n\u0131 Oku&#8230;<\/a><\/p>\n","protected":false},"author":1,"featured_media":0,"comment_status":"open","ping_status":"open","sticky":false,"template":"","format":"standard","meta":[],"categories":[],"tags":[],"_links":{"self":[{"href":"https:\/\/akdenizolaygazetesi.com\/index.php?rest_route=\/wp\/v2\/posts\/8420"}],"collection":[{"href":"https:\/\/akdenizolaygazetesi.com\/index.php?rest_route=\/wp\/v2\/posts"}],"about":[{"href":"https:\/\/akdenizolaygazetesi.com\/index.php?rest_route=\/wp\/v2\/types\/post"}],"author":[{"embeddable":true,"href":"https:\/\/akdenizolaygazetesi.com\/index.php?rest_route=\/wp\/v2\/users\/1"}],"replies":[{"embeddable":true,"href":"https:\/\/akdenizolaygazetesi.com\/index.php?rest_route=%2Fwp%2Fv2%2Fcomments&post=8420"}],"version-history":[{"count":0,"href":"https:\/\/akdenizolaygazetesi.com\/index.php?rest_route=\/wp\/v2\/posts\/8420\/revisions"}],"wp:attachment":[{"href":"https:\/\/akdenizolaygazetesi.com\/index.php?rest_route=%2Fwp%2Fv2%2Fmedia&parent=8420"}],"wp:term":[{"taxonomy":"category","embeddable":true,"href":"https:\/\/akdenizolaygazetesi.com\/index.php?rest_route=%2Fwp%2Fv2%2Fcategories&post=8420"},{"taxonomy":"post_tag","embeddable":true,"href":"https:\/\/akdenizolaygazetesi.com\/index.php?rest_route=%2Fwp%2Fv2%2Ftags&post=8420"}],"curies":[{"name":"wp","href":"https:\/\/api.w.org\/{rel}","templated":true}]}}