{"id":8421,"date":"2020-11-04T18:28:53","date_gmt":"2020-11-04T15:28:53","guid":{"rendered":"http:\/\/mersinekonomipolitikagazetesi.com\/?p=8421"},"modified":"2020-11-04T18:28:53","modified_gmt":"2020-11-04T15:28:53","slug":"kent-merkezinin-de-degisime-ayak-uydurmasi-lazim","status":"publish","type":"post","link":"https:\/\/akdenizolaygazetesi.com\/?p=8421","title":{"rendered":"&#8220;Kent merkezinin de de\u011fi\u015fime ayak uydurmas\u0131 laz\u0131m\u201d"},"content":{"rendered":"<p>Akdeniz Belediye Ba\u015fkan\u0131 Mustafa G\u00fcltak, Mersin\u2019in en eski al\u0131\u015fveri\u015f merkezlerinden biri olan tarihi Zafer \u00c7ar\u015f\u0131s\u0131 i\u00e7erisinde faaliyet g\u00f6steren esnaflar\u0131 ziyaret ederek talep ve s\u0131k\u0131nt\u0131lar\u0131n\u0131 dinledi.\u00a0<br \/>\nZiyaretine \u00e7ar\u015f\u0131 esnaf\u0131na simit ikram ederek ba\u015flayan Ba\u015fkan G\u00fcltak, ard\u0131ndan da d\u00fckkanlar\u0131 ziyaret etti, ikram edilen \u00e7aylar e\u015fli\u011finde esnafla sohbet etti. Ziyareti nedeniyle Ba\u015fkan G\u00fcltak\u2019a te\u015fekk\u00fcr eden esnaflar, kentin en eski ve en kalabal\u0131k yerlerinden biri olan Zafer \u00c7ar\u015f\u0131s\u0131\u2019n\u0131n yenilenip g\u00f6r\u00fcnt\u00fc kirlili\u011finin ortadan kald\u0131r\u0131lmas\u0131, d\u00fckkanlar\u0131n ayn\u0131 renge boyanmas\u0131, kap\u0131 giri\u015fleri ve kald\u0131r\u0131mlar\u0131n yenilenmesi gibi konularda taleplerini dile getirdi.<br \/>\n\u00a0<br \/>\n\u201cVatanda\u015f\u0131m\u0131z\u0131n, esnaf\u0131m\u0131z\u0131n d\u00fc\u015f\u00fcncelerine terc\u00fcman olmak da benim g\u00f6revim\u201d<br \/>\n\u00a0<br \/>\n\u201cAkdeniz Belediye Ba\u015fkan\u0131 olarak, uyar\u0131 ve g\u00f6r\u00fc\u015flerimi belirtmenin yan\u0131 s\u0131ra, Akdeniz\u2019de ya\u015fayan halk\u0131m\u0131z\u0131n ve ekme\u011fini kazanan esnaf\u0131m\u0131z\u0131n d\u00fc\u015f\u00fcncelerine terc\u00fcman olmak da benim g\u00f6revim\u201d diyen G\u00fcltak, bir esnaf \u00e7ocu\u011fu olarak, esnaf\u0131n sorunlar\u0131n\u0131 dinleyip \u00e7\u00f6zmekten ka\u00e7mad\u0131\u011f\u0131n\u0131 vurgulad\u0131. Zafer \u00c7ar\u015f\u0131s\u0131 ve Hamam Soka\u011f\u0131nda 4 yer noktas\u0131nda B\u00fcy\u00fck\u015fehir Belediyesinden talepleri oldu\u011funu dile getiren Ba\u015fkan G\u00fcltak, \u201cDaha \u00f6nce de \u00c7aml\u0131bel\u2019i ilgilendiren bir projemizi hayata ge\u00e7irmekle ilgili talebimiz vard\u0131 fakat bu konuda bize yetki verilmedi. Tabi \u00c7aml\u0131bel esnaf\u0131n\u0131n da bir an \u00f6nce m\u00fcdahil olmalar\u0131 gerekti\u011fini s\u00f6yledim. \u2018Yapaca\u011f\u0131z\u2019 dediler, bekliyoruz&#8221; dedi.\u00a0<br \/>\n9 Mart 2020 tarihli resmi yaz\u0131yla, \u2018Zafer \u00c7ar\u015f\u0131s\u0131\u2019n\u0131n da bulundu\u011fu alanlarda sokak sa\u011fl\u0131kla\u015ft\u0131rma projesi i\u00e7in de yetki istediklerini kaydeden G\u00fcltak, &#8220;26 Mart 2020 tarihinde, 43098 Say\u0131l\u0131 resmi yaz\u0131 ile B\u00fcy\u00fck\u015fehir, bu talebimizi de uygun bulmad\u0131\u011f\u0131n\u0131 bildirdi. Bu b\u00f6lgede de yenileme alan\u0131 var. B\u00fcy\u00fck\u015fehir Belediye Ba\u015fkan\u0131m\u0131z; \u2018Ben bu yenileme alanlar\u0131n\u0131 yapmak istiyorum ama etaplara b\u00f6lece\u011fim&#8217; dedi. Kanunen b\u00f6yle bir yetkisi var belediye ba\u015fkan\u0131n\u0131n. Buna sayg\u0131 duyduk. \u00c7\u00fcnk\u00fc b\u00fcy\u00fck bir alan oldu\u011fu i\u00e7in hepsini bir anda yapmak kolay de\u011fil. Birinci etab\u0131n i\u00e7inde bu b\u00f6lgenin de oldu\u011funu biliyorum. Nobel Oteli\u2019nin arkas\u0131, buras\u0131, Bal\u0131k Pazar\u0131, Kasaplar \u00c7ar\u015f\u0131s\u0131 ve Camii\u015ferif\u2019te de birka\u00e7 b\u00f6lgeyi biliyorum. Meclisten yetki al\u0131nmas\u0131 gerekiyordu. Cumhur \u0130ttifak\u0131 olarak, birinci etab\u0131n s\u0131n\u0131rlar\u0131na destek verip Meclisten ge\u00e7irdik\u201d a\u00e7\u0131klamas\u0131n\u0131 yapt\u0131.<br \/>\n\u00a0<br \/>\n\u201cKent merkezinin de de\u011fi\u015fime ayak uydurmas\u0131 laz\u0131m\u201d<br \/>\n\u00a0<br \/>\nBa\u015fkan G\u00fcltak, \u00e7ar\u015f\u0131 ile ilgili Akdeniz Belediyesi\u2019nin de projeleri oldu\u011funu belirterek, \u201c\u0130stiklal Caddesi, Hastane Caddesi. Par\u00e7a par\u00e7a planlan\u0131p revize edilebilir. Millet Bah\u00e7esi ve \u00c7aml\u0131bel\u2019deki de\u011fi\u015fim \u00e7ar\u015f\u0131y\u0131 da de\u011fi\u015ftirecek. Tabi buran\u0131n de\u011fi\u015fime ayak uydurmas\u0131 laz\u0131m. Fakat 6 ayd\u0131r bir de\u011fi\u015fim olmad\u0131. Umar\u0131m bir an \u00f6nce uygulama planlar\u0131 ortaya \u00e7\u0131kar. B\u00fcy\u00fck\u015fehir Belediye Ba\u015fkan\u0131m\u0131z buraya gelir ve esnaflarla toplant\u0131 yapar. Kimseyi zan alt\u0131nda b\u0131rakmak istemem fakat bizim de esnaf\u0131m\u0131z\u0131n da ald\u0131\u011f\u0131 ve buralar\u0131n y\u0131k\u0131l\u0131p \u2018meydan\u2019 yap\u0131laca\u011f\u0131 duyumlar\u0131 var. E\u011fer bu ger\u00e7ek ise ve B\u00fcy\u00fck\u015fehir Belediye Ba\u015fkan\u0131m\u0131z\u0131n da hayallerinde bu var ise sayg\u0131 duyar\u0131m. Ama acaba buradaki esnaf \u2018meydan\u2019 istiyor mu? Mersin meydan istiyor mu? Bu konu konu\u015fulup tart\u0131\u015f\u0131ld\u0131 m\u0131? E\u011fer buradaki esnaflar ta\u015f\u0131nacak ise ta\u015f\u0131nacaklar\u0131 yer neresi, haz\u0131rl\u0131k yap\u0131ld\u0131 m\u0131 gibi bir\u00e7ok soru var\u201d ifadelerini kulland\u0131.<br \/>\n\u00a0<br \/>\n\u201cB\u00fcy\u00fck\u015fehir Belediye Ba\u015fkan\u0131m\u0131z\u0131n projeler haz\u0131rlatt\u0131\u011f\u0131n\u0131 biliyorum\u201d<br \/>\n\u00a0<br \/>\nG\u00fcltak, bu sorulara yan\u0131t verecek olan ki\u015finin B\u00fcy\u00fck\u015fehir Belediye Ba\u015fkan\u0131 Vahap Se\u00e7er oldu\u011funu da kaydederek, \u201cBa\u015fkan Se\u00e7er\u2019in projeler haz\u0131rlat\u0131p takip etti\u011fini biliyorum. Zira bize de uzmanlar\u0131n\u0131 g\u00f6nderdi. Tabi esnaflar\u0131m\u0131z ad\u0131na kendisine te\u015fekk\u00fcr ediyorum. \u015eimdi yap\u0131lmas\u0131 gereken, bu projelerin bir an \u00f6nce tamamlan\u0131p ortaya \u00e7\u0131kar\u0131lmas\u0131, mutlaka ve ilk \u00f6nce de esnaflar\u0131m\u0131zla payla\u015fmas\u0131d\u0131r. Esnaf arkada\u015flar\u0131m ne diyorsa ben de onlar\u0131n yan\u0131nday\u0131m. Yeter ki esnaf\u0131m\u0131z, ak\u015fam kepenklerini kapat\u0131nca evlerine mutlu ve huzurlu d\u00f6ns\u00fcnler\u201d diye konu\u015ftu.\u00a0<br \/>\nS\u00f6zlerini, \u201cBen de se\u00e7ilmi\u015f bir belediye ba\u015fkan\u0131y\u0131m. Halk\u0131m\u0131z, 2024 y\u0131l\u0131nda bana da hesap soracak. \u2018Gel bakal\u0131m, onca esnaf gezdin de ne yapt\u0131n?\u2019 diyecek\u201d \u015feklinde s\u00fcrd\u00fcren G\u00fcltak, \u015f\u00f6yle konu\u015ftu; \u201c\u0130\u015f yapacak mekanizmalar\u0131 tetiklemek gerekiyor. Bir an \u00f6nce buraya el at\u0131lmas\u0131 gerekti\u011fini, \u00f6denek ayr\u0131lmas\u0131 ve projeler haz\u0131rlanmas\u0131 gerekti\u011fine inan\u0131yorum. Bu konuda hem h\u00fck\u00fcmetimizin olanaklar\u0131n\u0131 sa\u011flama noktas\u0131na yard\u0131mc\u0131 olmaya ve belediyemizin de deste\u011fini vermeye haz\u0131r\u0131m.\u201d\u00a0<br \/>\nAkdeniz Belediye Ba\u015fkan\u0131 Mustafa G\u00fcltak, son olarak Mersinlilere vefa \u00e7a\u011fr\u0131s\u0131 da yapt\u0131, vatanda\u015flardan, tarihi Zafer \u00c7ar\u015f\u0131s\u0131 esnaf\u0131na sahip \u00e7\u0131kmalar\u0131n\u0131 ve al\u0131\u015fveri\u015flerini buralardan yapmalar\u0131n\u0131 istedi. \u00a0<\/p>\n","protected":false},"excerpt":{"rendered":"<p>Akdeniz Belediye Ba\u015fkan\u0131 Mustafa G\u00fcltak, Mersin\u2019in en eski al\u0131\u015fveri\u015f merkezlerinden biri olan tarihi Zafer \u00c7ar\u015f\u0131s\u0131 i\u00e7erisinde faaliyet g\u00f6steren esnaflar\u0131 ziyaret ederek talep ve s\u0131k\u0131nt\u0131lar\u0131n\u0131 dinledi.\u00a0 Ziyaretine \u00e7ar\u015f\u0131 esnaf\u0131na simit ikram &hellip; <a href=\"https:\/\/akdenizolaygazetesi.com\/?p=8421\" class=\"more-link\">Devam\u0131n\u0131 Oku&#8230;<\/a><\/p>\n","protected":false},"author":1,"featured_media":0,"comment_status":"open","ping_status":"open","sticky":false,"template":"","format":"standard","meta":[],"categories":[],"tags":[],"_links":{"self":[{"href":"https:\/\/akdenizolaygazetesi.com\/index.php?rest_route=\/wp\/v2\/posts\/8421"}],"collection":[{"href":"https:\/\/akdenizolaygazetesi.com\/index.php?rest_route=\/wp\/v2\/posts"}],"about":[{"href":"https:\/\/akdenizolaygazetesi.com\/index.php?rest_route=\/wp\/v2\/types\/post"}],"author":[{"embeddable":true,"href":"https:\/\/akdenizolaygazetesi.com\/index.php?rest_route=\/wp\/v2\/users\/1"}],"replies":[{"embeddable":true,"href":"https:\/\/akdenizolaygazetesi.com\/index.php?rest_route=%2Fwp%2Fv2%2Fcomments&post=8421"}],"version-history":[{"count":0,"href":"https:\/\/akdenizolaygazetesi.com\/index.php?rest_route=\/wp\/v2\/posts\/8421\/revisions"}],"wp:attachment":[{"href":"https:\/\/akdenizolaygazetesi.com\/index.php?rest_route=%2Fwp%2Fv2%2Fmedia&parent=8421"}],"wp:term":[{"taxonomy":"category","embeddable":true,"href":"https:\/\/akdenizolaygazetesi.com\/index.php?rest_route=%2Fwp%2Fv2%2Fcategories&post=8421"},{"taxonomy":"post_tag","embeddable":true,"href":"https:\/\/akdenizolaygazetesi.com\/index.php?rest_route=%2Fwp%2Fv2%2Ftags&post=8421"}],"curies":[{"name":"wp","href":"https:\/\/api.w.org\/{rel}","templated":true}]}}