{"id":8423,"date":"2020-11-04T18:28:53","date_gmt":"2020-11-04T15:28:53","guid":{"rendered":"http:\/\/mersinekonomipolitikagazetesi.com\/?p=8423"},"modified":"2020-11-04T18:28:53","modified_gmt":"2020-11-04T15:28:53","slug":"bisiklet-guzergahi-ve-park-alani-olmali","status":"publish","type":"post","link":"https:\/\/akdenizolaygazetesi.com\/?p=8423","title":{"rendered":"B\u0130S\u0130KLET G\u00dcZERGAHI VE PARK ALANI OLMALI"},"content":{"rendered":"<p>Mersin\u2019de kent trafi\u011fi yo\u011fun ve bisiklet yollar\u0131 da yetersiz!<\/p>\n<p>Mersin\u2019de kent trafi\u011finin yo\u011funlu\u011funun yan\u0131 s\u0131ra bisiklet yollar\u0131n\u0131n da yetersizli\u011fi dikkat \u00e7ekiyor. Mimar Abdullah Y\u0131lmaz kent i\u00e7erisinde ta\u015f\u0131tlar\u0131n var olan trafik sorununu de\u011ferlendirirken, bisiklet s\u00fcr\u00fcc\u00fcleri i\u00e7in g\u00fczergah ve park alan\u0131n\u0131n olmas\u0131 gerekti\u011fini vurgulad\u0131. \u00a0 \u00a0 \u00a0 \u00a0 \u00a0 \u00a0 \u00a0 \u00a0 \u00a0 \u00a0 \u00a0\u00a0<br \/>\nMersin\u2019deki trafik sorunlar\u0131n\u0131 dile getiren Mimar Abdullah Y\u0131lmaz, kent i\u00e7indeki bisiklet kullan\u0131c\u0131lar\u0131n\u0131n da haklar\u0131na dikkat \u00e7ekti. Y\u0131lmaz, \u201cBisiklet kullan\u0131c\u0131 say\u0131s\u0131n\u0131 artt\u0131rmak isteyen, kentte bisikletle ula\u015f\u0131m konusunda ciddi olan yerel y\u00f6neticiler, bisiklet park etme konusuna ve bisiklet park \u00e7\u00f6z\u00fcm\u00fcne, trafikteki di\u011fer ta\u015f\u0131tlar\u0131n park sorununa verdikleri ayn\u0131 \u00f6nemi g\u00f6stermelidirler.\u2019\u2019 dedi.<\/p>\n<p>\u00a0&#8221;\u0130nsanlar bisikleti, g\u00fcvenli ve rahat bir park alan\u0131 oldu\u011funu bildikleri takdirde se\u00e7erler\u201d<\/p>\n<p>Ge\u00e7ti\u011fimiz g\u00fcnlerde Avrupa Hareketlilik Haftas\u0131 kutlamalar\u0131nda Mersin B\u00fcy\u00fck\u015fehir Belediye Ba\u015fkan\u0131 Vahap Se\u00e7er, bisiklet kullanarak evden hareket etmi\u015f ve g\u00fcn i\u00e7erisinde motorlu ta\u015f\u0131t kullanmam\u0131\u015ft\u0131. Kamuoyu ise uygulamalar\u0131n g\u00fcn\u00fcbirlik olarak yap\u0131lmamas\u0131 gerekti\u011fi savunarak, s\u00fcreklilikle hareket etmenin daha verimli olaca\u011f\u0131 belirtti.<br \/>\nY\u0131lmaz ise Mersin&#8217;de bisiklet kullan\u0131m\u0131n\u0131n artmas\u0131 ve daha temiz bir trafik i\u00e7in konu\u015ftu. Y\u0131lmaz, \u201cKentte \u015fehir naz\u0131m imar planlar\u0131na i\u015flenmi\u015f, plan notlar\u0131 ile \u00e7\u00f6z\u00fcmlenmi\u015f, s\u00fcrd\u00fcr\u00fclebilir iyi bir alt ve \u00fcst yap\u0131ya sahip bisiklet yollar\u0131 olsa bile, insanlar bisikleti ancak seyahatlerinin sonunda g\u00fcvenli ve rahat bir park alan\u0131 oldu\u011funu bildikleri takdirde se\u00e7eceklerdir.\u2019\u2019 ifadelerini kulland\u0131.<\/p>\n","protected":false},"excerpt":{"rendered":"<p>Mersin\u2019de kent trafi\u011fi yo\u011fun ve bisiklet yollar\u0131 da yetersiz! Mersin\u2019de kent trafi\u011finin yo\u011funlu\u011funun yan\u0131 s\u0131ra bisiklet yollar\u0131n\u0131n da yetersizli\u011fi dikkat \u00e7ekiyor. Mimar Abdullah Y\u0131lmaz kent i\u00e7erisinde ta\u015f\u0131tlar\u0131n var olan trafik &hellip; <a href=\"https:\/\/akdenizolaygazetesi.com\/?p=8423\" class=\"more-link\">Devam\u0131n\u0131 Oku&#8230;<\/a><\/p>\n","protected":false},"author":1,"featured_media":0,"comment_status":"open","ping_status":"open","sticky":false,"template":"","format":"standard","meta":[],"categories":[],"tags":[],"_links":{"self":[{"href":"https:\/\/akdenizolaygazetesi.com\/index.php?rest_route=\/wp\/v2\/posts\/8423"}],"collection":[{"href":"https:\/\/akdenizolaygazetesi.com\/index.php?rest_route=\/wp\/v2\/posts"}],"about":[{"href":"https:\/\/akdenizolaygazetesi.com\/index.php?rest_route=\/wp\/v2\/types\/post"}],"author":[{"embeddable":true,"href":"https:\/\/akdenizolaygazetesi.com\/index.php?rest_route=\/wp\/v2\/users\/1"}],"replies":[{"embeddable":true,"href":"https:\/\/akdenizolaygazetesi.com\/index.php?rest_route=%2Fwp%2Fv2%2Fcomments&post=8423"}],"version-history":[{"count":0,"href":"https:\/\/akdenizolaygazetesi.com\/index.php?rest_route=\/wp\/v2\/posts\/8423\/revisions"}],"wp:attachment":[{"href":"https:\/\/akdenizolaygazetesi.com\/index.php?rest_route=%2Fwp%2Fv2%2Fmedia&parent=8423"}],"wp:term":[{"taxonomy":"category","embeddable":true,"href":"https:\/\/akdenizolaygazetesi.com\/index.php?rest_route=%2Fwp%2Fv2%2Fcategories&post=8423"},{"taxonomy":"post_tag","embeddable":true,"href":"https:\/\/akdenizolaygazetesi.com\/index.php?rest_route=%2Fwp%2Fv2%2Ftags&post=8423"}],"curies":[{"name":"wp","href":"https:\/\/api.w.org\/{rel}","templated":true}]}}