{"id":843,"date":"2020-11-04T18:21:27","date_gmt":"2020-11-04T15:21:27","guid":{"rendered":"http:\/\/mersinekonomipolitikagazetesi.com\/?p=843"},"modified":"2020-11-04T18:21:27","modified_gmt":"2020-11-04T15:21:27","slug":"tour-of-mersin-bisiklet-yarislari-basliyor","status":"publish","type":"post","link":"https:\/\/akdenizolaygazetesi.com\/?p=843","title":{"rendered":"Tour Of Mersin Bisiklet Yar\u0131\u015flar\u0131 ba\u015fl\u0131yor"},"content":{"rendered":"<p>Mersin B\u00fcy\u00fck\u015fehir Belediyesi taraf\u0131ndan d\u00fczenlenen ve bu y\u0131l \u00fc\u00e7\u00fcnc\u00fcs\u00fc ger\u00e7ekle\u015ftirilecek olan Mersin Uluslararas\u0131 Bisiklet Turu &#8216;Tour Of Mersin&#8217;, 20-23 Nisan tarihleri aras\u0131nda 11 \u00fclkeden 83 sporcunun kat\u0131l\u0131m\u0131 ile yap\u0131lacak.<\/p>\n<p><span style=\"font-family: Tahoma, Arial, 'Times New Roman TUR', Verdana; font-size: 15px; background-color: rgb(255, 255, 255);\">Organizasyonla ilgili d\u00fczenlenen tan\u0131t\u0131m toplant\u0131s\u0131nda, Tour Of Mersin parkurunun tan\u0131t\u0131m filminin izlenmesinin ard\u0131ndan, Mersin B\u00fcy\u00fck\u015fehir Belediyesi ad\u0131na Vedat Y\u00fcksel taraf\u0131ndan yar\u0131\u015flarla ilgili bilgi verildi.<\/span><br style=\"font-family: Tahoma, Arial, 'Times New Roman TUR', Verdana; font-size: 15px; background-color: rgb(255, 255, 255);\" \/><br \/>\n<span style=\"font-family: Tahoma, Arial, 'Times New Roman TUR', Verdana; font-size: 15px; background-color: rgb(255, 255, 255);\">Toplant\u0131da konu\u015fan Mersin Valisi \u00d6zdemir \u00c7akacak, g\u00fcn\u00fcm\u00fczde d\u00fcnya genelinde en \u00f6nemli etkinlik alanlar\u0131ndan biri olan sporun, insanlar aras\u0131nda sevgi, sayg\u0131, karde\u015flik duygular\u0131n\u0131n geli\u015fmesine b\u00fcy\u00fck katk\u0131 sa\u011flad\u0131\u011f\u0131n\u0131 s\u00f6yledi. Spor organizasyonlar\u0131n\u0131n ayn\u0131 zamanda d\u00fczenlendi\u011fi kent ve \u00fclkelerin tan\u0131n\u0131rl\u0131\u011f\u0131n\u0131 ve bilinirli\u011fini artt\u0131rarak, o kent ve \u00fclkelerin turizmden daha fazla pay almas\u0131na da katk\u0131 sa\u011flad\u0131\u011f\u0131n\u0131 ifade eden \u00c7akacak, &#8220;Bisiklet sporu da \u00f6zellikle son y\u0131llarda artan pop\u00fclaritesi ile hem insanlar aras\u0131nda dostluk ba\u011flar\u0131n\u0131n artmas\u0131na katk\u0131 sa\u011flamakta, hem de d\u00fczenlendikleri \u00fclkelerin turizmine de ivme kazand\u0131rmaktad\u0131r. Yery\u00fcz\u00fc cenneti Mersin, co\u011frafi yap\u0131s\u0131n\u0131n verdi\u011fi avantajlarla ile hem bisiklet sporunun hem de bisikletin g\u00fcnl\u00fck kullan\u0131m\u0131 i\u00e7in son derece uygun bir \u015fehirdir. \u00c7evreci bir ula\u015f\u0131m arac\u0131 olan bisiklet, ayn\u0131 zamanda her ya\u015ftan insan\u0131m\u0131z\u0131n g\u00fcndelik hayat\u0131 i\u00e7erisinde rahatl\u0131kla spor yapmalar\u0131na imkan sa\u011flayan ve bu sayede sa\u011fl\u0131kl\u0131 ya\u015famalar\u0131na da b\u00fcy\u00fck katk\u0131 sunan bir spor arac\u0131d\u0131r&#8221; dedi.<\/span><br style=\"font-family: Tahoma, Arial, 'Times New Roman TUR', Verdana; font-size: 15px; background-color: rgb(255, 255, 255);\" \/><br \/>\n<span style=\"font-family: Tahoma, Arial, 'Times New Roman TUR', Verdana; font-size: 15px; background-color: rgb(255, 255, 255);\">&#8220;Bu t\u00fcr organizasyonlar Mersin&#8217;e de\u011fer kat\u0131yor&#8221;<\/span><br style=\"font-family: Tahoma, Arial, 'Times New Roman TUR', Verdana; font-size: 15px; background-color: rgb(255, 255, 255);\" \/><br \/>\n<span style=\"font-family: Tahoma, Arial, 'Times New Roman TUR', Verdana; font-size: 15px; background-color: rgb(255, 255, 255);\">Bisiklet yar\u0131\u015flar\u0131n\u0131n, d\u00fczenlendikleri ilin ve \u00fclkenin do\u011fal ve k\u00fclt\u00fcrel de\u011ferlerinin tan\u0131t\u0131m\u0131na b\u00fcy\u00fck katk\u0131 sa\u011flamas\u0131n\u0131n yan\u0131nda, ayn\u0131 zamanda insanlar\u0131 bisiklet kullanmaya \u00f6zendirme y\u00f6n\u00fcyle d\u00fcnyada olduk\u00e7a ra\u011fbet g\u00f6ren bir spor dal\u0131 haline geldi\u011fine i\u015faret eden \u00c7akacak, &#8220;Nitekim baz\u0131 kent ve \u00fclkelerin bisiklet yar\u0131\u015flar\u0131yla \u00f6zde\u015fle\u015fti\u011fini ve d\u00fczenlenen yar\u0131\u015flar\u0131n b\u00fcy\u00fck bir izleyici kitlesine ula\u015ft\u0131\u011f\u0131n\u0131 g\u00f6rmekteyiz. Mersin&#8217;de zengin k\u00fclt\u00fcrel de\u011ferlerinin, tarihi dokusu ve sosyoekonomik potansiyeli ile bisiklet yar\u0131\u015flar\u0131na en g\u00fczel \u015fekilde ev sahipli\u011fi yapabilecek imkanlara sahip bir kenttir. Bu potansiyelini en etkin \u015fekilde de\u011ferlendirme noktas\u0131na harekete ge\u00e7en B\u00fcy\u00fck\u015fehir Belediyesi de Tour Of Mersin&#8217;i ba\u015far\u0131<\/span><br style=\"font-family: Tahoma, Arial, 'Times New Roman TUR', Verdana; font-size: 15px; background-color: rgb(255, 255, 255);\" \/><br \/>\n<span style=\"font-family: Tahoma, Arial, 'Times New Roman TUR', Verdana; font-size: 15px; background-color: rgb(255, 255, 255);\">ile d\u00fczenlemektedir. Bu t\u00fcr organizasyonlar\u0131n\u0131n Mersin&#8217;e b\u00fcy\u00fck de\u011fer katt\u0131\u011f\u0131 ve tan\u0131t\u0131m\u0131na b\u00fcy\u00fck katk\u0131 sa\u011flad\u0131\u011f\u0131 a\u015fikard\u0131r&#8221; diye konu\u015ftu.<\/span><br style=\"font-family: Tahoma, Arial, 'Times New Roman TUR', Verdana; font-size: 15px; background-color: rgb(255, 255, 255);\" \/><br \/>\n<span style=\"font-family: Tahoma, Arial, 'Times New Roman TUR', Verdana; font-size: 15px; background-color: rgb(255, 255, 255);\">\u201cSpor bir k\u00fclt\u00fcr k\u00f6pr\u00fcs\u00fcd\u00fcr\u201d<\/span><br style=\"font-family: Tahoma, Arial, 'Times New Roman TUR', Verdana; font-size: 15px; background-color: rgb(255, 255, 255);\" \/><br \/>\n<span style=\"font-family: Tahoma, Arial, 'Times New Roman TUR', Verdana; font-size: 15px; background-color: rgb(255, 255, 255);\">Mersin B\u00fcy\u00fck\u015fehir Belediye Ba\u015fkan\u0131 Burhanettin Kocamaz ise Mersin\u2019i d\u00fcnyaca tan\u0131nm\u0131\u015f bir spor kenti haline getirme yolunda ger\u00e7ekle\u015ftirdikleri proje ve faaliyetlerden bahsederek, spora yap\u0131lan yat\u0131r\u0131m\u0131 ayd\u0131nl\u0131k ve sa\u011fl\u0131kl\u0131 gelece\u011fe yap\u0131lan yat\u0131r\u0131m olarak g\u00f6rd\u00fcklerini belirtti. Mersin\u2019de sporu hayat tarz\u0131 haline getirmek amac\u0131yla \u00e7al\u0131\u015ft\u0131klar\u0131n\u0131 kaydeden Kocamaz, &#8220;\u0130limizin marka kimli\u011finde \u00f6nemli bir yer tutan spor kenti etiketine katk\u0131 sa\u011flayan 149 ulusal ve 33 uluslararas\u0131 organizasyon d\u00fczenledik\u201d ifadelerini kulland\u0131.<\/span><br style=\"font-family: Tahoma, Arial, 'Times New Roman TUR', Verdana; font-size: 15px; background-color: rgb(255, 255, 255);\" \/><br \/>\n<span style=\"font-family: Tahoma, Arial, 'Times New Roman TUR', Verdana; font-size: 15px; background-color: rgb(255, 255, 255);\">Mersin B\u00fcy\u00fck\u015fehir Belediyesi olarak kendilerine \u2018Mersin\u2019i spor turizminin ba\u015fkenti yapmak\u2019 hedefini koyduklar\u0131n\u0131 dile getiren Kocamaz, \u015f\u00f6yle devam etti; \u201cMersin, bu konuda e\u015fi benzeri olmayan bir potansiyele sahiptir. A\u00e7\u0131k hava sporlar\u0131 d\u00e2hil t\u00fcm sporlar\u0131n 12 ay rahatl\u0131kla yap\u0131labildi\u011fi iklim \u015fartlar\u0131, 10 bin y\u0131ll\u0131k tarihi, do\u011fal g\u00fczellikleri ve t\u00fcm d\u00fcnyaya \u00f6rnek ortak ya\u015fama k\u00fclt\u00fcr\u00fc ile Mersin, spor ile turizmin bir arada d\u00fc\u015f\u00fcn\u00fclebilece\u011fi yery\u00fcz\u00fcndeki ender kentlerden biridir. Spor, d\u00fcnyada kader birli\u011fi eden 7 milyardan fazla insan\u0131n tan\u0131\u015fmas\u0131n\u0131 ve kayna\u015fmas\u0131n\u0131 sa\u011flayan \u00e7ok \u00f6nemli bir k\u00fclt\u00fcr k\u00f6pr\u00fcs\u00fcd\u00fcr. Spor sayesinde hem ba\u015fka k\u00fclt\u00fcrleri tan\u0131r hem de kendi tarihi, k\u00fclt\u00fcrel ve do\u011fal g\u00fczelliklerimizi ba\u015fka milletlere tan\u0131tma f\u0131rsat\u0131n\u0131 yakalar\u0131z.\u201d<\/span><br style=\"font-family: Tahoma, Arial, 'Times New Roman TUR', Verdana; font-size: 15px; background-color: rgb(255, 255, 255);\" \/><br \/>\n<span style=\"font-family: Tahoma, Arial, 'Times New Roman TUR', Verdana; font-size: 15px; background-color: rgb(255, 255, 255);\">&#8220;Tour Of Mersin\u2019e 7 \u00fclkeden 11 tak\u0131m kat\u0131l\u0131yor&#8221;<\/span><br style=\"font-family: Tahoma, Arial, 'Times New Roman TUR', Verdana; font-size: 15px; background-color: rgb(255, 255, 255);\" \/><br \/>\n<span style=\"font-family: Tahoma, Arial, 'Times New Roman TUR', Verdana; font-size: 15px; background-color: rgb(255, 255, 255);\">Tour Of Mersin\u2019i, \u00fclkenin de\u011ferleri, milletin bar\u0131\u015f, karde\u015flik ve ho\u015fg\u00f6r\u00fc mesajlar\u0131n\u0131 d\u00fcnyaya ula\u015ft\u0131rmak i\u00e7in bir f\u0131rsat olarak g\u00f6rd\u00fcklerini kaydeden Ba\u015fkan Kocamaz, \u201cGelecek y\u0131llarda ad\u0131ndan \u00e7ok daha fazla s\u00f6z ettirece\u011fine inand\u0131\u011f\u0131m Tour Of Mersin\u2019e bu y\u0131l T\u00fcrkiye de dahil olmak \u00fczere 7 \u00fclkeden 11 tak\u0131m kat\u0131l\u0131yor. T\u00fcrkiye\u2019nin 5 tak\u0131m ve 54 sporcu ile temsil edildi\u011fi yar\u0131\u015flarda Azerbaycan, Kazakistan, Belarus, G\u00fcrcistan, Ukrayna ve Bulgaristan\u2019dan kat\u0131lanlarla birlikte tak\u0131m say\u0131s\u0131 11\u2019e, sporcu say\u0131s\u0131 ise 83\u2019e y\u00fckseliyor. 2015\u2019te d\u00fczenledi\u011fimiz 1. Tour Of Mersin\u2019i Ukraynal\u0131 bisiklet\u00e7i Oleksandr Polivoda, 2016\u2019daki 2. Tour Of Mersin\u2019i ise Torku \u015eekerspor\u2019dan Naz\u0131m Bak\u0131rc\u0131 kazanm\u0131\u015ft\u0131. Bu y\u0131l kimin kazanaca\u011f\u0131n\u0131 herkes gibi ben de merakla bekliyorum ve t\u00fcm sporcular\u0131m\u0131za ba\u015far\u0131lar diliyorum. Bununla birlikte dereceye girsin ya da girmesin b\u00fct\u00fcn sporcular\u0131m\u0131z\u0131 \u2018T\u00fcrkiye ve Mersin g\u00f6n\u00fcll\u00fcs\u00fc\u2019 kabul etti\u011fimizi de ifade etmek istiyorum\u201d dedi.<\/span><br style=\"font-family: Tahoma, Arial, 'Times New Roman TUR', Verdana; font-size: 15px; background-color: rgb(255, 255, 255);\" \/><br \/>\n<span style=\"font-family: Tahoma, Arial, 'Times New Roman TUR', Verdana; font-size: 15px; background-color: rgb(255, 255, 255);\">\u201cTour Of Mersin d\u00fcnya bar\u0131\u015f\u0131na hizmet edecektir\u201d<\/span><br style=\"font-family: Tahoma, Arial, 'Times New Roman TUR', Verdana; font-size: 15px; background-color: rgb(255, 255, 255);\" \/><br \/>\n<span style=\"font-family: Tahoma, Arial, 'Times New Roman TUR', Verdana; font-size: 15px; background-color: rgb(255, 255, 255);\">Sporun kayna\u015ft\u0131r\u0131c\u0131 ve k\u00fclt\u00fcrleri birle\u015ftirici bir etkisi oldu\u011funu ifade eden Kocamaz, \u201cTour Of Mersin, t\u00fcm sporcular\u0131 ve onlar\u0131 izleyen binlerce vatanda\u015f\u0131m\u0131z\u0131 spor co\u015fkusunda<\/span><br style=\"font-family: Tahoma, Arial, 'Times New Roman TUR', Verdana; font-size: 15px; background-color: rgb(255, 255, 255);\" \/><br \/>\n<span style=\"font-family: Tahoma, Arial, 'Times New Roman TUR', Verdana; font-size: 15px; background-color: rgb(255, 255, 255);\">kayna\u015ft\u0131racak, insanl\u0131\u011f\u0131n ortak k\u00fclt\u00fcr de\u011ferlerinde birle\u015ftirecektir. Medeniyetler be\u015fi\u011fi Akdeniz\u2019in incisi Mersin k\u0131y\u0131lar\u0131nda kurdu\u011fumuz karde\u015flik k\u00f6pr\u00fcs\u00fc, d\u00fcnya bar\u0131\u015f\u0131na hizmet edecektir&#8221; diye konu\u015ftu.<\/span><br style=\"font-family: Tahoma, Arial, 'Times New Roman TUR', Verdana; font-size: 15px; background-color: rgb(255, 255, 255);\" \/><br \/>\n<span style=\"font-family: Tahoma, Arial, 'Times New Roman TUR', Verdana; font-size: 15px; background-color: rgb(255, 255, 255);\">T\u00fcrkiye Bisiklet Federasyonu Ba\u015fkan\u0131 Erol K\u00fc\u00e7\u00fckbak\u0131rc\u0131 da organizasyonun, \u015fehrin ve \u00fclkenin tan\u0131t\u0131m\u0131na f\u0131rsat sa\u011flad\u0131\u011f\u0131n\u0131 belirterek, &#8220;Bundan dolay\u0131 Mersin B\u00fcy\u00fck\u015fehir Belediyesi\u2019ne te\u015fekk\u00fcr ederim. Mersin, ge\u00e7mi\u015fte yar\u0131\u015flar yapt\u0131\u011f\u0131m\u0131z \u00e7ok \u00f6nemli bir ilimiz, \u00e7ok g\u00fczel se\u00e7ilmi\u015f bir yer. Organizasyona destek veren Say\u0131n Ba\u015fkan\u0131m\u0131za ve Valimize \u015f\u00fckranlar\u0131m\u0131 sunuyorum&#8221; diye konu\u015ftu.<\/span><br style=\"font-family: Tahoma, Arial, 'Times New Roman TUR', Verdana; font-size: 15px; background-color: rgb(255, 255, 255);\" \/><br \/>\n<span style=\"font-family: Tahoma, Arial, 'Times New Roman TUR', Verdana; font-size: 15px; background-color: rgb(255, 255, 255);\">Konu\u015fmalar\u0131n ard\u0131ndan T\u00fcrkiye Bisiklet Federasyonu Ba\u015fkan\u0131 Erol K\u00fc\u00e7\u00fckbak\u0131rc\u0131, Vali \u00d6zdemir \u00c7akacak ve Mersin B\u00fcy\u00fck\u015fehir Belediye Ba\u015fkan\u0131 Burhanettin Kocamaz\u2019a forma hediye etti.<\/span><\/p>\n","protected":false},"excerpt":{"rendered":"<p>Mersin B\u00fcy\u00fck\u015fehir Belediyesi taraf\u0131ndan d\u00fczenlenen ve bu y\u0131l \u00fc\u00e7\u00fcnc\u00fcs\u00fc ger\u00e7ekle\u015ftirilecek olan Mersin Uluslararas\u0131 Bisiklet Turu &#8216;Tour Of Mersin&#8217;, 20-23 Nisan tarihleri aras\u0131nda 11 \u00fclkeden 83 sporcunun kat\u0131l\u0131m\u0131 ile yap\u0131lacak. Organizasyonla &hellip; <a href=\"https:\/\/akdenizolaygazetesi.com\/?p=843\" class=\"more-link\">Devam\u0131n\u0131 Oku&#8230;<\/a><\/p>\n","protected":false},"author":1,"featured_media":0,"comment_status":"open","ping_status":"open","sticky":false,"template":"","format":"standard","meta":[],"categories":[],"tags":[],"_links":{"self":[{"href":"https:\/\/akdenizolaygazetesi.com\/index.php?rest_route=\/wp\/v2\/posts\/843"}],"collection":[{"href":"https:\/\/akdenizolaygazetesi.com\/index.php?rest_route=\/wp\/v2\/posts"}],"about":[{"href":"https:\/\/akdenizolaygazetesi.com\/index.php?rest_route=\/wp\/v2\/types\/post"}],"author":[{"embeddable":true,"href":"https:\/\/akdenizolaygazetesi.com\/index.php?rest_route=\/wp\/v2\/users\/1"}],"replies":[{"embeddable":true,"href":"https:\/\/akdenizolaygazetesi.com\/index.php?rest_route=%2Fwp%2Fv2%2Fcomments&post=843"}],"version-history":[{"count":0,"href":"https:\/\/akdenizolaygazetesi.com\/index.php?rest_route=\/wp\/v2\/posts\/843\/revisions"}],"wp:attachment":[{"href":"https:\/\/akdenizolaygazetesi.com\/index.php?rest_route=%2Fwp%2Fv2%2Fmedia&parent=843"}],"wp:term":[{"taxonomy":"category","embeddable":true,"href":"https:\/\/akdenizolaygazetesi.com\/index.php?rest_route=%2Fwp%2Fv2%2Fcategories&post=843"},{"taxonomy":"post_tag","embeddable":true,"href":"https:\/\/akdenizolaygazetesi.com\/index.php?rest_route=%2Fwp%2Fv2%2Ftags&post=843"}],"curies":[{"name":"wp","href":"https:\/\/api.w.org\/{rel}","templated":true}]}}