{"id":8435,"date":"2020-11-04T18:28:54","date_gmt":"2020-11-04T15:28:54","guid":{"rendered":"http:\/\/mersinekonomipolitikagazetesi.com\/?p=8435"},"modified":"2020-11-04T18:28:54","modified_gmt":"2020-11-04T15:28:54","slug":"cocuk-isciligine-dikkat-cekmek-icin-150-noktaya-uyari-afisleri-asildi","status":"publish","type":"post","link":"https:\/\/akdenizolaygazetesi.com\/?p=8435","title":{"rendered":"\u00c7ocuk i\u015f\u00e7ili\u011fine dikkat \u00e7ekmek i\u00e7in 150 noktaya uyar\u0131 afi\u015fleri as\u0131ld\u0131"},"content":{"rendered":"<p>Aile, \u00c7al\u0131\u015fma ve Sosyal Hizmetler \u0130l M\u00fcd\u00fcrl\u00fc\u011f\u00fc b\u00fcnyesinde faaliyet g\u00f6steren Mersin \u00c7ocuk Haklar\u0131 \u00c7ocuk Komitesi \u00fcyeleri, \u00e7ocuk i\u015f\u00e7ili\u011fine dikkat \u00e7ekmek amac\u0131yla kentin 150 noktas\u0131na uyar\u0131 afi\u015fleri ast\u0131.\u00a0<br \/>\n\u0130l \u00c7ocuk Haklar\u0131 Koordinat\u00f6r\u00fc Mustafa Sar\u0131, &#8216;\u00c7ocuk i\u015f\u00e7ili\u011fi ile m\u00fccadele ulusal eylem plan\u0131&#8217; kapsam\u0131nda, \u00e7ocuk i\u015f\u00e7ili\u011fine dikkat \u00e7ekmek ve vatanda\u015flar\u0131 bu konuda uyarmak amac\u0131yla afi\u015flerle kamuoyu duyarl\u0131l\u0131\u011f\u0131 olu\u015fturmay\u0131 ama\u00e7lad\u0131klar\u0131n\u0131 s\u00f6yledi. D\u00fcnyada oldu\u011fu gibi T\u00fcrkiye&#8217;de de \u00f6ncelikli sorunlar aras\u0131nda yer alan \u00e7ocuk i\u015f\u00e7ili\u011finin azalt\u0131lmas\u0131 i\u00e7in \u00e7aba g\u00f6sterdiklerini kaydeden Sar\u0131, &#8221; Tar\u0131mda, sanayide, sokakta 18 ya\u015f alt\u0131nda \u00e7ocuk \u00e7al\u0131\u015ft\u0131r\u0131lmas\u0131, \u00f6zellikle \u00e7ocuklar\u0131n zihinsel, bedensel ve fiziksel geli\u015fimini engelledi\u011finden, ulusal ve uluslararas\u0131 mevzuatlara g\u00f6re su\u00e7tur. Amac\u0131m\u0131z bu konuda kamuoyunun dikkatini \u00e7ekmek. T\u00fcm \u00fclkenin bireyleri olarak \u00e7ocuklar\u0131m\u0131za sahip \u00e7\u0131kmal\u0131y\u0131z. \u00c7ocuklar\u0131m\u0131z \u00e7\u00f6pte, tehlikeli i\u015flerde ve sokakta de\u011fil evinde, okulunda, \u00e7ocuk oyun alanlar\u0131nda olmal\u0131d\u0131r&#8221; dedi. \u00a0<\/p>\n","protected":false},"excerpt":{"rendered":"<p>Aile, \u00c7al\u0131\u015fma ve Sosyal Hizmetler \u0130l M\u00fcd\u00fcrl\u00fc\u011f\u00fc b\u00fcnyesinde faaliyet g\u00f6steren Mersin \u00c7ocuk Haklar\u0131 \u00c7ocuk Komitesi \u00fcyeleri, \u00e7ocuk i\u015f\u00e7ili\u011fine dikkat \u00e7ekmek amac\u0131yla kentin 150 noktas\u0131na uyar\u0131 afi\u015fleri ast\u0131.\u00a0 \u0130l \u00c7ocuk Haklar\u0131 &hellip; <a href=\"https:\/\/akdenizolaygazetesi.com\/?p=8435\" class=\"more-link\">Devam\u0131n\u0131 Oku&#8230;<\/a><\/p>\n","protected":false},"author":1,"featured_media":0,"comment_status":"open","ping_status":"open","sticky":false,"template":"","format":"standard","meta":[],"categories":[],"tags":[],"_links":{"self":[{"href":"https:\/\/akdenizolaygazetesi.com\/index.php?rest_route=\/wp\/v2\/posts\/8435"}],"collection":[{"href":"https:\/\/akdenizolaygazetesi.com\/index.php?rest_route=\/wp\/v2\/posts"}],"about":[{"href":"https:\/\/akdenizolaygazetesi.com\/index.php?rest_route=\/wp\/v2\/types\/post"}],"author":[{"embeddable":true,"href":"https:\/\/akdenizolaygazetesi.com\/index.php?rest_route=\/wp\/v2\/users\/1"}],"replies":[{"embeddable":true,"href":"https:\/\/akdenizolaygazetesi.com\/index.php?rest_route=%2Fwp%2Fv2%2Fcomments&post=8435"}],"version-history":[{"count":0,"href":"https:\/\/akdenizolaygazetesi.com\/index.php?rest_route=\/wp\/v2\/posts\/8435\/revisions"}],"wp:attachment":[{"href":"https:\/\/akdenizolaygazetesi.com\/index.php?rest_route=%2Fwp%2Fv2%2Fmedia&parent=8435"}],"wp:term":[{"taxonomy":"category","embeddable":true,"href":"https:\/\/akdenizolaygazetesi.com\/index.php?rest_route=%2Fwp%2Fv2%2Fcategories&post=8435"},{"taxonomy":"post_tag","embeddable":true,"href":"https:\/\/akdenizolaygazetesi.com\/index.php?rest_route=%2Fwp%2Fv2%2Ftags&post=8435"}],"curies":[{"name":"wp","href":"https:\/\/api.w.org\/{rel}","templated":true}]}}