{"id":8436,"date":"2020-11-04T18:28:54","date_gmt":"2020-11-04T15:28:54","guid":{"rendered":"http:\/\/mersinekonomipolitikagazetesi.com\/?p=8436"},"modified":"2020-11-04T18:28:54","modified_gmt":"2020-11-04T15:28:54","slug":"akdeniz-belediyesi-mersine-bilim-merkezi-kazandiriyor","status":"publish","type":"post","link":"https:\/\/akdenizolaygazetesi.com\/?p=8436","title":{"rendered":"Akdeniz Belediyesi, Mersin\u2019e \u2018Bilim Merkezi\u2019 kazand\u0131r\u0131yor"},"content":{"rendered":"<p>Akdeniz Belediye Ba\u015fkan\u0131 Muhammet Mustafa G\u00fcltak, s\u00fcreli s\u00f6zle\u015fmeyle Sosyal Yard\u0131mla\u015fma ve Dayan\u0131\u015fma Vakf\u0131na devredilerek Aile Destek Merkezi olarak hizmet veren belediyeye ait binay\u0131 yeniden b\u00fcnyelerine alacaklar\u0131n\u0131 ve \u2018Bilim Merkezi\u2019ne d\u00f6n\u00fc\u015ft\u00fcreceklerini a\u00e7\u0131klad\u0131.\u00a0<br \/>\nBa\u015fkan G\u00fcltak, Bilim Merkezi yapacaklar\u0131 G\u00fcndo\u011fdu Mahallesindeki binada incelemelerde bulundu. K\u00fclt\u00fcr Sosyal \u0130\u015fler M\u00fcd\u00fcr\u00fc Ali U\u00e7ar ile G\u00fcndo\u011fdu Mahallesi Muhtar\u0131 Abdulrahim Uysal\u2019\u0131n da kat\u0131ld\u0131\u011f\u0131 inceleme sonras\u0131 bir a\u00e7\u0131klama yapan Ba\u015fkan G\u00fcltak, \u201cBu binan\u0131n m\u00fclk\u00fc, yerle\u015fkesi, \u00f6n\u00fcndeki araziler belediyemize ait. Akdeniz Kaymakaml\u0131\u011f\u0131m\u0131z, binay\u0131 uzun s\u00fcre Aile Destek Hizmeti merkezi olarak kulland\u0131. Ailelerimiz, gen\u00e7lerimiz buraya gelerek farkl\u0131 mesleki beceri ve konularda kurs ve e\u011fitimler ald\u0131lar, sporlar\u0131n\u0131 da yapt\u0131lar. Minik \u00e7ocuklar\u0131m\u0131z hem e\u011flendiler hem \u00f6\u011frendiler. Bina ger\u00e7ekten amac\u0131na uygun \u015fekilde kullan\u0131ld\u0131\u201d dedi.\u00a0<\/p>\n<p>G\u00fcltak, s\u00f6zle\u015fme ile her y\u0131l Kaymakaml\u0131\u011fa devredilen binay\u0131 yeniden belediye b\u00fcnyesine alacaklar\u0131n\u0131 kaydederek, \u201cBiz bu sene buras\u0131 i\u00e7in farkl\u0131 bir proje uygulayaca\u011f\u0131z. Mersin merkez il\u00e7elerimizde \u00f6rne\u011fi olmayan bir bilim merkezi a\u00e7may\u0131 d\u00fc\u015f\u00fcn\u00fcyoruz. Projede, Akdeniz \u0130l\u00e7e Milli E\u011fitim M\u00fcd\u00fcrl\u00fc\u011f\u00fcm\u00fcz ile de i\u015fbirli\u011fi yapaca\u011f\u0131z. Amac\u0131m\u0131z, anaokulu, ilkokul, ortaokul ve lise \u00f6\u011frencilerinin buraya gelip, bu binada kurulacak at\u00f6lyelerde yeni ve farl\u0131 y\u00f6ntemlerle \u00f6\u011frenmelerini sa\u011flamak. Akdeniz il\u00e7emizde g\u00f6rev yapan ve inceleme yapmak \u00fczere yurt d\u0131\u015f\u0131na giden \u00f6\u011fretmenlerimizin Avrupa\u2019daki okul ziyaretlerinde g\u00f6rd\u00fckleri, yaparak ve ya\u015fayarak \u00f6\u011frenmeyi sa\u011flayan at\u00f6lyeleri il\u00e7emizde de kuraca\u011f\u0131z.\u00a0<br \/>\nBu sayede \u00e7ocuklar\u0131m\u0131za bilgiyi, sadece teoride de\u011fil, pratikte de g\u00f6stermi\u015f, \u00f6\u011fretmi\u015f olaca\u011f\u0131z. Dokunmak, g\u00f6rmek, onu kullanmak veya onun ne oldu\u011funu hissetmeleri i\u00e7in ya\u015fam at\u00f6lyeleri olu\u015fturaca\u011f\u0131z. Sadece Akdeniz\u2019de de\u011fil, Mersin\u2019de de bir ilk olacak Bilim Merkezi projemizi yak\u0131n zaman i\u00e7erisinde Akdeniz \u0130l\u00e7e Milli E\u011fitim M\u00fcd\u00fcrl\u00fc\u011f\u00fcm\u00fcz ile birlikte hayata ge\u00e7irmeyi planl\u0131yoruz\u201d diye konu\u015ftu.\u00a0<\/p>\n","protected":false},"excerpt":{"rendered":"<p>Akdeniz Belediye Ba\u015fkan\u0131 Muhammet Mustafa G\u00fcltak, s\u00fcreli s\u00f6zle\u015fmeyle Sosyal Yard\u0131mla\u015fma ve Dayan\u0131\u015fma Vakf\u0131na devredilerek Aile Destek Merkezi olarak hizmet veren belediyeye ait binay\u0131 yeniden b\u00fcnyelerine alacaklar\u0131n\u0131 ve \u2018Bilim Merkezi\u2019ne d\u00f6n\u00fc\u015ft\u00fcreceklerini &hellip; <a href=\"https:\/\/akdenizolaygazetesi.com\/?p=8436\" class=\"more-link\">Devam\u0131n\u0131 Oku&#8230;<\/a><\/p>\n","protected":false},"author":1,"featured_media":0,"comment_status":"open","ping_status":"open","sticky":false,"template":"","format":"standard","meta":[],"categories":[],"tags":[],"_links":{"self":[{"href":"https:\/\/akdenizolaygazetesi.com\/index.php?rest_route=\/wp\/v2\/posts\/8436"}],"collection":[{"href":"https:\/\/akdenizolaygazetesi.com\/index.php?rest_route=\/wp\/v2\/posts"}],"about":[{"href":"https:\/\/akdenizolaygazetesi.com\/index.php?rest_route=\/wp\/v2\/types\/post"}],"author":[{"embeddable":true,"href":"https:\/\/akdenizolaygazetesi.com\/index.php?rest_route=\/wp\/v2\/users\/1"}],"replies":[{"embeddable":true,"href":"https:\/\/akdenizolaygazetesi.com\/index.php?rest_route=%2Fwp%2Fv2%2Fcomments&post=8436"}],"version-history":[{"count":0,"href":"https:\/\/akdenizolaygazetesi.com\/index.php?rest_route=\/wp\/v2\/posts\/8436\/revisions"}],"wp:attachment":[{"href":"https:\/\/akdenizolaygazetesi.com\/index.php?rest_route=%2Fwp%2Fv2%2Fmedia&parent=8436"}],"wp:term":[{"taxonomy":"category","embeddable":true,"href":"https:\/\/akdenizolaygazetesi.com\/index.php?rest_route=%2Fwp%2Fv2%2Fcategories&post=8436"},{"taxonomy":"post_tag","embeddable":true,"href":"https:\/\/akdenizolaygazetesi.com\/index.php?rest_route=%2Fwp%2Fv2%2Ftags&post=8436"}],"curies":[{"name":"wp","href":"https:\/\/api.w.org\/{rel}","templated":true}]}}