{"id":8437,"date":"2020-11-04T18:28:54","date_gmt":"2020-11-04T15:28:54","guid":{"rendered":"http:\/\/mersinekonomipolitikagazetesi.com\/?p=8437"},"modified":"2020-11-04T18:28:54","modified_gmt":"2020-11-04T15:28:54","slug":"toroslarda-turizm-gunu-etkinliginde-doga-yuruyusu","status":"publish","type":"post","link":"https:\/\/akdenizolaygazetesi.com\/?p=8437","title":{"rendered":"Toroslar&#8217;da Turizm G\u00fcn\u00fc Etkinli\u011fi\u2019nde DO\u011eA Y\u00dcR\u00dcY\u00dc\u015e\u00dc"},"content":{"rendered":"<p>Mersin&#8217;in merkez il\u00e7e Toroslar Belediyesi, Avrupa Spor Haftas\u0131 ve 27 Eyl\u00fcl D\u00fcnya Turizm G\u00fcn\u00fc&#8217;nde do\u011fa y\u00fcr\u00fcy\u00fc\u015f\u00fc d\u00fczenledi.\u00a0<br \/>\nVatanda\u015flar\u0131 sa\u011fl\u0131kl\u0131 ya\u015fama te\u015fvik etmek amac\u0131yla ger\u00e7ekle\u015ftirilen do\u011fa y\u00fcr\u00fcy\u00fc\u015flerinin \u00fc\u00e7\u00fcnc\u00fc dura\u011f\u0131, Avyagedi\u011fi&#8217;nden \u00c7and\u0131r Mahallesi&#8217;ne organize edildi. Sabah\u0131n erken saatlerinde Ayvagedi\u011fi Mahallesi&#8217;nde do\u011faseverlerle bulu\u015fan Toroslar Belediye Ba\u015fkan\u0131 Ats\u0131z Af\u015f\u0131n Y\u0131lmaz, \u00c7and\u0131r Mahallesi&#8217;ne kadar ger\u00e7ekle\u015ftirilen 7 kilometrelik parkuru hem\u015fehrileriyle birlikte y\u00fcr\u00fcd\u00fc. Y\u0131lmaz, kat\u0131l\u0131mc\u0131larla birlikte hem spor yapt\u0131 hem de do\u011fada g\u00fczel vakit ge\u00e7irdi.\u00a0<br \/>\nPandemi kurallar\u0131 \u00e7er\u00e7evesinde ger\u00e7ekle\u015fen y\u00fcr\u00fcy\u00fc\u015fe; MHP Toroslar \u0130l\u00e7e Ba\u015fkan\u0131 H\u00fcsn\u00fc Do\u011fan, belediye meclis \u00fcyeleri, mahalle muhtarlar\u0131 ve sivil toplum kurulu\u015flar\u0131n\u0131n temsilcileri de kat\u0131l\u0131m g\u00f6sterdi. Kat\u0131l\u0131mc\u0131lar, parkurun sonunda Belediye Ba\u015fkan\u0131 Y\u0131lmaz ile birlikte il\u00e7enin \u00f6nemli tarihi de\u011ferlerinden olan \u00c7and\u0131r Kalesi&#8217;ne ge\u00e7erek, uzman rehber e\u015fli\u011finde kale ve \u00e7evresini inceleme f\u0131rsat\u0131 buldu. Do\u011faseverler, tarihi kaleden Toroslar&#8217;\u0131n harika manzaras\u0131n\u0131 da izlemenin keyfini ya\u015fad\u0131.\u00a0<\/p>\n<p>&#8220;Toroslar\u0131m\u0131zdaki g\u00fczellikleri g\u00f6r\u00fcn\u00fcr k\u0131lmaya devam edece\u011fiz&#8221;<br \/>\n\u00a0<br \/>\nToroslar Belediye Ba\u015fkan\u0131 Ats\u0131z Af\u015f\u0131n Y\u0131lmaz, y\u00fcr\u00fcy\u00fc\u015fe kat\u0131lan do\u011faseverlere ve \u00f6zellikle \u00e7ocuklara te\u015fekk\u00fcr ederek, &#8220;Ayvadedi\u011fi merkezinden \u00c7and\u0131r Mahallemize do\u011fa y\u00fcr\u00fcy\u00fc\u015f\u00fc d\u00fczenledik. Yakla\u015f\u0131k 7 kilometrelik bir parkur. Zor ve dik bir parkurdu ama bu parkuru e\u011flenceli bir \u015fekilde sohbet ederek ve Toroslar\u0131m\u0131z\u0131n g\u00fczelliklerini seyrederek ger\u00e7ekle\u015ftirdik. Kat\u0131l\u0131mc\u0131lar\u0131m\u0131z\u0131n da tepkileri olumlu oldu. Toroslar\u0131m\u0131zda bir\u00e7ok tarihi kalemiz var. Bu kalelerimiz genellikle \u00e7ok fazla insan\u0131m\u0131z taraf\u0131ndan bilinmeyen yerler. \u00c7and\u0131r Kalesi de \u00e7ok \u00f6zel bir yap\u0131. Sel\u00e7uklu, Osmanl\u0131 ve Karamano\u011flu hakimiyetinde kalm\u0131\u015f bir kale. Konum olarak t\u00fcm kaleleri g\u00f6zetleyebiliyorsunuz. Bir taraf\u0131ndan Ayvagedi\u011fi ve bir taraf\u0131ndan \u00c7aml\u0131yayla&#8217;y\u0131 g\u00f6rebiliyorsunuz. Derin dehlizler ve sular\u0131n topland\u0131\u011f\u0131 sarn\u0131\u00e7lar var. \u00c7ok g\u00fczel bir kale. \u0130n\u015fallah d\u00fczenleyece\u011fimiz do\u011fa y\u00fcr\u00fcy\u00fc\u015fleri ve \u00e7al\u0131\u015fmalarla Toroslar\u0131m\u0131zdaki bu g\u00fczellikleri g\u00f6stermeye devam edece\u011fiz&#8221; dedi.<br \/>\n\u00a0<br \/>\n&#8220;Sporun merkeziyiz&#8221;<br \/>\n\u00a0<br \/>\nToroslar&#8217;\u0131n sporun merkezi oldu\u011funa da dikkat \u00e7eken Y\u0131lmaz; &#8220;Mersin&#8217;de en \u00e7ok spor tesisinin ve futbol sahalar\u0131n\u0131n oldu\u011fu, amat\u00f6r ve profesyonel tak\u0131mlara en \u00e7ok yat\u0131r\u0131m yapan belediyeyiz. Bu sezon bir \u00fcst lige \u00e7\u0131kan kentimizin tak\u0131m\u0131 \u0130\u00e7el \u0130dman Yurdu&#8217;na da tesis deste\u011fi sunuyoruz. \u0130lk iki ma\u00e7\u0131n\u0131 da ba\u015far\u0131yla tamamlayan tak\u0131m\u0131m\u0131z\u0131 tebrik ediyoruz. Amac\u0131m\u0131z, Mersinlilik bilincini b\u00fcy\u00fctecek, ortak hedefte bulu\u015fturacak tak\u0131m\u0131m\u0131z\u0131n ba\u015far\u0131larla Mersinimize g\u00fczellikler getirmesidir. \u0130\u00e7el \u0130dman Yurdu&#8217;nu ve t\u00fcm tak\u0131mlar\u0131m\u0131z\u0131 elimizden geldi\u011fince desteklemeye devam edece\u011fiz. Belediyemiz b\u00fcnyesinde 15 bran\u015fta spor kurslar\u0131m\u0131z da var. Bu kurslar\u0131m\u0131z\u0131 da pandemi kurallar\u0131 \u00e7er\u00e7evesinde devam ettirece\u011fiz. Bir \u00e7ocu\u011fumuzu dahi k\u00f6t\u00fc al\u0131\u015fkanl\u0131klardan uzakla\u015ft\u0131r\u0131p sporla tan\u0131\u015ft\u0131rabilirsek mutlu oluruz. Bu da sosyal belediyecilik anlay\u0131\u015f\u0131m\u0131z\u0131n bir yans\u0131mas\u0131d\u0131r&#8221; diye konu\u015ftu.\u00a0<br \/>\nDo\u011fa y\u00fcr\u00fcy\u00fc\u015f\u00fcne kat\u0131lan vatanda\u015flar da b\u00f6yle bir etkinli\u011fi d\u00fczenledi\u011fi i\u00e7in Ba\u015fkan Y\u0131lmaz&#8217;a te\u015fekk\u00fcr etti.\u00a0<\/p>\n","protected":false},"excerpt":{"rendered":"<p>Mersin&#8217;in merkez il\u00e7e Toroslar Belediyesi, Avrupa Spor Haftas\u0131 ve 27 Eyl\u00fcl D\u00fcnya Turizm G\u00fcn\u00fc&#8217;nde do\u011fa y\u00fcr\u00fcy\u00fc\u015f\u00fc d\u00fczenledi.\u00a0 Vatanda\u015flar\u0131 sa\u011fl\u0131kl\u0131 ya\u015fama te\u015fvik etmek amac\u0131yla ger\u00e7ekle\u015ftirilen do\u011fa y\u00fcr\u00fcy\u00fc\u015flerinin \u00fc\u00e7\u00fcnc\u00fc dura\u011f\u0131, Avyagedi\u011fi&#8217;nden \u00c7and\u0131r &hellip; <a href=\"https:\/\/akdenizolaygazetesi.com\/?p=8437\" class=\"more-link\">Devam\u0131n\u0131 Oku&#8230;<\/a><\/p>\n","protected":false},"author":1,"featured_media":0,"comment_status":"open","ping_status":"open","sticky":false,"template":"","format":"standard","meta":[],"categories":[],"tags":[],"_links":{"self":[{"href":"https:\/\/akdenizolaygazetesi.com\/index.php?rest_route=\/wp\/v2\/posts\/8437"}],"collection":[{"href":"https:\/\/akdenizolaygazetesi.com\/index.php?rest_route=\/wp\/v2\/posts"}],"about":[{"href":"https:\/\/akdenizolaygazetesi.com\/index.php?rest_route=\/wp\/v2\/types\/post"}],"author":[{"embeddable":true,"href":"https:\/\/akdenizolaygazetesi.com\/index.php?rest_route=\/wp\/v2\/users\/1"}],"replies":[{"embeddable":true,"href":"https:\/\/akdenizolaygazetesi.com\/index.php?rest_route=%2Fwp%2Fv2%2Fcomments&post=8437"}],"version-history":[{"count":0,"href":"https:\/\/akdenizolaygazetesi.com\/index.php?rest_route=\/wp\/v2\/posts\/8437\/revisions"}],"wp:attachment":[{"href":"https:\/\/akdenizolaygazetesi.com\/index.php?rest_route=%2Fwp%2Fv2%2Fmedia&parent=8437"}],"wp:term":[{"taxonomy":"category","embeddable":true,"href":"https:\/\/akdenizolaygazetesi.com\/index.php?rest_route=%2Fwp%2Fv2%2Fcategories&post=8437"},{"taxonomy":"post_tag","embeddable":true,"href":"https:\/\/akdenizolaygazetesi.com\/index.php?rest_route=%2Fwp%2Fv2%2Ftags&post=8437"}],"curies":[{"name":"wp","href":"https:\/\/api.w.org\/{rel}","templated":true}]}}