{"id":8438,"date":"2020-11-04T18:28:54","date_gmt":"2020-11-04T15:28:54","guid":{"rendered":"http:\/\/mersinekonomipolitikagazetesi.com\/?p=8438"},"modified":"2020-11-04T18:28:54","modified_gmt":"2020-11-04T15:28:54","slug":"ambulans-yok","status":"publish","type":"post","link":"https:\/\/akdenizolaygazetesi.com\/?p=8438","title":{"rendered":"AMBULANS YOK..!"},"content":{"rendered":"<p>SEYFETT\u0130N AKARCA<br \/>\n\u201c\u00d6l\u00fcmle de sonu\u00e7lanabilen \u2018\u0130\u015f kazalar\u0131\u2019 ola\u011fanla\u015fm\u0131\u015f olarak s\u00fcrmekte, ara ara firmalarda \u00e7e\u015fitli yang\u0131nlar ya\u015fanmakta, bir hafta \u00f6nce oldu\u011fu gibi i\u015f\u00e7iler zehirlenebilmektedir.\u201c<\/p>\n<p>Dev Tekstil \u00c7ukurova Temsilcili\u011fi Mersin Serbest B\u00f6lgesi\u2019nde Aile Sa\u011fl\u0131k Merkezi\u2019nin a\u00e7\u0131lmas\u0131n\u0131n ard\u0131ndan a\u00e7\u0131klamalarda bulundu. Dev Tekstil \u00c7ukurova Temsilcili\u011fi yetkilileri, \u2018\u2019S\u00fcrekli Covid-19 vakalar\u0131n\u0131n \u00e7\u0131kt\u0131\u011f\u0131 Mersin Serbest B\u00f6lgesi\u2019nde ilk tespiti ve testleri yapacak, gerekti\u011finde daha \u00fcst bir sa\u011fl\u0131k hizmetinin verildi\u011fi hastaneye i\u015f\u00e7ileri ula\u015ft\u0131racak donan\u0131mda ambulansa, il h\u0131fz\u0131ss\u0131hha ve sa\u011fl\u0131k ekiplerinin konu\u015flanabilece\u011fi bir sa\u011fl\u0131k kurulu\u015funa acilen ihtiya\u00e7 duyulmaktad\u0131r.\u2019\u2019 diye konu\u015ftu.<br \/>\nDev Tekstil \u00c7ukurova Temsilcili\u011fi yetkilileri 2018 y\u0131l\u0131n\u0131n Nisan ay\u0131nda Mersin Serbest B\u00f6lge\u2019de sa\u011fl\u0131k kurulu\u015fu a\u00e7\u0131ls\u0131n talebiyle imza kampanyas\u0131 ba\u015flatt\u0131klar\u0131n\u0131 vurgulad\u0131. Meslek hastal\u0131klar\u0131 ve i\u015f kazalar\u0131 neticesinde hayat\u0131n\u0131 kaybeden i\u015f\u00e7ilerin h\u0131zl\u0131 m\u00fcdahale edilebilir bir sa\u011fl\u0131k hizmetinin olmamas\u0131ndan \u00f6t\u00fcr\u00fc ya\u015famlar\u0131n\u0131n son buldu\u011funu belirterek taleplerini ilettiklerini a\u00e7\u0131klad\u0131lar. A\u00e7\u0131klamada, \u2018\u2019Mersin Serbest B\u00f6lgesi i\u015f\u00e7ileri taraf\u0131ndan y\u00fcr\u00fct\u00fclen imza kampanyas\u0131 ile patronlar\u0131n b\u00fct\u00fcn bask\u0131lar\u0131na ve engellemelerine ra\u011fmen binin \u00fczerinde i\u015f\u00e7iden imza toplanm\u0131\u015f ve bu imzalar 19 Temmuz 2018\u2019de Aile, \u00c7al\u0131\u015fma ve Sosyal G\u00fcvenlik Bakanl\u0131\u011f\u0131 ile Sa\u011fl\u0131k Bakanl\u0131\u011f\u0131\u2019na iletilmi\u015fti. Netice itibariyle Mersin Serbest B\u00f6lge\u2019de bir Aile Sa\u011fl\u0131k Merkezi\u2019nin (ASM) faaliyete ba\u015flad\u0131\u011f\u0131 bildirildi. T\u00fcrkiye\u2019nin ilk serbest b\u00f6lgesi olan Mersin Serbest B\u00f6lge\u2019de a\u00e7\u0131lan ve iki poliklinikli oldu\u011fu belirtilen bu sa\u011fl\u0131k merkezinin verdi\u011fimiz m\u00fccadelenin bir sonucu oldu\u011funu d\u00fc\u015f\u00fcn\u00fcyor ve \u00f6nemsiyoruz. Bu Aile Sa\u011fl\u0131k Merkezi, T\u00fcrkiye\u2019deki serbest b\u00f6lgeler aras\u0131nda a\u00e7\u0131lan ilk ve \u015fimdilik tek sa\u011fl\u0131k merkezidir. Bu nedenle umuyoruz ki kapasitesi ve teknik donan\u0131m\u0131 daha da art\u0131r\u0131larak serbest b\u00f6lgede i\u015f\u00e7ilerin ya\u015fam\u0131\u015f oldu\u011fu sa\u011fl\u0131k ihtiya\u00e7lar\u0131na bir cevap olabilir.\u2019\u2019 ifadeleri kullan\u0131ld\u0131.<\/p>\n<p>\u201cSa\u011fl\u0131k Merkezi\u2019nin kapasitesinin, t\u0131bbi donan\u0131m\u0131n\u0131n ve personel say\u0131s\u0131n\u0131n artt\u0131r\u0131lmas\u0131n\u0131 zorunlu\u201d<\/p>\n<p>\u0130lk basamak tedavi hizmeti verecek olan sa\u011fl\u0131k kurulu\u015funun bir sanayi b\u00f6lgesinin ihtiya\u00e7lar\u0131n\u0131 kar\u015f\u0131lamak i\u00e7in \u015fu andaki haliyle yetersiz olaca\u011f\u0131n\u0131 vurgulayan sendika temsilcili\u011fi yetkilileri, \u2018\u2019Mersin Serbest B\u00f6lgesi\u2019nin \u015fu son bir iki y\u0131ll\u0131k s\u00fcreci bile neden daha donan\u0131ml\u0131 bir sa\u011fl\u0131k hizmetine ihtiya\u00e7 olaca\u011f\u0131n\u0131 g\u00f6stermektedir. \u00d6l\u00fcmle de sonu\u00e7lanabilen \u2018\u0130\u015f kazalar\u0131\u2019 ola\u011fanla\u015fm\u0131\u015f olarak s\u00fcrmekte, ara ara firmalarda \u00e7e\u015fitli yang\u0131nlar ya\u015fanmakta, bir hafta \u00f6nce oldu\u011fu gibi i\u015f\u00e7iler zehirlenebilmektedir. Ve elbette Covid-19 salg\u0131n\u0131n\u0131n serbest b\u00f6lgede i\u015f\u00e7ilere verdi\u011fi zarar unutulmamal\u0131d\u0131r. T\u00fcm bunlar ve \u00e7ok daha fazlas\u0131 Mersin Serbest B\u00f6lgesi\u2019nde faaliyete ba\u015flad\u0131\u011f\u0131 duyurulan Aile Sa\u011fl\u0131k Merkezi\u2019nin kapasitesinin, t\u0131bbi donan\u0131m\u0131n\u0131n ve personel say\u0131s\u0131n\u0131n artt\u0131r\u0131lmas\u0131n\u0131 zorunlu k\u0131lmaktad\u0131r. Bu sa\u011fl\u0131k kurulu\u015funun \u00f6n\u00fcnde bir ambulans\u0131n haz\u0131r bulundurulmas\u0131 hayati derecede \u00f6nemlidir. Ancak hen\u00fcz b\u00f6yle bir ambulans hizmeti yoktur. Bilinmektedir ki geciken her tedavi, acil m\u00fcdahale insan hayat\u0131nda ciddi bir risktir. Mersin Serbest B\u00f6lgesi olduk\u00e7a geni\u015f bir alana yay\u0131lm\u0131\u015ft\u0131r. Yani zaten d\u0131\u015fardan, \u00e7ok uzaktan gelecek bir ambulans i\u00e7in zaman kayb\u0131 olmakta iken, birde buna b\u00f6lgenin kendi i\u00e7inde ula\u015f\u0131m mesafesi eklenmektedir.\u2019\u2019 diye a\u00e7\u0131klad\u0131.<\/p>\n<p>\u00a0\u2018\u2019\u0130\u015f\u00e7ileri hastaneye ula\u015ft\u0131rabilecek ambulansa ihtiya\u00e7 var\u2019\u2019<\/p>\n<p>Aile Sa\u011fl\u0131k Merkezi\u2019nin a\u00e7\u0131lmas\u0131n\u0131n ard\u0131ndan ya\u015fan\u0131lan Covid-19 salg\u0131n\u0131 ile taleplerini g\u00fcncelleyen Dev Tekstil \u00c7ukurova Temsilcili\u011fi yetkilileri, \u2018\u2019E\u011fer korona salg\u0131n\u0131 vesilesiyle talebimizi g\u00fcncelleyecek olursak; s\u00fcrekli Covid 19 vakalar\u0131n\u0131n \u00e7\u0131kt\u0131\u011f\u0131 Mersin Serbest B\u00f6lgesi\u2019nde ilk tespiti ve testleri yapacak, gerekti\u011finde daha \u00fcst bir sa\u011fl\u0131k hizmetinin verildi\u011fi hastaneye i\u015f\u00e7ileri ula\u015ft\u0131racak donan\u0131mda ambulansa, il h\u0131fz\u0131ss\u0131hha ve sa\u011fl\u0131k ekiplerinin konu\u015flanabilece\u011fi bir sa\u011fl\u0131k kurulu\u015funa acilen ihtiya\u00e7 duyulmaktad\u0131r. Keza onlarca firmada \u00e7e\u015fitli semptomlar g\u00f6steren y\u00fczlerce i\u015f\u00e7i kent i\u00e7i ula\u015f\u0131m imk\u00e2nlar\u0131n\u0131 kullanarak ilgili sa\u011fl\u0131k merkezlerine gitmek zorunda kalmaktad\u0131r. Bu da tahmin edilece\u011fi gibi salg\u0131n\u0131n bula\u015f\u0131m riskini artt\u0131rmaktad\u0131r. Donan\u0131m\u0131 artt\u0131r\u0131lm\u0131\u015f bir sa\u011fl\u0131k hizmeti en \u00e7ok da \u00fcretenler, i\u015f\u00e7iler i\u00e7in bir hakt\u0131r. Bu hakk\u0131n \u00e7ok g\u00f6r\u00fclmesi en temel insan hak ve \u00f6zg\u00fcrl\u00fcklerinin, sa\u011fl\u0131kl\u0131 ya\u015fam hakk\u0131n\u0131n da ihlali demektir.\u201d \u015feklinde konu\u015ftu.<\/p>\n","protected":false},"excerpt":{"rendered":"<p>SEYFETT\u0130N AKARCA \u201c\u00d6l\u00fcmle de sonu\u00e7lanabilen \u2018\u0130\u015f kazalar\u0131\u2019 ola\u011fanla\u015fm\u0131\u015f olarak s\u00fcrmekte, ara ara firmalarda \u00e7e\u015fitli yang\u0131nlar ya\u015fanmakta, bir hafta \u00f6nce oldu\u011fu gibi i\u015f\u00e7iler zehirlenebilmektedir.\u201c Dev Tekstil \u00c7ukurova Temsilcili\u011fi Mersin Serbest B\u00f6lgesi\u2019nde &hellip; <a href=\"https:\/\/akdenizolaygazetesi.com\/?p=8438\" class=\"more-link\">Devam\u0131n\u0131 Oku&#8230;<\/a><\/p>\n","protected":false},"author":1,"featured_media":0,"comment_status":"open","ping_status":"open","sticky":false,"template":"","format":"standard","meta":[],"categories":[],"tags":[],"_links":{"self":[{"href":"https:\/\/akdenizolaygazetesi.com\/index.php?rest_route=\/wp\/v2\/posts\/8438"}],"collection":[{"href":"https:\/\/akdenizolaygazetesi.com\/index.php?rest_route=\/wp\/v2\/posts"}],"about":[{"href":"https:\/\/akdenizolaygazetesi.com\/index.php?rest_route=\/wp\/v2\/types\/post"}],"author":[{"embeddable":true,"href":"https:\/\/akdenizolaygazetesi.com\/index.php?rest_route=\/wp\/v2\/users\/1"}],"replies":[{"embeddable":true,"href":"https:\/\/akdenizolaygazetesi.com\/index.php?rest_route=%2Fwp%2Fv2%2Fcomments&post=8438"}],"version-history":[{"count":0,"href":"https:\/\/akdenizolaygazetesi.com\/index.php?rest_route=\/wp\/v2\/posts\/8438\/revisions"}],"wp:attachment":[{"href":"https:\/\/akdenizolaygazetesi.com\/index.php?rest_route=%2Fwp%2Fv2%2Fmedia&parent=8438"}],"wp:term":[{"taxonomy":"category","embeddable":true,"href":"https:\/\/akdenizolaygazetesi.com\/index.php?rest_route=%2Fwp%2Fv2%2Fcategories&post=8438"},{"taxonomy":"post_tag","embeddable":true,"href":"https:\/\/akdenizolaygazetesi.com\/index.php?rest_route=%2Fwp%2Fv2%2Ftags&post=8438"}],"curies":[{"name":"wp","href":"https:\/\/api.w.org\/{rel}","templated":true}]}}