{"id":8439,"date":"2020-11-04T18:28:54","date_gmt":"2020-11-04T15:28:54","guid":{"rendered":"http:\/\/mersinekonomipolitikagazetesi.com\/?p=8439"},"modified":"2020-11-04T18:28:54","modified_gmt":"2020-11-04T15:28:54","slug":"engelli-esini-darp-etti-7-aylik-kizini-12-kattan-atmaya-kalkti","status":"publish","type":"post","link":"https:\/\/akdenizolaygazetesi.com\/?p=8439","title":{"rendered":"Engelli e\u015fini darp etti, 7 ayl\u0131k  k\u0131z\u0131n\u0131 12. kattan atmaya kalkt\u0131"},"content":{"rendered":"<p>Evlendi\u011fi g\u00fcnden bu yana e\u015finden \u015fiddet g\u00f6rd\u00fc\u011f\u00fcn\u00fc s\u00f6yleyen Mersinli Buse Ak\u0131n, &#8220;\u00d6zgecan gibi olmak istemiyorum&#8221; diyerek yetkililerden yard\u0131m istedi. Son olarak iki g\u00fcn \u00f6nce e\u015fi taraf\u0131ndan darp edilen y\u00fczde 90 engelli Buse, hamileyken de e\u015finin kendisini d\u00f6vd\u00fc\u011f\u00fcn\u00fc s\u00f6yledi. Buse, \u201c\u00c7ocu\u011fumu 12. kat\u0131n balkonundan sark\u0131tarak a\u015fa\u011f\u0131ya atmakla tehdit etti\u201d dedi.\u00a0<br \/>\n14 ya\u015f\u0131nda ge\u00e7irdi\u011fi trafik kazas\u0131nda beli k\u0131r\u0131lan ve bir y\u0131l boyunca hi\u00e7 y\u00fcr\u00fcyemeyen, bug\u00fcn ancak koltuk de\u011fnekleriyle ayakta durabilen y\u00fczde 90 engelli 22 ya\u015f\u0131ndaki Buse Ak\u0131n\u2019\u0131n hayat\u0131, Mersin\u2019den fizik tedavi i\u00e7in gitti\u011fi K\u00fctahya\u2019da hastanede \u015e.F.A. tan\u0131\u015fmas\u0131n\u0131n ard\u0131ndan kabusa d\u00f6nd\u00fc. Tedavi g\u00f6rd\u00fc\u011f\u00fc hastanede fizyoterapi teknikeri olarak \u00e7al\u0131\u015fan 25 ya\u015f\u0131ndaki \u015e.F.A.\u2019n\u0131n evlilik teklifini kabul eden 7 ayl\u0131k bir \u00e7ocuk annesi Buse, iddiaya g\u00f6re ni\u015fanl\u0131l\u0131k d\u00f6neminden bu g\u00fcne kadar e\u015finden s\u00fcrekli fiziki ve s\u00f6zl\u00fc \u015fiddet g\u00f6rd\u00fc. 28 Nisan 2019\u2019da evlendi\u011fi e\u015finin, son olarak 25 Eyl\u00fcl Cuma\u2019y\u0131 cumartesiye ba\u011flayan gece yumruklarla kendisini darp etmesinin yan\u0131nda 7 ayl\u0131k k\u0131z\u0131n\u0131 da 12. kattaki evlerinin balkonundan sark\u0131tarak a\u015fa\u011f\u0131 atmakla tehdit etti\u011fini iddia etti. \u00c7ocu\u011fu, \u015e.F.A.\u2019n\u0131n elinden \u00e7a\u011f\u0131rd\u0131\u011f\u0131 polislerin kurtard\u0131\u011f\u0131n\u0131 belirten Buse, olay\u0131n ard\u0131ndan annesinin evine s\u0131\u011f\u0131nd\u0131. Buse, sosyal medyadan video yay\u0131nlayarak, yetkililerden yard\u0131m istedi.\u00a0<\/p>\n<p>Buse Ak\u0131n, ya\u015fad\u0131klar\u0131n\u0131 g\u00f6zya\u015flar\u0131 i\u00e7inde anlatt\u0131. \u015e.F.A. ile evlenip K\u00fctahya\u2019da ya\u015famaya ba\u015flayan gen\u00e7 kad\u0131n, daha evlendikleri ilk g\u00fcn balay\u0131 i\u00e7in gittikleri Antalya\u2019da \u015fiddete maruz kald\u0131\u011f\u0131n\u0131 s\u00f6yledi. Ak\u0131n, \u201cBalay\u0131m\u0131z\u0131n ilk g\u00fcn\u00fc bana \u015fiddet uygulad\u0131, i\u00e7ti, vurdu. Orada zaten uyu\u015fturucu aramaya ba\u015flam\u0131\u015ft\u0131, \u2018yapma\u2019 dedi\u011fim i\u00e7in beni havuza at\u0131p vurmaya kalkt\u0131. Sesimi \u00e7\u0131karamad\u0131m, \u00e7\u00fcnk\u00fc elim kolum ba\u011fl\u0131yd\u0131. Hep iyimser bakmaya \u00e7al\u0131\u015ft\u0131m. Bu \u015fiddet hep devam etti. Balay\u0131ndan d\u00f6nd\u00fckten sonra da en ufak bir olay\u0131 bahane ederek, mesela bir yast\u0131k yere d\u00fc\u015ft\u00fc\u011f\u00fc i\u00e7in bana ba\u011f\u0131r\u0131yordu, temizlik yaparken yere d\u00fc\u015f\u00fcyordum, gelip vuruyordu. Ailesi de tedavi g\u00f6rmesi gerekti\u011fini s\u00f6yl\u00fcyordu ama kendisi tedavi g\u00f6rmek istemedi\u201d dedi.\u00a0<\/p>\n<p>E\u015finin fiziki ve s\u00f6zl\u00fc \u015fiddetinin hi\u00e7 durmad\u0131\u011f\u0131n\u0131 dile getiren Buse, \u201cHamileyken de beni darp etti. Beni yerlerde s\u00fcr\u00fckledi. Hem psikolojik hem fiziksel \u015fiddete maruz kald\u0131m. D\u00fc\u015f\u00fck tehlikesi nedeniyle bir hafta hastanede yatt\u0131m, kanamam vard\u0131. Tedavi g\u00f6rd\u00fcm ve bunu \u00f6rtbas ettiler. \u015eiddet hep vard\u0131, s\u00f6zl\u00fc ya da fiziksel hep devam etti. S\u00fcrekli k\u00fcf\u00fcr ediyordu. Ailesi her zaman \u2018de\u011fi\u015fir, sen alttan al, seslenme\u2019 diyerek beni susturdu\u201d diye konu\u015ftu.\u00a0<\/p>\n<p>\u00c7ift, durumlar\u0131 belki d\u00fczelir d\u00fc\u015f\u00fcncesiyle bir ay \u00f6nce Mersin\u2019e ta\u015f\u0131nd\u0131 ancak \u015fiddet burada da devam etti. Son olarak ge\u00e7ti\u011fimiz cumay\u0131 cumartesiye ba\u011flayan gece e\u015finin kendisini darp etti\u011fini s\u00f6yleyen Buse, \u201cG\u00f6z\u00fcm\u00fcn \u00f6n\u00fcnde \u00e7ocu\u011fumun be\u015fi\u011fine tekme att\u0131. \u00c7ocu\u011fu ald\u0131, yalvard\u0131m, \u2018Yapma, beni annemlere g\u00f6t\u00fcr, yar\u0131n yine konu\u015furuz\u2019 diyerek alttan almaya \u00e7al\u0131\u015ft\u0131m. Gece yar\u0131s\u0131 bir kad\u0131nla konu\u015fuyordu, \u2018emlak\u00e7\u0131\u2019 dedi, kabul ettim. \u0130\u00e7ki i\u00e7mi\u015fti, alkoll\u00fcyd\u00fc. \u00c7ocuk kuca\u011f\u0131ndayd\u0131, \u2018alkoll\u00fcs\u00fcn, \u00e7ocu\u011fa o \u015fekilde yakla\u015fma\u2019 dedi\u011fim i\u00e7in bana \u015fiddet uygulad\u0131. Arkam d\u00f6n\u00fckt\u00fc, bana yumruk att\u0131. Sersemledim, engelli oldu\u011fum ve dengem olmad\u0131\u011f\u0131 i\u00e7in yere d\u00fc\u015ft\u00fcm. O s\u0131rada can\u0131m\u0131n yanmas\u0131yla \u2018yard\u0131m edin\u2019 diye ba\u011f\u0131rd\u0131m. Beni duymas\u0131nlar diye \u0131\u015f\u0131klar\u0131 kapatt\u0131. Balkona gidip \u00e7ocu\u011fumuzu 12. kattan a\u015fa\u011f\u0131ya sark\u0131tt\u0131 ve \u2018Sus, \u00e7ocu\u011fu atar\u0131m\u2019 dedi. Elleri titriyordu, zaten sarho\u015ftu. Gidip aya\u011f\u0131na yap\u0131\u015ft\u0131m atmamas\u0131 i\u00e7in. S\u0131rt\u0131ma vurmaya ba\u015flad\u0131. Zaten belimde platin var, \u00e7atlam\u0131\u015ft\u0131. Daha k\u00f6t\u00fc olmam i\u00e7in bile bile platinlerime vurdu. Sa\u00e7lar\u0131m koptu\u201d ifadelerini kulland\u0131.\u00a0<\/p>\n<p>\u015eiddet ilk ba\u015flad\u0131\u011f\u0131 anda f\u0131rsat bulup annesini ve polisi arad\u0131\u011f\u0131n\u0131 anlatan Buse, \u015e.F.A.\u2019n\u0131n eve gelen polisleri g\u00f6r\u00fcnce \u00e7ocukla birlikte yeniden balkona ko\u015ftu\u011funu s\u00f6yledi. E\u015finin elinden \u00e7ocu\u011fu polislerin kurtard\u0131\u011f\u0131n\u0131 belirten Buse, karakola gidip \u015fikayet\u00e7i oldu\u011funu, darp raporu ald\u0131\u011f\u0131n\u0131 ve \u015e.F.A.\u2019ya 6 ay uzakla\u015ft\u0131rma verildi\u011fini kaydetti. E\u015finin ruhsats\u0131z iki silah\u0131 oldu\u011funu ve s\u00fcrekli silahla tehdit etti\u011fini dile getiren Buse Ak\u0131n, \u201cE\u015fim, \u2018Benden ayr\u0131l\u0131rsan \u00e7ocu\u011fu al\u0131r\u0131m, Hollanda\u2019ya g\u00f6t\u00fcr\u00fcr\u00fcm\u2019 diyordu. K\u00fctahya\u2019dayken gitmeye kalkt\u0131m, \u2018Silahlar\u0131m var, hepinizi vururum, kim gelirse vururum, seni buradan alamazlar\u2019 diyordu. \u0130ki silah\u0131 vard\u0131, polislere s\u00f6yledim ikisine de el konuldu. Yerde mermiler vard\u0131, polisler ald\u0131. Silahlar\u0131 ruhsats\u0131zd\u0131. Silahlar\u0131 beni korkutmak ve tehdit etmek i\u00e7in alm\u0131\u015ft\u0131\u201d \u015feklinde konu\u015ftu.\u00a0<\/p>\n<p>E\u015finin \u015fu anda serbest oldu\u011funu dile getiren Ak\u0131n, annesinin \u00e7ocu\u011fun e\u015fyalar\u0131n\u0131 almak i\u00e7in eve gitti\u011finde de \u015e.F.A&#8217;n\u0131n \u015fiddetine maruz kald\u0131\u011f\u0131n\u0131 s\u00f6yleyerek, \u201cAnnemle teyzem o yokken eve gitti\u011finde gelmi\u015f, kap\u0131y\u0131 k\u0131rmaya \u00e7al\u0131\u015fm\u0131\u015f, \u2018Hapse girersem de \u00f6ld\u00fcrmeden girmemeyim. \u00d6ld\u00fcrece\u011fim onlar\u0131\u2019 demi\u015f. Polislerin yard\u0131m\u0131yla \u00e7\u0131kabilmi\u015fler evden\u201d diye konu\u015ftu.\u00a0<br \/>\nBo\u015fanma davas\u0131 a\u00e7maya haz\u0131rlanan Buse, yetkililerden yard\u0131m isteyerek, \u201c\u00d6zgecan gibi olmak istemiyorum. \u00c7ocu\u011fumla ya\u015famak istiyorum. Benden uzak dursun\u201d dedi. \u00a0<\/p>\n","protected":false},"excerpt":{"rendered":"<p>Evlendi\u011fi g\u00fcnden bu yana e\u015finden \u015fiddet g\u00f6rd\u00fc\u011f\u00fcn\u00fc s\u00f6yleyen Mersinli Buse Ak\u0131n, &#8220;\u00d6zgecan gibi olmak istemiyorum&#8221; diyerek yetkililerden yard\u0131m istedi. Son olarak iki g\u00fcn \u00f6nce e\u015fi taraf\u0131ndan darp edilen y\u00fczde 90 &hellip; <a href=\"https:\/\/akdenizolaygazetesi.com\/?p=8439\" class=\"more-link\">Devam\u0131n\u0131 Oku&#8230;<\/a><\/p>\n","protected":false},"author":1,"featured_media":0,"comment_status":"open","ping_status":"open","sticky":false,"template":"","format":"standard","meta":[],"categories":[],"tags":[],"_links":{"self":[{"href":"https:\/\/akdenizolaygazetesi.com\/index.php?rest_route=\/wp\/v2\/posts\/8439"}],"collection":[{"href":"https:\/\/akdenizolaygazetesi.com\/index.php?rest_route=\/wp\/v2\/posts"}],"about":[{"href":"https:\/\/akdenizolaygazetesi.com\/index.php?rest_route=\/wp\/v2\/types\/post"}],"author":[{"embeddable":true,"href":"https:\/\/akdenizolaygazetesi.com\/index.php?rest_route=\/wp\/v2\/users\/1"}],"replies":[{"embeddable":true,"href":"https:\/\/akdenizolaygazetesi.com\/index.php?rest_route=%2Fwp%2Fv2%2Fcomments&post=8439"}],"version-history":[{"count":0,"href":"https:\/\/akdenizolaygazetesi.com\/index.php?rest_route=\/wp\/v2\/posts\/8439\/revisions"}],"wp:attachment":[{"href":"https:\/\/akdenizolaygazetesi.com\/index.php?rest_route=%2Fwp%2Fv2%2Fmedia&parent=8439"}],"wp:term":[{"taxonomy":"category","embeddable":true,"href":"https:\/\/akdenizolaygazetesi.com\/index.php?rest_route=%2Fwp%2Fv2%2Fcategories&post=8439"},{"taxonomy":"post_tag","embeddable":true,"href":"https:\/\/akdenizolaygazetesi.com\/index.php?rest_route=%2Fwp%2Fv2%2Ftags&post=8439"}],"curies":[{"name":"wp","href":"https:\/\/api.w.org\/{rel}","templated":true}]}}