{"id":8440,"date":"2020-11-04T18:28:54","date_gmt":"2020-11-04T15:28:54","guid":{"rendered":"http:\/\/mersinekonomipolitikagazetesi.com\/?p=8440"},"modified":"2020-11-04T18:28:54","modified_gmt":"2020-11-04T15:28:54","slug":"17-milyon-dolarlik-maske-onluk-tulum-ihracati","status":"publish","type":"post","link":"https:\/\/akdenizolaygazetesi.com\/?p=8440","title":{"rendered":"17 milyon dolarl\u0131k maske, \u00f6nl\u00fck, tulum ihracat\u0131"},"content":{"rendered":"<p>Akdeniz Haz\u0131r Giyim ve Konfeksiyon \u0130hracat\u00e7\u0131lar\u0131 Birli\u011fi (AHK\u0130B) Y\u00f6netim Kurulu Ba\u015fkan\u0131 G\u00fcrkan Tekin, a\u011fustos ay\u0131nda ihracat\u0131n zirvesine yerle\u015fen T\u00fcrk haz\u0131r giyim ve konfeksiyon sekt\u00f6r\u00fcn\u00fcn elde etti\u011fi ba\u015far\u0131da Covid-19 salg\u0131n\u0131ndan koruyan cerrahi maske, \u00f6nl\u00fck ve tulum gibi \u00fcr\u00fcnlerin ba\u015frol oynad\u0131\u011f\u0131n\u0131 belirtip, \u201cCerrahi maske ve koruyucu giysi ihracat\u0131nda rekor art\u0131\u015flar yakalayan sekt\u00f6r\u00fcm\u00fcz, bu \u00fcr\u00fcnlerin d\u0131\u015f sat\u0131m\u0131nda hibe \u015fart\u0131n\u0131n kald\u0131r\u0131lmas\u0131n\u0131 bekliyor. Bu sa\u011flan\u0131rsa maske ve koruyucu giysi ihracat\u0131m\u0131z\u0131 \u00fc\u00e7 kat\u0131na \u00e7\u0131kartabiliriz\u201d dedi.\u00a0<br \/>\nKorona vir\u00fcs pandemisiyle birlikte t\u00fcm d\u00fcnyada en stratejik \u00fcr\u00fcnlerden biri haline gelen cerrahi maske \u00fcretimi i\u00e7in haz\u0131r giyim ve konfeksiyon firmalar\u0131n\u0131n ge\u00e7en nisan ay\u0131ndan itibaren 2,4 milyar liral\u0131k yat\u0131r\u0131m yaparak y\u0131ll\u0131k 36 milyar adetlik kapasiteye ula\u015ft\u0131\u011f\u0131na dikkat \u00e7eken Ba\u015fkan G\u00fcrkan Tekin, cerrahi maskede ve tulumda hibe zorunlulu\u011funun T\u00fcrkiye\u2019nin d\u00fcnya pazarlar\u0131ndaki rekabet\u00e7ili\u011fini olumsuz etkiledi\u011fini vurgulad\u0131.\u00a0<\/p>\n<p>\u201cKar\u015f\u0131m\u0131za \u00e7\u0131kan f\u0131rsatlar\u0131 ka\u00e7\u0131rabiliriz\u201d\u00a0<\/p>\n<p>T\u00fcrkiye\u2019nin 2020 y\u0131l\u0131 Ocak-A\u011fustos aylar\u0131 aras\u0131nda maske ve koruyucu giysi ihracat\u0131nda y\u00fczde 641 art\u0131\u015fla 530 milyon dolar gelir elde etti\u011fini kaydeden Ba\u015fkan Tekin, \u201cMaske ve koruyucu giysi ihracat\u0131nda devlete hibe zorunlulu\u011fu nedeniyle haz\u0131r giyim ve konfeksiyon firmalar\u0131n\u0131n maliyetlerinde y\u00fczde 100\u2019e varan oranlarda art\u0131\u015flar meydana geldi. \u0130hra\u00e7 pazarlar\u0131nda maske, \u00f6nl\u00fck ve tulumda fiyat tutturamaz hale geldik. Tekliflerimiz pahal\u0131 geldi\u011fi i\u00e7in maalesef pazar kaybetmeye ba\u015flad\u0131k. H\u00fck\u00fcmetimizin maske ve koruyucu giysilerde hibe \u015fart\u0131 konusunda bir d\u00fczenleme getirmesi halinde bu \u00fcr\u00fcnlerin ihracat\u0131n\u0131 \u00fc\u00e7 kat\u0131na \u00e7\u0131kartabiliriz. Bu \u00fcretim g\u00fcc\u00fcm\u00fcz ve kapasitemiz var. Ama hibe \u015fart\u0131 kald\u0131r\u0131lmazsa \u00fcz\u00fclerek ifade etmeliyim ki bu kalemlerde kar\u015f\u0131m\u0131za \u00e7\u0131kan f\u0131rsatlar\u0131 ka\u00e7\u0131rabiliriz. Zira Avrupa\u2019da baz\u0131 \u00fclkelerin bizden kuma\u015f al\u0131p maske ve tulum \u00fcretmeye ba\u015flad\u0131\u011f\u0131n\u0131 \u00f6\u011freniyoruz. Hibe zorunlulu\u011fu kald\u0131r\u0131ld\u0131\u011f\u0131 takdirde cerrahi maske ve tulum ihracat\u0131nda s\u00fcrd\u00fcr\u00fclebilirli\u011fi sa\u011flam\u0131\u015f ve kendimize rakip yaratmam\u0131\u015f olaca\u011f\u0131z\u201d diye konu\u015ftu.\u00a0<\/p>\n<p>\u201c\u0130lk 8 ayda y\u00fczde 26,8 art\u0131\u015f yakalad\u0131k\u201d<br \/>\n\u00a0<br \/>\nAHK\u0130B\u2019in 2020 y\u0131l\u0131n\u0131n ilk 8 ay\u0131ndaki ihracat\u0131n\u0131 da de\u011ferlendiren Ba\u015fkan Tekin, pandeminin g\u00f6lgeledi\u011fi d\u00f6nemde 160\u2019tan fazla \u00fclke ve b\u00f6lgeye d\u0131\u015f sat\u0131m yapt\u0131klar\u0131n\u0131, ge\u00e7en y\u0131l\u0131n e\u015fde\u011fer d\u00f6nemine k\u0131yasla y\u00fczde 26,8 art\u0131\u015fla 274,6 milyon dolarl\u0131k performansa imza att\u0131klar\u0131n\u0131 a\u00e7\u0131klad\u0131.\u00a0<br \/>\nS\u00f6z konusu d\u00f6nemde 10,33 milyar dolarl\u0131k sekt\u00f6r ihracat\u0131ndan y\u00fczde 4 pay ald\u0131klar\u0131n\u0131 belirten Ba\u015fkan Tekin, \u201c8 ayl\u0131k s\u00fcre\u00e7te en fazla Hollanda, Almanya ve \u0130spanya pazarlar\u0131na d\u0131\u015f sat\u0131m ger\u00e7ekle\u015ftirdik. Ge\u00e7en y\u0131l\u0131n Ocak-A\u011fustos aylar\u0131nda Hollanda pazar\u0131na 6,4 milyon dolar ihracat ger\u00e7ekle\u015ftiren Birli\u011fimiz, 2020\u2019nin ayn\u0131 d\u00f6neminde 66,13 milyon dolarl\u0131k ihracata imza att\u0131. 2020 y\u0131l\u0131n\u0131n ilk 8 ay\u0131nda lale diyar\u0131nda 10 kat\u0131na varan rekor art\u0131\u015f yakalad\u0131k. \u0130kinci b\u00fcy\u00fck pazar\u0131m\u0131z olan Almanya\u2019ya 62,14 milyon dolar ihracat ger\u00e7ekle\u015ftirdik. Ge\u00e7en y\u0131l bu rakam 27,5 milyon dolar olmu\u015ftu. T\u00fcrk haz\u0131r giyim ve konfeksiyon sekt\u00f6r\u00fcn\u00fcn ana pazarlar\u0131ndan \u0130spanya\u2019ya y\u00f6nelik ihracat\u0131m\u0131z 45,5 milyon dolar olarak raporlara yans\u0131d\u0131. Ge\u00e7en y\u0131l\u0131n ayn\u0131 d\u00f6neminde Birli\u011fimizin bu \u00fclkeye ihracat\u0131 93,5 milyon dolard\u0131. \u0130spanya pazar\u0131ndaki bu gerileme pandeminin etkisi ile iptal edilen veya ertelenen taleplerden kaynakland\u0131. Son aylarda s\u00fcrekli olarak artan sipari\u015flerle y\u0131l sonuna kadar bu kayb\u0131n telafi edilmesini \u00f6ng\u00f6r\u00fcyoruz\u201d \u015feklinde konu\u015ftu.\u00a0<\/p>\n<p>\u201c17 milyon dolarl\u0131k maske, \u00f6nl\u00fck, tulum ihra\u00e7 ettik\u201d<br \/>\n\u00a0<br \/>\nAHK\u0130B\u2019in Covid-19 \u00fcr\u00fcnleri ihracat\u0131nda da \u00f6nemli ba\u015far\u0131lar elde etti\u011fini dile getiren Ba\u015fkan Tekin, 2020 Ocak-A\u011fustos d\u00f6neminde 17 milyon dolarl\u0131k cerrahi maske, tulum ve \u00f6nl\u00fck ihra\u00e7 ettiklerini belirtti. Bu \u00fcr\u00fcnlerde hibe uygulamalar\u0131 nedeniyle potansiyelin \u00e7ok alt\u0131nda kald\u0131klar\u0131n\u0131 dile getiren Ba\u015fkan Tekin \u015funlar\u0131 s\u00f6yledi:\u00a0<br \/>\n\u201cAHK\u0130B olarak s\u00f6z konusu d\u00f6nemde 7,86 milyon dolarl\u0131k koruyucu tulum, 7,16 milyon dolarl\u0131k maske ve 1,87 milyon dolarl\u0131k \u00f6nl\u00fck ihracat\u0131 ger\u00e7ekle\u015ftirdik. Bu \u00fcr\u00fcnlerde Birli\u011fimizin ana pazarlar\u0131n\u0131 Almanya, Hollanda, \u00c7in, Azerbaycan-Nah\u00e7\u0131van, Slovakya, Litvanya ve Kazakistan olu\u015fturdu. En \u00e7ok cerrahi maske ihracat\u0131 yapt\u0131\u011f\u0131m\u0131z ilk \u00fc\u00e7 \u00fclke 3,64 milyon dolar ile Almanya, 2,31 milyon dolar ile Hollanda, 1,13 milyon dolar ile \u00c7in oldu. Koruyucu elbisede en fazla ihracat yap\u0131lan \u00fclkelerin ba\u015f\u0131nda 5,33 milyon dolar ile Azerbaycan-Nah\u00e7\u0131van, 2 milyon dolar ile Slovakya, 454 bin dolar ile \u00c7in geldi. Koruyucu tulumlarda ise en fazla ihracat 560 bin dolar ile Azerbaycan-Nah\u00e7\u0131van\u2019a, 483 bin dolar ile Litvanya\u2019ya, 291 bin dolar ile Kazakistan\u2019a ger\u00e7ekle\u015ftirdik.\u201d \u00a0\u00a0<\/p>\n","protected":false},"excerpt":{"rendered":"<p>Akdeniz Haz\u0131r Giyim ve Konfeksiyon \u0130hracat\u00e7\u0131lar\u0131 Birli\u011fi (AHK\u0130B) Y\u00f6netim Kurulu Ba\u015fkan\u0131 G\u00fcrkan Tekin, a\u011fustos ay\u0131nda ihracat\u0131n zirvesine yerle\u015fen T\u00fcrk haz\u0131r giyim ve konfeksiyon sekt\u00f6r\u00fcn\u00fcn elde etti\u011fi ba\u015far\u0131da Covid-19 salg\u0131n\u0131ndan koruyan &hellip; <a href=\"https:\/\/akdenizolaygazetesi.com\/?p=8440\" class=\"more-link\">Devam\u0131n\u0131 Oku&#8230;<\/a><\/p>\n","protected":false},"author":1,"featured_media":0,"comment_status":"open","ping_status":"open","sticky":false,"template":"","format":"standard","meta":[],"categories":[],"tags":[],"_links":{"self":[{"href":"https:\/\/akdenizolaygazetesi.com\/index.php?rest_route=\/wp\/v2\/posts\/8440"}],"collection":[{"href":"https:\/\/akdenizolaygazetesi.com\/index.php?rest_route=\/wp\/v2\/posts"}],"about":[{"href":"https:\/\/akdenizolaygazetesi.com\/index.php?rest_route=\/wp\/v2\/types\/post"}],"author":[{"embeddable":true,"href":"https:\/\/akdenizolaygazetesi.com\/index.php?rest_route=\/wp\/v2\/users\/1"}],"replies":[{"embeddable":true,"href":"https:\/\/akdenizolaygazetesi.com\/index.php?rest_route=%2Fwp%2Fv2%2Fcomments&post=8440"}],"version-history":[{"count":0,"href":"https:\/\/akdenizolaygazetesi.com\/index.php?rest_route=\/wp\/v2\/posts\/8440\/revisions"}],"wp:attachment":[{"href":"https:\/\/akdenizolaygazetesi.com\/index.php?rest_route=%2Fwp%2Fv2%2Fmedia&parent=8440"}],"wp:term":[{"taxonomy":"category","embeddable":true,"href":"https:\/\/akdenizolaygazetesi.com\/index.php?rest_route=%2Fwp%2Fv2%2Fcategories&post=8440"},{"taxonomy":"post_tag","embeddable":true,"href":"https:\/\/akdenizolaygazetesi.com\/index.php?rest_route=%2Fwp%2Fv2%2Ftags&post=8440"}],"curies":[{"name":"wp","href":"https:\/\/api.w.org\/{rel}","templated":true}]}}