{"id":8442,"date":"2020-11-04T18:28:54","date_gmt":"2020-11-04T15:28:54","guid":{"rendered":"http:\/\/mersinekonomipolitikagazetesi.com\/?p=8442"},"modified":"2020-11-04T18:28:54","modified_gmt":"2020-11-04T15:28:54","slug":"acilen-yapisal-cozumler-masaya-yatirilmali","status":"publish","type":"post","link":"https:\/\/akdenizolaygazetesi.com\/?p=8442","title":{"rendered":"\u2018AC\u0130LEN YAPISAL \u00c7\u00d6Z\u00dcMLER MASAYA YATIRILMALI\u2019"},"content":{"rendered":"<p>MTSO Ba\u015fkan\u0131 Ayhan K\u0131z\u0131ltan i\u015f d\u00fcnyas\u0131na dair \u00f6nemli a\u00e7\u0131klamalarda bulundu. K\u0131z\u0131ltan, \u201cAyn\u0131 geminin i\u00e7inde gidenlerden biri olarak, e\u011fer gemide veya denizde bir sorun varsa sadece kendi kamaram\u0131z\u0131n konforunu de\u011fil, geminin akibetini d\u00fc\u015f\u00fcnmek zorunday\u0131z.\u2019\u2019 diyerek acilen yap\u0131sal \u00e7\u00f6z\u00fcm istediklerini vurgulad\u0131.<\/p>\n<p><span style=\"line-height: 1.6em;\">Mersin Ticaret ve Sanayi Odas\u0131-MTSO- Y\u00f6netim Kurulu Ba\u015fkan\u0131 Ayhan K\u0131z\u0131ltan, i\u015f d\u00fcnyas\u0131nda ya\u015fanmakta olan \u00f6nemli sorunlara dair a\u00e7\u0131klamalarda bulunarak pandemi sonras\u0131 ya\u015fan\u0131lan piyasadaki duruma dikkat \u00e7ekti. Firmalar\u0131n korunmas\u0131 ve \u00fcretimlerine devam edilmesi i\u00e7in \u00e7al\u0131\u015fmalar yapt\u0131klar\u0131n\u0131 belirten K\u0131z\u0131ltan, \u201cMersin Ticaret ve Sanayi Odas\u0131 olarak, Oda Meclisimiz, Y\u00f6netim Kurulumuz ve bizce i\u015fin mutfa\u011f\u0131 olan, Mersin ekonomisinin sorun tespitlerinin, \u00e7\u00f6z\u00fcm \u00f6nerilerinin pi\u015fip olgunla\u015ft\u0131\u011f\u0131 yer olan 41 Meslek Komitemizle, Mersin ekonomisinin \u00e7arklar\u0131n\u0131n d\u00fczg\u00fcn i\u015flemesi i\u00e7in \u00e7al\u0131\u015f\u0131yoruz. 41 Meslek Komitemiz 20 bine yak\u0131n i\u015fletmemizi temsil ediyor. Bu firmalar\u0131m\u0131z i\u00e7inde \u0130SO listelerine giren devler de var, orta \u00f6l\u00e7ekli i\u015fletmeler de var, bunlara destek veren k\u00fc\u00e7\u00fck i\u015fletmeler de var. Her biri \u00e7ok \u00f6nemli ve kentimiz i\u00e7in \u00e7ok de\u011ferli. T\u00fcm firmalar\u0131m\u0131z bir b\u00fct\u00fcn\u00fcn par\u00e7alar\u0131. Tek bir firmam\u0131z\u0131n kapanmas\u0131 demek bu ekonomiyi ayakta tutan payandalardan birinin \u00e7\u00f6kmesi ve ekonominin zarar g\u00f6rmesi demektir. Bu sadece i\u015fverenlerle ilgili bir durum de\u011fildir. \u0130\u015fin istihdam boyutu var. Buradan ekme\u011fini kazanan insanlar var. \u0130\u015fin tedarik\u00e7i boyutu var. Bir domino ta\u015f\u0131 s\u0131ras\u0131 gibi birbirini tetikleyen bir mekanizma var. MTSO olarak her firmam\u0131z\u0131 uzun soluklu firmalar haline germek en temel amac\u0131m\u0131zd\u0131r. K\u00fc\u00e7\u00fck veya b\u00fcy\u00fck her bir firmam\u0131z Mersin ekonomisinin maddi ve manevi zenginli\u011fidir, refah\u0131d\u0131r, sosyal huzurudur.\u2019\u2019 ifadelerini kulland\u0131.<\/span><\/p>\n<p>\u201cF\u0130RMALARIMIZIN B\u0130R\u0130K\u0130M VE YEDEK AK\u00c7ELER\u0130 DE ER\u0130D\u0130!\u201d<\/p>\n<p>\u201cFirmalar\u0131m\u0131z\u0131n neredeyse tamam\u0131 y\u0131llar\u0131n birikimlerini ve yedek ak\u00e7elerini bu s\u00fcre\u00e7te eritti.\u201d diyen, ancak t\u00fcm zorluklara ra\u011fmen pandemi sonras\u0131nda da faaliyetlerine ara vermediklerini ve \u00e7al\u0131\u015fmalar\u0131n\u0131 h\u0131zland\u0131rd\u0131klar\u0131n\u0131 belirten K\u0131z\u0131ltan firmalar\u0131 korumak, \u00fcretimlerinin \u00a0kurallara azami uyarak, insan sa\u011fl\u0131\u011f\u0131n\u0131 en \u00fcst d\u00fczeyde koruyarak devam etmesini sa\u011flaman\u0131n temel g\u00f6revlerinden biri oldu\u011funu s\u00f6yledi.<br \/>\nPandeminin ilk g\u00fcn\u00fcnden itibaren \u00fclke genelinde al\u0131nan ekonomik \u00f6nlemler paketine somut ve uygulan\u0131r anlamda en \u00e7ok \u00f6neri getiren oda olduklar\u0131n\u0131 vurgulayan K\u0131z\u0131ltan, \u201cBir sorun var ve soruna odakland\u0131k, bunun nedenlerine ve \u00e7\u00f6z\u00fcmlerine odakland\u0131k. Ki\u015filere, siyasete tak\u0131lmadan, ki\u015filer ve siyasetin de \u00fcst\u00fcnde davranarak ger\u00e7ek\u00e7i, i\u015fe yarayan \u00e7\u00f6z\u00fcmler \u00fcrettik. T\u00fcm Mersin i\u015f dinamikleri ile birlikte haz\u0131rlad\u0131\u011f\u0131m\u0131z raporlar\u0131 ilgili makamlarla an\u0131nda payla\u015ft\u0131k, siyaset \u00fcst\u00fc durduk ama yapt\u0131klar\u0131m\u0131zla asl\u0131nda siyasete en b\u00fcy\u00fck deste\u011fi verdik ve bunu yaparken, asla bencilce kendini d\u00fc\u015f\u00fcnen, sadece kendi \u00e7\u0131kar\u0131n\u0131 korumaya \u00e7al\u0131\u015fan bir camia olmad\u0131k. Zaman dayan\u0131\u015fma ve payla\u015fma zaman\u0131 dedik ve bu s\u00fcre\u00e7te firmalar\u0131m\u0131z istihdam\u0131n\u0131 korumaya \u00e7al\u0131\u015ft\u0131, \u00f6z kaynaklar\u0131n\u0131 kullanarak, fedakarl\u0131klar yaparak \u00fcretimine, istihdam\u0131na, ihracat\u0131na devam etti. Firmalar\u0131m\u0131z\u0131n neredeyse tamam\u0131 y\u0131llar\u0131n birikimlerini, yedek ak\u00e7elerini bu s\u00fcre\u00e7te eritti. Bu kolay bir \u015fey de\u011fil. Bu anlamda pandemi d\u00f6neminde ger\u00e7ekten iki camia var ki, \u00fclkemizin sa\u011fl\u0131k, esenlik ve refah\u0131 ad\u0131na haklar\u0131n\u0131 vermek bir bor\u00e7tur. Birincisi bu vir\u00fcsle m\u00fccadelede en \u00f6n cephede sava\u015fan doktorundan hem\u015firesine, hasta bak\u0131c\u0131s\u0131na kadar sa\u011fl\u0131k te\u015fkilat\u0131m\u0131z\u0131n her bir \u00fcyesi; \u00a0di\u011feri ise, \u00fclke ekonomisinin \u00e7arklar\u0131n\u0131 durdurmayarak ekonominin ayakta kalmas\u0131n\u0131 sa\u011flayan, i\u015fvereninden \u00e7al\u0131\u015fan\u0131na, emek\u00e7isine kadar T\u00fcrk i\u015f d\u00fcnyas\u0131d\u0131r. Sorunu en \u00e7ok hisseden bu iki camia hala b\u00fcy\u00fck bir fedakarl\u0131k, azim ve vatan sevgisiyle \u00e7al\u0131\u015fmaya devam etmektedir. Ne kadar destek verilse azd\u0131r. Birine verilecek destek sa\u011fl\u0131\u011f\u0131m\u0131za, di\u011ferine verilecek her destek i\u015fimize, a\u015f\u0131m\u0131za, sosyal huzurumuza verilecek destek demektir.\u2019\u2019 diye konu\u015ftu.<\/p>\n<p>\u201cB\u0130RL\u0130K, B\u00dcT\u00dcNL\u00dcK VE DAYANI\u015eMA ARTIK GER\u00c7EK OLMALI\u201d<\/p>\n<p>T\u00fcm d\u00fcnyan\u0131n etkilendi\u011fi bir sorun ortam\u0131nda yap\u0131lmas\u0131 gereken \u015feyin, ger\u00e7ek sorunlara, nedenlerine ve \u00e7\u00f6z\u00fcmlerine odaklanmak oldu\u011funu ve bunu yaparken \u00fclkenin her kesiminin d\u00fc\u015f\u00fcncesine kulak verilmesi gerekti\u011fini \u00f6nemle vurgulayan K\u0131z\u0131ltan, \u201cMotivasyon ve moral en az di\u011fer destekler ve \u00e7\u00f6z\u00fcmler kadar \u00f6nemlidir. Birlik, b\u00fct\u00fcnl\u00fck ve dayan\u0131\u015fma art\u0131k sloganlardan \u00e7\u0131kmal\u0131 ve ger\u00e7ek olmal\u0131d\u0131r. Bunun da yolu hele bu g\u00fcnlerde olumsuz ve ayr\u0131\u015ft\u0131r\u0131c\u0131 siyasetin her kesim taraf\u0131ndan bir kenara b\u0131rak\u0131lmas\u0131, kutupla\u015fma s\u00f6ylem ve eylemlerinin terk edilmesidir. Sorun hepimizin sorudur, \u00fclke hepimizin \u00fclkesidir. Kutupla\u015fma en az korona vir\u00fcs kadar, belki ondan daha da tehlikeli bir \u015feydir. \u00c7\u00fcnk\u00fc bir g\u00fcn korona vir\u00fcs elbet biter ama kutupla\u015fman\u0131n devam etti\u011fi bir \u00fclkeden hay\u0131r gelmez. S\u00fcrekli konu\u015fulan ama ad\u0131 bir t\u00fcrl\u00fc somut konmayan, ya da k\u0131sa vadede hemen bir etki sa\u011flamad\u0131\u011f\u0131 i\u00e7in belki \u00e7ok y\u00fcz verilmeyen yap\u0131sal \u00e7\u00f6z\u00fcmler acilen masaya yat\u0131r\u0131lmal\u0131 ve toplumun her dinami\u011finin g\u00f6r\u00fc\u015f\u00fc al\u0131nmal\u0131d\u0131r. Toplumsal dinamikler, meslek \u00f6rg\u00fctleri kavga edilecek kurumlar olarak de\u011fil, aksine tecr\u00fcbeli, nitelikli ve donan\u0131ml\u0131 insan kayna\u011f\u0131 ile ak\u0131llar\u0131na ba\u015fvurulacak kurumlar olarak g\u00f6r\u00fclmelidir. Bu anlamda bu yap\u0131sal sorunlar\u0131n ba\u015f\u0131nda gelen ak\u0131lc\u0131, bilimsel bir e\u011fitim, beceri sahibi bir toplum, tar\u0131m\u0131 ve sanayisiyle \u00fcreten bir ekonomi ve evrensel bir hukukun tesisi \u00fclkemizin ba\u015fat konusu yap\u0131lmal\u0131d\u0131r. Bunlar asl\u0131nda ger\u00e7ek kalk\u0131nman\u0131n temelidir.\u2019\u2019 \u015fekilde konu\u015ftu.<\/p>\n<p>\u201cYAPTI\u011eIMIZ \u00d6NER\u0130LER ELE\u015eT\u0130R\u0130 DE\u011e\u0130L KATKIDIR\u201d<\/p>\n<p>Ba\u015fkan K\u0131z\u0131ltan, \u201cTicaret ve Sanayi Odalar\u0131 olarak bu amaca ve vizyona y\u00f6nelik her \u00e7aban\u0131n i\u00e7inde olduk, olmaya da devam edece\u011fiz. Ayn\u0131 geminin i\u00e7inde gidenlerden biri olarak, e\u011fer gemide veya denizde bir sorun varsa sadece kendi kamaram\u0131z\u0131n konforunu de\u011fil, geminin akibetini d\u00fc\u015f\u00fcnmek zorunday\u0131z. Bu anlamda i\u015f d\u00fcnyas\u0131 olarak yapt\u0131\u011f\u0131m\u0131z her \u00f6neri, de\u011findi\u011fimiz her sorun bir ele\u015ftiri olarak de\u011fil, \u00fclkemize bir katk\u0131 olarak g\u00f6r\u00fclmelidir. Bizler sorunlara al\u0131\u015fk\u0131n bir camiay\u0131z. \u00a0Bu sorunlar\u0131 da a\u015far\u0131z. Ama istedi\u011finiz kadar \u00fcretin, ihracat yap\u0131n, istihdam sa\u011flay\u0131n, ekonomik olarak belki b\u00fcy\u00fcyor gibi g\u00f6r\u00fcn\u00fcrs\u00fcn\u00fcz ama bahsetti\u011fimiz yap\u0131sal reformlar samimi ve toplumun her katman\u0131n\u0131n dahil edildi\u011fi bir yolla masaya yarat\u0131lmazsa ger\u00e7ek kalk\u0131nmay\u0131 yaratamay\u0131z. \u00c7\u00fcnk\u00fc kalk\u0131nma ekonominin b\u00fcy\u00fcmesinin \u00f6tesinde bir konudur. Mersin Ticaret ve Sanayi Odas\u0131 olarak bu s\u0131k\u0131nt\u0131l\u0131 s\u00fcre\u00e7te bu vizyonla \u00e7al\u0131\u015fmaya, kentimize ve \u00fclkemize yararl\u0131 olmaya devam edece\u011fiz. \u00dclkemizde ta\u015f \u00fcst\u00fcne ta\u015f koyan herkesin yan\u0131nda olmaya devam edece\u011fiz. Potansiyelimizi d\u00fc\u015f\u00fcnd\u00fck\u00e7e umutsuz olmam\u0131z\u0131 gerektirecek bir \u015fey yok. Umutluyuz, azimliyiz, g\u00fczel g\u00fcnleri birlikte getirece\u011fiz.\u2019\u2019 diyerek s\u00f6zlerini tamamlad\u0131.<\/p>\n","protected":false},"excerpt":{"rendered":"<p>MTSO Ba\u015fkan\u0131 Ayhan K\u0131z\u0131ltan i\u015f d\u00fcnyas\u0131na dair \u00f6nemli a\u00e7\u0131klamalarda bulundu. K\u0131z\u0131ltan, \u201cAyn\u0131 geminin i\u00e7inde gidenlerden biri olarak, e\u011fer gemide veya denizde bir sorun varsa sadece kendi kamaram\u0131z\u0131n konforunu de\u011fil, geminin &hellip; <a href=\"https:\/\/akdenizolaygazetesi.com\/?p=8442\" class=\"more-link\">Devam\u0131n\u0131 Oku&#8230;<\/a><\/p>\n","protected":false},"author":1,"featured_media":0,"comment_status":"open","ping_status":"open","sticky":false,"template":"","format":"standard","meta":[],"categories":[],"tags":[],"_links":{"self":[{"href":"https:\/\/akdenizolaygazetesi.com\/index.php?rest_route=\/wp\/v2\/posts\/8442"}],"collection":[{"href":"https:\/\/akdenizolaygazetesi.com\/index.php?rest_route=\/wp\/v2\/posts"}],"about":[{"href":"https:\/\/akdenizolaygazetesi.com\/index.php?rest_route=\/wp\/v2\/types\/post"}],"author":[{"embeddable":true,"href":"https:\/\/akdenizolaygazetesi.com\/index.php?rest_route=\/wp\/v2\/users\/1"}],"replies":[{"embeddable":true,"href":"https:\/\/akdenizolaygazetesi.com\/index.php?rest_route=%2Fwp%2Fv2%2Fcomments&post=8442"}],"version-history":[{"count":0,"href":"https:\/\/akdenizolaygazetesi.com\/index.php?rest_route=\/wp\/v2\/posts\/8442\/revisions"}],"wp:attachment":[{"href":"https:\/\/akdenizolaygazetesi.com\/index.php?rest_route=%2Fwp%2Fv2%2Fmedia&parent=8442"}],"wp:term":[{"taxonomy":"category","embeddable":true,"href":"https:\/\/akdenizolaygazetesi.com\/index.php?rest_route=%2Fwp%2Fv2%2Fcategories&post=8442"},{"taxonomy":"post_tag","embeddable":true,"href":"https:\/\/akdenizolaygazetesi.com\/index.php?rest_route=%2Fwp%2Fv2%2Ftags&post=8442"}],"curies":[{"name":"wp","href":"https:\/\/api.w.org\/{rel}","templated":true}]}}