{"id":8443,"date":"2020-11-04T18:28:54","date_gmt":"2020-11-04T15:28:54","guid":{"rendered":"http:\/\/mersinekonomipolitikagazetesi.com\/?p=8443"},"modified":"2020-11-04T18:28:54","modified_gmt":"2020-11-04T15:28:54","slug":"evli-gencten-3-gundur-haber-alinamiyor","status":"publish","type":"post","link":"https:\/\/akdenizolaygazetesi.com\/?p=8443","title":{"rendered":"Evli gen\u00e7ten 3 g\u00fcnd\u00fcr haber al\u0131nam\u0131yor"},"content":{"rendered":"<p>Mersin\u2019in Tarsus il\u00e7esinde evli gen\u00e7ten 3 g\u00fcnd\u00fcr haber al\u0131nam\u0131yor.\u00a0<br \/>\nBa\u011flarba\u015f\u0131 Mahallesi\u2019nde ya\u015fayan 30 ya\u015f\u0131nda evli olan R\u0131dvan Da\u011fl\u0131kan 27 Eyl\u00fcl g\u00fcn\u00fc kayboldu. \u00d6\u011flen saatlerinden evden \u00e7\u0131kan R\u0131dvan Da\u011fl\u0131kan\u2019dan 3 g\u00fcnd\u00fcr haber al\u0131nam\u0131yor.\u00a0<br \/>\nA\u011fabeyleri Deniz ve Esat Da\u011fl\u0131kan, karde\u015flerinin Pazar g\u00fcn\u00fc kimseye bir \u015fey demeden evden \u00e7\u0131kt\u0131\u011f\u0131n\u0131, bir anda ortadan kaybolan karde\u015fleri i\u00e7in kay\u0131p ilan\u0131 verdiklerini bildirdi.\u00a0<br \/>\nKarde\u015fi R\u0131dvan Da\u011fl\u0131kan\u2019\u0131n hayat\u0131ndan endi\u015fe ettiklerini belirten a\u011fabeyleri, \u201cKarde\u015fimiz R\u0131dvan Da\u011fl\u0131kan\u2019\u0131n bulunmas\u0131 i\u00e7in g\u00f6renlerin, duyanlar\u0131n bize haber vermesini istiyoruz\u201d dedi.\u00a0<br \/>\nR\u0131dvan Da\u011fl\u0131kan\u2019\u0131n g\u00f6renlerin 0536 035 33 50 numaral\u0131 telefonla ileti\u015fime ge\u00e7ebilecekleri bildirildi. \u00a0<\/p>\n","protected":false},"excerpt":{"rendered":"<p>Mersin\u2019in Tarsus il\u00e7esinde evli gen\u00e7ten 3 g\u00fcnd\u00fcr haber al\u0131nam\u0131yor.\u00a0 Ba\u011flarba\u015f\u0131 Mahallesi\u2019nde ya\u015fayan 30 ya\u015f\u0131nda evli olan R\u0131dvan Da\u011fl\u0131kan 27 Eyl\u00fcl g\u00fcn\u00fc kayboldu. \u00d6\u011flen saatlerinden evden \u00e7\u0131kan R\u0131dvan Da\u011fl\u0131kan\u2019dan 3 g\u00fcnd\u00fcr &hellip; <a href=\"https:\/\/akdenizolaygazetesi.com\/?p=8443\" class=\"more-link\">Devam\u0131n\u0131 Oku&#8230;<\/a><\/p>\n","protected":false},"author":1,"featured_media":0,"comment_status":"open","ping_status":"open","sticky":false,"template":"","format":"standard","meta":[],"categories":[],"tags":[],"_links":{"self":[{"href":"https:\/\/akdenizolaygazetesi.com\/index.php?rest_route=\/wp\/v2\/posts\/8443"}],"collection":[{"href":"https:\/\/akdenizolaygazetesi.com\/index.php?rest_route=\/wp\/v2\/posts"}],"about":[{"href":"https:\/\/akdenizolaygazetesi.com\/index.php?rest_route=\/wp\/v2\/types\/post"}],"author":[{"embeddable":true,"href":"https:\/\/akdenizolaygazetesi.com\/index.php?rest_route=\/wp\/v2\/users\/1"}],"replies":[{"embeddable":true,"href":"https:\/\/akdenizolaygazetesi.com\/index.php?rest_route=%2Fwp%2Fv2%2Fcomments&post=8443"}],"version-history":[{"count":0,"href":"https:\/\/akdenizolaygazetesi.com\/index.php?rest_route=\/wp\/v2\/posts\/8443\/revisions"}],"wp:attachment":[{"href":"https:\/\/akdenizolaygazetesi.com\/index.php?rest_route=%2Fwp%2Fv2%2Fmedia&parent=8443"}],"wp:term":[{"taxonomy":"category","embeddable":true,"href":"https:\/\/akdenizolaygazetesi.com\/index.php?rest_route=%2Fwp%2Fv2%2Fcategories&post=8443"},{"taxonomy":"post_tag","embeddable":true,"href":"https:\/\/akdenizolaygazetesi.com\/index.php?rest_route=%2Fwp%2Fv2%2Ftags&post=8443"}],"curies":[{"name":"wp","href":"https:\/\/api.w.org\/{rel}","templated":true}]}}