{"id":8444,"date":"2020-11-04T18:28:54","date_gmt":"2020-11-04T15:28:54","guid":{"rendered":"http:\/\/mersinekonomipolitikagazetesi.com\/?p=8444"},"modified":"2020-11-04T18:28:54","modified_gmt":"2020-11-04T15:28:54","slug":"tarsusta-itfaiye-8-ayda-646-olaya-mudahale-etti","status":"publish","type":"post","link":"https:\/\/akdenizolaygazetesi.com\/?p=8444","title":{"rendered":"Tarsus&#8217;ta itfaiye 8 ayda 646 olaya m\u00fcdahale etti"},"content":{"rendered":"<p>Mersin B\u00fcy\u00fck\u015fehir Belediyesi \u0130tfaiye Daire Ba\u015fkanl\u0131\u011f\u0131 Tarsus Grup Amirli\u011fi ekipleri, 8 ayda 646 olaya m\u00fcdahale etti.\u00a0<br \/>\n\u0130tfaiye Daire Ba\u015fkanl\u0131\u011f\u0131 Tarsus \u015eube Sorumlusu Kenan Demirpolat\u2019\u0131n amirli\u011finde 87 personel ile Tarsus merkez ba\u015fta olmak \u00fczere Ba\u011flar, G\u00fclek, Yenice ve \u00c7aml\u0131yayla il\u00e7e istasyonlar\u0131nda, 13 yang\u0131n ve kurtarma olaylar\u0131na m\u00fcdahale arac\u0131yla \u00e7al\u0131\u015fma y\u00fcr\u00fcten itfaiye ekipleri, can ve mal kayb\u0131n\u0131n en aza indirilmesi i\u00e7in 7 g\u00fcn 24 saat mesai harc\u0131yorlar.\u00a0<br \/>\nTarsus\u2019ta 2020 y\u0131l\u0131n\u0131n ilk 8 ayl\u0131k d\u00f6neminde 112 ev yang\u0131n\u0131, 30 i\u015f yeri ve 102 ara\u00e7 yang\u0131n\u0131 ile 646 di\u011fer yang\u0131nlara m\u00fcdahale eden B\u00fcy\u00fck\u015fehir Belediyesi Tarsus-\u00c7aml\u0131yayla \u015eube M\u00fcd\u00fcrl\u00fc\u011f\u00fc b\u00fcnyesindeki \u0130tfaiye Grup Amirli\u011fi ekipleri, ayn\u0131 d\u00f6nemde yang\u0131nlar\u0131n yan\u0131 s\u0131ra kurtarma operasyonlar\u0131na da m\u00fcdahale de bulundular.\u00a0<br \/>\nB\u00fcy\u00fck\u015fehir \u0130tfaiyesi arama kurtarma ekipleri, sorumluluk alanlar\u0131 olan Tarsus ve \u00c7aml\u0131yayla\u2019da 130 ara\u00e7 kazas\u0131, 361 kurtarma vakalar\u0131na intikal ederken, bunlar\u0131n yan\u0131 s\u0131ra intihar giri\u015fimleri, kap\u0131 a\u00e7ma, su \u00e7ekme ve farkl\u0131 durumlardaki olaylara da m\u00fcdahale ettiler.\u00a0<br \/>\nE\u011fitim ve tatbikatlar\u0131n\u0131 da s\u00fcrd\u00fcren Mersin B\u00fcy\u00fck\u015fehir Belediyesi \u0130tfaiye Daire Ba\u015fkanl\u0131\u011f\u0131 Tarsus Grup Amirli\u011fi ekipleri, merdivenli ara\u00e7larla y\u00fcksek katl\u0131 konutlarda canl\u0131 kurtarma, yine y\u00fcksek katl\u0131 konut veya i\u015fyerlerinde olu\u015fan yang\u0131nlara m\u00fcdahale, temel yang\u0131n ekipmanlar\u0131n\u0131n kullan\u0131lmas\u0131, bo\u011fulma vakalar\u0131nda yap\u0131lmas\u0131 gerekenler konusunda s\u0131kl\u0131kla e\u011fitim g\u00f6r\u00fcyorlar.\u00a0<br \/>\n\u0130tfaiye Daire Ba\u015fkanl\u0131\u011f\u0131 Tarsus \u015eube Sorumlusu Kenan Demirpolat, \u201c\u0130tfaiyecilik kutsal ve onurlu bir meslektir. Bizler 7 g\u00fcn 24 saat boyunca insanlar\u0131m\u0131z\u0131n can ve mal g\u00fcvenli\u011fini sa\u011flamak i\u00e7in; kendimizi feda edecek kadar duyarl\u0131y\u0131z. Bu vesileyle \u00fclkemizde ve d\u00fcnyadaki \u0130tfaiyecilik Haftas\u0131n\u0131 kutlar, g\u00f6rev ba\u015f\u0131ndaki t\u00fcm meslekta\u015flar\u0131ma ba\u015far\u0131lar dilerim. Bu u\u011furda can veren \u015fehit itfaiyecilerimize de Allah\u2019tan rahmet dilerim\u201d dedi. \u00a0<\/p>\n","protected":false},"excerpt":{"rendered":"<p>Mersin B\u00fcy\u00fck\u015fehir Belediyesi \u0130tfaiye Daire Ba\u015fkanl\u0131\u011f\u0131 Tarsus Grup Amirli\u011fi ekipleri, 8 ayda 646 olaya m\u00fcdahale etti.\u00a0 \u0130tfaiye Daire Ba\u015fkanl\u0131\u011f\u0131 Tarsus \u015eube Sorumlusu Kenan Demirpolat\u2019\u0131n amirli\u011finde 87 personel ile Tarsus merkez &hellip; <a href=\"https:\/\/akdenizolaygazetesi.com\/?p=8444\" class=\"more-link\">Devam\u0131n\u0131 Oku&#8230;<\/a><\/p>\n","protected":false},"author":1,"featured_media":0,"comment_status":"open","ping_status":"open","sticky":false,"template":"","format":"standard","meta":[],"categories":[],"tags":[],"_links":{"self":[{"href":"https:\/\/akdenizolaygazetesi.com\/index.php?rest_route=\/wp\/v2\/posts\/8444"}],"collection":[{"href":"https:\/\/akdenizolaygazetesi.com\/index.php?rest_route=\/wp\/v2\/posts"}],"about":[{"href":"https:\/\/akdenizolaygazetesi.com\/index.php?rest_route=\/wp\/v2\/types\/post"}],"author":[{"embeddable":true,"href":"https:\/\/akdenizolaygazetesi.com\/index.php?rest_route=\/wp\/v2\/users\/1"}],"replies":[{"embeddable":true,"href":"https:\/\/akdenizolaygazetesi.com\/index.php?rest_route=%2Fwp%2Fv2%2Fcomments&post=8444"}],"version-history":[{"count":0,"href":"https:\/\/akdenizolaygazetesi.com\/index.php?rest_route=\/wp\/v2\/posts\/8444\/revisions"}],"wp:attachment":[{"href":"https:\/\/akdenizolaygazetesi.com\/index.php?rest_route=%2Fwp%2Fv2%2Fmedia&parent=8444"}],"wp:term":[{"taxonomy":"category","embeddable":true,"href":"https:\/\/akdenizolaygazetesi.com\/index.php?rest_route=%2Fwp%2Fv2%2Fcategories&post=8444"},{"taxonomy":"post_tag","embeddable":true,"href":"https:\/\/akdenizolaygazetesi.com\/index.php?rest_route=%2Fwp%2Fv2%2Ftags&post=8444"}],"curies":[{"name":"wp","href":"https:\/\/api.w.org\/{rel}","templated":true}]}}