{"id":8446,"date":"2020-11-04T18:28:55","date_gmt":"2020-11-04T15:28:55","guid":{"rendered":"http:\/\/mersinekonomipolitikagazetesi.com\/?p=8446"},"modified":"2020-11-04T18:28:55","modified_gmt":"2020-11-04T15:28:55","slug":"spor-insanlari-bir-araya-getiren-bir-alan","status":"publish","type":"post","link":"https:\/\/akdenizolaygazetesi.com\/?p=8446","title":{"rendered":"\u201cSpor, insanlar\u0131 bir araya getiren bir alan\u201d"},"content":{"rendered":"<p>Mersin B\u00fcy\u00fck\u015fehir Belediye Ba\u015fkan\u0131 Vahap Se\u00e7er, 2020-2021 sezonunda T\u00fcrkiye Erkekler Basketbol 2. Ligi\u2019nde m\u00fccadele edecek olan Mersin B\u00fcy\u00fck\u015fehir Belediyesi Gen\u00e7lik ve Spor Kul\u00fcb\u00fc Erkek Basketbol Tak\u0131m\u0131 oyuncular\u0131yla bir araya geldi.\u00a0<br \/>\nBa\u015fkan Se\u00e7er, ge\u00e7en hafta Kad\u0131n Basketbol Tak\u0131m\u0131n\u0131, bu hafta da Erkek Basketbol Tak\u0131m\u0131n\u0131 a\u011f\u0131rlad\u0131klar\u0131n\u0131 ve sporcularla bulu\u015fman\u0131n kendisini de zinde hissettirdi\u011fini s\u00f6yledi. Ge\u00e7en y\u0131l yerel ligde nama\u011flup \u015fampiyon olan tak\u0131m\u0131n bu sene 2. Lig\u2019de m\u00fccadele edece\u011fini kaydeden Se\u00e7er, \u201cTabi biz ba\u015far\u0131l\u0131 olmak istiyoruz. Onun i\u00e7in de kul\u00fcb\u00fcm\u00fcze her t\u00fcrl\u00fc katk\u0131y\u0131 yapmak istiyoruz. Nihai hedefimiz ilk etapta S\u00fcper Lig\u2019de oynamak, T\u00fcrkiye s\u0131n\u0131rlar\u0131 i\u00e7erisinde en \u00fcst ligde oynamak. Bunun i\u00e7in de bu y\u0131l \u015fampiyon olmak, gelecek y\u0131l 1. Lig\u2019de \u00fcst\u00fcn bir performans g\u00f6stermek ve daha sonra da S\u00fcper Lig\u2019e \u00e7\u0131kmak ve orada Mersin\u2019in ismini duyurmak istiyoruz. \u0130n\u015fallah yurtd\u0131\u015f\u0131 ba\u015far\u0131lar\u0131m\u0131z olur, yurtd\u0131\u015f\u0131nda da \u00fclkemizin ismini duyurmak istiyoruz\u201d dedi.\u00a0<br \/>\nSporun insanlar aras\u0131ndaki ayr\u0131m\u0131 ortadan kald\u0131rd\u0131\u011f\u0131n\u0131 belirten Se\u00e7er, \u201c\u00dclkenizi, toplumunuzu, kentinizi tan\u0131tma imkan\u0131n\u0131z oluyor. Bir di\u011fer a\u00e7\u0131dan da asl\u0131nda spor demek insanlar\u0131 bir araya getiren, bu bir araya geli\u015fte insanlar\u0131n mezhebini, kimli\u011fini, tabiat\u0131n\u0131 sorgulamayan, d\u00fcnya g\u00f6r\u00fc\u015f\u00fcn\u00fc sorgulamayan bir alan. Herkes bir arada centilmenlik \u00e7er\u00e7evesinde m\u00fccadele ediyor. T\u00fcrkiye\u2019nin asl\u0131nda sanatsal, k\u00fclt\u00fcrel, sportif bir\u00e7ok alanda a\u015fama kaydetmesi gerekiyor. \u00d6nce kendi b\u00fcnyemizde, kendi i\u00e7imizde birli\u011fimizi, beraberli\u011fimizi sa\u011flamam\u0131za, her b\u00f6lgeden insanlar\u0131n bir araya gelmesine yarar sa\u011flad\u0131\u011f\u0131 i\u00e7in bu tip faaliyetler son derece \u00f6nemli diye d\u00fc\u015f\u00fcn\u00fcyorum ve daha sonra da \u00fclkemizin uluslararas\u0131 arenada daha iyi tan\u0131nabilmesi i\u00e7in sporu \u00f6nemsiyoruz\u201d diye konu\u015ftu.\u00a0<\/p>\n<p>Ba\u015fkan Se\u00e7er, yeni sezonda sporculara ba\u015far\u0131lar dileyerek, \u201c\u0130stiyoruz, inan\u0131yoruz. \u0130stemek, inanmak, ba\u015far\u0131l\u0131 olman\u0131n zaten yar\u0131s\u0131n\u0131 i\u00e7eriyor. Di\u011fer yar\u0131s\u0131 da sizlerin istikrarl\u0131, disiplinli \u00e7al\u0131\u015fmas\u0131na ba\u011fl\u0131\u201d ifadelerini kulland\u0131.\u00a0<br \/>\nGen\u00e7 sporcular ise Ba\u015fkan Se\u00e7er\u2019e, arkas\u0131nda \u201cVahap Se\u00e7er\u201d yazan 33 numaral\u0131 forma ve \u00e7i\u00e7ek takdim ederek hat\u0131ra foto\u011fraf\u0131 \u00e7ektirdi. \u00a0<\/p>\n","protected":false},"excerpt":{"rendered":"<p>Mersin B\u00fcy\u00fck\u015fehir Belediye Ba\u015fkan\u0131 Vahap Se\u00e7er, 2020-2021 sezonunda T\u00fcrkiye Erkekler Basketbol 2. Ligi\u2019nde m\u00fccadele edecek olan Mersin B\u00fcy\u00fck\u015fehir Belediyesi Gen\u00e7lik ve Spor Kul\u00fcb\u00fc Erkek Basketbol Tak\u0131m\u0131 oyuncular\u0131yla bir araya geldi.\u00a0 &hellip; <a href=\"https:\/\/akdenizolaygazetesi.com\/?p=8446\" class=\"more-link\">Devam\u0131n\u0131 Oku&#8230;<\/a><\/p>\n","protected":false},"author":1,"featured_media":0,"comment_status":"open","ping_status":"open","sticky":false,"template":"","format":"standard","meta":[],"categories":[],"tags":[],"_links":{"self":[{"href":"https:\/\/akdenizolaygazetesi.com\/index.php?rest_route=\/wp\/v2\/posts\/8446"}],"collection":[{"href":"https:\/\/akdenizolaygazetesi.com\/index.php?rest_route=\/wp\/v2\/posts"}],"about":[{"href":"https:\/\/akdenizolaygazetesi.com\/index.php?rest_route=\/wp\/v2\/types\/post"}],"author":[{"embeddable":true,"href":"https:\/\/akdenizolaygazetesi.com\/index.php?rest_route=\/wp\/v2\/users\/1"}],"replies":[{"embeddable":true,"href":"https:\/\/akdenizolaygazetesi.com\/index.php?rest_route=%2Fwp%2Fv2%2Fcomments&post=8446"}],"version-history":[{"count":0,"href":"https:\/\/akdenizolaygazetesi.com\/index.php?rest_route=\/wp\/v2\/posts\/8446\/revisions"}],"wp:attachment":[{"href":"https:\/\/akdenizolaygazetesi.com\/index.php?rest_route=%2Fwp%2Fv2%2Fmedia&parent=8446"}],"wp:term":[{"taxonomy":"category","embeddable":true,"href":"https:\/\/akdenizolaygazetesi.com\/index.php?rest_route=%2Fwp%2Fv2%2Fcategories&post=8446"},{"taxonomy":"post_tag","embeddable":true,"href":"https:\/\/akdenizolaygazetesi.com\/index.php?rest_route=%2Fwp%2Fv2%2Ftags&post=8446"}],"curies":[{"name":"wp","href":"https:\/\/api.w.org\/{rel}","templated":true}]}}