{"id":8447,"date":"2020-11-04T18:28:55","date_gmt":"2020-11-04T15:28:55","guid":{"rendered":"http:\/\/mersinekonomipolitikagazetesi.com\/?p=8447"},"modified":"2020-11-04T18:28:55","modified_gmt":"2020-11-04T15:28:55","slug":"koyumde-yasamak-icin-bir-suru-nedenim-var","status":"publish","type":"post","link":"https:\/\/akdenizolaygazetesi.com\/?p=8447","title":{"rendered":"&#8220;K\u00f6y\u00fcmde Ya\u015famak \u0130\u00e7in Bir S\u00fcr\u00fc Nedenim Var&#8221;"},"content":{"rendered":"<p>Mersin merkez ve il\u00e7elerinde k\u00fc\u00e7\u00fckba\u015f hayvanc\u0131l\u0131\u011f\u0131n geli\u015ftirilmesi, k\u00fc\u00e7\u00fckba\u015f hayvan varl\u0131\u011f\u0131n\u0131n artt\u0131r\u0131lmas\u0131 ve k\u0131rsalda ya\u015fayan vatanda\u015flar\u0131n hayat standartlar\u0131n\u0131n y\u00fckseltilmesi ile k\u00f6yden kente g\u00f6\u00e7\u00fcn \u00f6nlenmesini hedefleyen \u201cK\u00f6y\u00fcmde Ya\u015famak \u0130\u00e7in Bir \u2018S\u00fcr\u00fc\u2019 Nedenim Var&#8221; projesinin protokol imza t\u00f6reni Vali Ali \u0130hsan Su\u2019nun kat\u0131l\u0131m\u0131yla ger\u00e7ekle\u015ftirildi.<br \/>\n\u00a0<br \/>\nMersin Valili\u011fi koordinasyonunda, \u0130l Tar\u0131m ve Orman M\u00fcd\u00fcrl\u00fc\u011f\u00fc ve Ziraat Bankas\u0131 deste\u011fi ile hayata ge\u00e7irilecek olan projenin protokol imza t\u00f6renine Vali Su&#8217;nun yan\u0131 s\u0131ra, Ziraat Bankas\u0131 Adana Birinci B\u00f6lge Y\u00f6neticisi Ertu\u011frul \u0130spaha, \u0130l Tar\u0131m ve Orman M\u00fcd\u00fcr\u00fc Arif Abal\u0131, Ziraat Bankas\u0131 \u0130kinci B\u00f6lge Sat\u0131\u015f ve Performans Sorumlusu Ya\u015far Kahraman, Mersin Dam\u0131zl\u0131k Koyun ve Ke\u00e7i Yeti\u015ftiricileri Birli\u011fi Ba\u015fkan\u0131 Mehmet Akdo\u011fan ve di\u011fer yetkililer kat\u0131ld\u0131. Valiliklerle yap\u0131lan protokol do\u011frultusunda 81 ilde uygulanmaya ba\u015flanan proje ile ilgili olarak konu\u015fan Vali Ali \u0130hsan Su, projenin Mersin&#8217;de k\u00fc\u00e7\u00fckba\u015f hayvanc\u0131l\u0131\u011f\u0131n geli\u015ftirilmesine \u00f6nemli bir katk\u0131 sa\u011flayaca\u011f\u0131n belirterek, &#8220;\u0130limiz, her sekt\u00f6rde oldu\u011fu gibi tar\u0131m ve hayvanc\u0131l\u0131k alan\u0131nda da \u00f6nemli potansiyelleri olan bir il. \u00d6zellikle k\u00fc\u00e7\u00fckba\u015f hayvanc\u0131l\u0131ktaki mevcut potansiyelimizi daha da art\u0131rmak ve geli\u015ftirmek i\u00e7in &#8216;K\u00f6y\u00fcmde Ya\u015famak \u0130\u00e7in Bir S\u00fcr\u00fc Nedenim Var&#8217; isimli bu projeyi Ziraat Bankam\u0131zla birlikte ger\u00e7ekle\u015ftirece\u011fiz&#8221; dedi.\u00a0<\/p>\n<p>&#8220;930 bin civar\u0131nda ke\u00e7imiz var&#8221;<br \/>\n\u00a0<br \/>\nMersin&#8217;in ba\u015fta ke\u00e7i ve koyun olmak \u00fczere k\u00fc\u00e7\u00fckba\u015f hayvan yeti\u015ftiricili\u011finde \u00f6nemli bir noktada oldu\u011funu vurgulayan ve ke\u00e7i varl\u0131\u011f\u0131nda da T\u00fcrkiye birincisi oldu\u011funa vurgu yapan Su, &#8220;Koyun yeti\u015ftiricili\u011finde de bu proje ile \u00f6nemli bir at\u0131l\u0131m ger\u00e7ekle\u015ftirece\u011fiz. Bildi\u011fimiz \u00fczere 930 bin civar\u0131nda ke\u00e7imiz var, 700 bin civar\u0131nda da koyun varl\u0131\u011f\u0131m\u0131z var. Koyun varl\u0131\u011f\u0131m\u0131z\u0131 daha da artt\u0131rmak i\u00e7in bu proje \u00f6nemli bir katk\u0131 sunmu\u015f olacak&#8221; diye konu\u015ftu.\u00a0<br \/>\nProjenin k\u0131rsal kesimde ya\u015fayan ve ge\u00e7imini \u00f6zellikle k\u00fc\u00e7\u00fckba\u015f hayvanc\u0131l\u0131k yeti\u015ftiricili\u011fi ile sa\u011flayan vatanda\u015flara ciddi bir katk\u0131 sa\u011flanaca\u011f\u0131n\u0131 dile getiren Su, &#8220;Bu proje ile \u00f6ncelikle hem yerli \u0131rk\u0131m\u0131z\u0131n geli\u015ftirilmesi, artt\u0131r\u0131lmas\u0131na \u00e7ok ciddi bir fayda sa\u011flam\u0131\u015f olaca\u011f\u0131z hem de ilimiz baz\u0131nda ve b\u00f6lgesel anlamda da hayvanc\u0131l\u0131\u011f\u0131n ve hayvansal \u00fcretimin geli\u015ftirilmesine b\u00fcy\u00fck bir katk\u0131 sunmu\u015f olaca\u011f\u0131z&#8221; \u015feklinde konu\u015ftu.\u00a0<br \/>\nProje ile birlikte Mersin\u2019de k\u00fc\u00e7\u00fckba\u015f hayvan \u00fcretiminde \u00f6nemli s\u0131\u00e7ramalar ya\u015fanmas\u0131n\u0131n beklendi\u011finin alt\u0131n\u0131 \u00e7izen Su, \u201cBu proje kapsam\u0131nda hem \u00e7ift\u00e7imizle, \u00f6zel sekt\u00f6rle kamuyu bir gaye etraf\u0131nda bir araya getirmi\u015f olaca\u011f\u0131z hem de ilimizdeki \u00f6zellikle koyun varl\u0131\u011f\u0131m\u0131zdaki art\u0131\u015f\u0131n devam\u0131 sa\u011flanm\u0131\u015f olacak. Bu \u00e7er\u00e7evede ben bu projenin t\u00fcm hayvanc\u0131l\u0131kla u\u011fra\u015fan ba\u015fta Y\u00f6r\u00fcklerimiz olmak \u00fczere k\u0131rsal kesimde k\u00fc\u00e7\u00fckba\u015f hayvanc\u0131l\u0131kla u\u011fra\u015fan t\u00fcm \u00e7ift\u00e7ilerimize hay\u0131rl\u0131 u\u011furlu olmas\u0131n\u0131 diliyorum&#8221; dedi.\u00a0<br \/>\nKonu\u015fmalar\u0131n ard\u0131ndan Su ve Ziraat Bankas\u0131 Adana 1. B\u00f6lge Y\u00f6neticisi Ertu\u011frul \u0130spaha aras\u0131nda projenin protokol\u00fc imzaland\u0131.\u00a0<br \/>\nProje ile Mersin\u2019de koyun yeti\u015ftiricili\u011finin yerli ve yerel \u0131rklarla geli\u015ftirilmesi, k\u00fc\u00e7\u00fckba\u015f hayvan varl\u0131\u011f\u0131n\u0131n art\u0131r\u0131lmas\u0131, b\u00f6lgesel \u00fcst\u00fcnl\u00fcklerin ekonomik g\u00fcce d\u00f6n\u00fc\u015ft\u00fcr\u00fclmesi, b\u00f6lgesel kaynaklarla b\u00f6lgesel kalk\u0131nma-devlet, \u00fcretici, \u00f6zel sekt\u00f6r i\u015fbirli\u011finin sa\u011flanmas\u0131, k\u0131rm\u0131z\u0131 et kapasitesinin art\u0131r\u0131lmas\u0131 hedefleniyor. \u00a0\u00a0<\/p>\n","protected":false},"excerpt":{"rendered":"<p>Mersin merkez ve il\u00e7elerinde k\u00fc\u00e7\u00fckba\u015f hayvanc\u0131l\u0131\u011f\u0131n geli\u015ftirilmesi, k\u00fc\u00e7\u00fckba\u015f hayvan varl\u0131\u011f\u0131n\u0131n artt\u0131r\u0131lmas\u0131 ve k\u0131rsalda ya\u015fayan vatanda\u015flar\u0131n hayat standartlar\u0131n\u0131n y\u00fckseltilmesi ile k\u00f6yden kente g\u00f6\u00e7\u00fcn \u00f6nlenmesini hedefleyen \u201cK\u00f6y\u00fcmde Ya\u015famak \u0130\u00e7in Bir \u2018S\u00fcr\u00fc\u2019 Nedenim &hellip; <a href=\"https:\/\/akdenizolaygazetesi.com\/?p=8447\" class=\"more-link\">Devam\u0131n\u0131 Oku&#8230;<\/a><\/p>\n","protected":false},"author":1,"featured_media":0,"comment_status":"open","ping_status":"open","sticky":false,"template":"","format":"standard","meta":[],"categories":[],"tags":[],"_links":{"self":[{"href":"https:\/\/akdenizolaygazetesi.com\/index.php?rest_route=\/wp\/v2\/posts\/8447"}],"collection":[{"href":"https:\/\/akdenizolaygazetesi.com\/index.php?rest_route=\/wp\/v2\/posts"}],"about":[{"href":"https:\/\/akdenizolaygazetesi.com\/index.php?rest_route=\/wp\/v2\/types\/post"}],"author":[{"embeddable":true,"href":"https:\/\/akdenizolaygazetesi.com\/index.php?rest_route=\/wp\/v2\/users\/1"}],"replies":[{"embeddable":true,"href":"https:\/\/akdenizolaygazetesi.com\/index.php?rest_route=%2Fwp%2Fv2%2Fcomments&post=8447"}],"version-history":[{"count":0,"href":"https:\/\/akdenizolaygazetesi.com\/index.php?rest_route=\/wp\/v2\/posts\/8447\/revisions"}],"wp:attachment":[{"href":"https:\/\/akdenizolaygazetesi.com\/index.php?rest_route=%2Fwp%2Fv2%2Fmedia&parent=8447"}],"wp:term":[{"taxonomy":"category","embeddable":true,"href":"https:\/\/akdenizolaygazetesi.com\/index.php?rest_route=%2Fwp%2Fv2%2Fcategories&post=8447"},{"taxonomy":"post_tag","embeddable":true,"href":"https:\/\/akdenizolaygazetesi.com\/index.php?rest_route=%2Fwp%2Fv2%2Ftags&post=8447"}],"curies":[{"name":"wp","href":"https:\/\/api.w.org\/{rel}","templated":true}]}}