{"id":8452,"date":"2020-11-04T18:28:55","date_gmt":"2020-11-04T15:28:55","guid":{"rendered":"http:\/\/mersinekonomipolitikagazetesi.com\/?p=8452"},"modified":"2020-11-04T18:28:55","modified_gmt":"2020-11-04T15:28:55","slug":"90-duzensiz-gocmen-yakalandi","status":"publish","type":"post","link":"https:\/\/akdenizolaygazetesi.com\/?p=8452","title":{"rendered":"90 d\u00fczensiz  g\u00f6\u00e7men yakaland\u0131"},"content":{"rendered":"<p>Sahil G\u00fcvenlik Akdeniz B\u00f6lge Komutanl\u0131\u011f\u0131&#8217;na ba\u011fl\u0131 ekipler, yasa d\u0131\u015f\u0131 yollarla ba\u015fka \u00fclkelere gitmek isteyen 90 d\u00fczensiz g\u00f6\u00e7meni Mersin a\u00e7\u0131klar\u0131nda yakalad\u0131. \u00a0Sahil G\u00fcvenlik Akdeniz B\u00f6lge Komutanl\u0131\u011f\u0131 ekipleri, Mersin&#8217;in Silifke il\u00e7esi a\u00e7\u0131klar\u0131nda bal\u0131k\u00e7\u0131 teknesinde d\u00fczensiz g\u00f6\u00e7menlerin oldu\u011funun bilgisine ula\u015ft\u0131. Bunun \u00fczerine Sahil G\u00fcvenlik botlar\u0131 hemen harekete ge\u00e7erek, ihbar edilen bal\u0131k\u00e7\u0131 teknesini durdurdu. Teknede yap\u0131lan aramada 90 d\u00fczensiz g\u00f6\u00e7men ile 3 g\u00f6\u00e7men ka\u00e7ak\u00e7\u0131s\u0131 yakaland\u0131. G\u00f6\u00e7menler ve g\u00f6\u00e7men ka\u00e7ak\u00e7\u0131lar\u0131, al\u0131nan g\u00fcvenlik \u00f6nlemleri alt\u0131nda karaya \u00e7\u0131kar\u0131ld\u0131.\u00a0<br \/>\nG\u00f6\u00e7menler i\u015flemlerinin ard\u0131ndan \u0130l G\u00f6\u00e7 \u0130daresi M\u00fcd\u00fcrl\u00fc\u011f\u00fc ekiplerine teslim edilirken, 3 g\u00f6\u00e7men ka\u00e7ak\u00e7\u0131s\u0131 hakk\u0131nda ise adli i\u015flem yap\u0131ld\u0131.\u00a0<\/p>\n","protected":false},"excerpt":{"rendered":"<p>Sahil G\u00fcvenlik Akdeniz B\u00f6lge Komutanl\u0131\u011f\u0131&#8217;na ba\u011fl\u0131 ekipler, yasa d\u0131\u015f\u0131 yollarla ba\u015fka \u00fclkelere gitmek isteyen 90 d\u00fczensiz g\u00f6\u00e7meni Mersin a\u00e7\u0131klar\u0131nda yakalad\u0131. \u00a0Sahil G\u00fcvenlik Akdeniz B\u00f6lge Komutanl\u0131\u011f\u0131 ekipleri, Mersin&#8217;in Silifke il\u00e7esi a\u00e7\u0131klar\u0131nda &hellip; <a href=\"https:\/\/akdenizolaygazetesi.com\/?p=8452\" class=\"more-link\">Devam\u0131n\u0131 Oku&#8230;<\/a><\/p>\n","protected":false},"author":1,"featured_media":0,"comment_status":"open","ping_status":"open","sticky":false,"template":"","format":"standard","meta":[],"categories":[],"tags":[],"_links":{"self":[{"href":"https:\/\/akdenizolaygazetesi.com\/index.php?rest_route=\/wp\/v2\/posts\/8452"}],"collection":[{"href":"https:\/\/akdenizolaygazetesi.com\/index.php?rest_route=\/wp\/v2\/posts"}],"about":[{"href":"https:\/\/akdenizolaygazetesi.com\/index.php?rest_route=\/wp\/v2\/types\/post"}],"author":[{"embeddable":true,"href":"https:\/\/akdenizolaygazetesi.com\/index.php?rest_route=\/wp\/v2\/users\/1"}],"replies":[{"embeddable":true,"href":"https:\/\/akdenizolaygazetesi.com\/index.php?rest_route=%2Fwp%2Fv2%2Fcomments&post=8452"}],"version-history":[{"count":0,"href":"https:\/\/akdenizolaygazetesi.com\/index.php?rest_route=\/wp\/v2\/posts\/8452\/revisions"}],"wp:attachment":[{"href":"https:\/\/akdenizolaygazetesi.com\/index.php?rest_route=%2Fwp%2Fv2%2Fmedia&parent=8452"}],"wp:term":[{"taxonomy":"category","embeddable":true,"href":"https:\/\/akdenizolaygazetesi.com\/index.php?rest_route=%2Fwp%2Fv2%2Fcategories&post=8452"},{"taxonomy":"post_tag","embeddable":true,"href":"https:\/\/akdenizolaygazetesi.com\/index.php?rest_route=%2Fwp%2Fv2%2Ftags&post=8452"}],"curies":[{"name":"wp","href":"https:\/\/api.w.org\/{rel}","templated":true}]}}