{"id":8453,"date":"2020-11-04T18:28:55","date_gmt":"2020-11-04T15:28:55","guid":{"rendered":"http:\/\/mersinekonomipolitikagazetesi.com\/?p=8453"},"modified":"2020-11-04T18:28:55","modified_gmt":"2020-11-04T15:28:55","slug":"mersinde-bir-ilk","status":"publish","type":"post","link":"https:\/\/akdenizolaygazetesi.com\/?p=8453","title":{"rendered":"MERS\u0130N\u2019DE B\u0130R \u0130LK"},"content":{"rendered":"<p>Mersin\u2019in merkez il\u00e7e Akdeniz Belediyesi, kentte bir ilki ger\u00e7ekle\u015ftirerek, s\u0131n\u0131rlar\u0131 i\u00e7indeki 65 mahalle muhtarl\u0131\u011f\u0131n\u0131n elektrik, su, telefon ve internet faturalar\u0131n\u0131n 400 TL\u2019ye kadar k\u0131sm\u0131n\u0131 kar\u015f\u0131layacak.<\/p>\n<p>Mersin\u2019in merkez il\u00e7e Akdeniz Belediyesi, kentte bir ilki ger\u00e7ekle\u015ftirerek, s\u0131n\u0131rlar\u0131 i\u00e7indeki 65 mahalle muhtarl\u0131\u011f\u0131n\u0131n elektrik, su, telefon ve internet faturalar\u0131n\u0131n 400 TL\u2019ye kadar k\u0131sm\u0131n\u0131 kar\u015f\u0131layacak.\u00a0<br \/>\nAkdeniz Belediyesi, vatanda\u015flarla devlet kurumlar\u0131 aras\u0131nda k\u00f6pr\u00fc vazifesi g\u00f6ren muhtarlara yeni bir destek daha veriyor. \u00d6zellikle korona vir\u00fcs (Covid-19) pandemisi s\u00fcrecinde ekonomik olarak zor bir d\u00f6nemden ge\u00e7en muhtarlar\u0131 bir nebze rahatlatmak ad\u0131na maddi destek sunmaya karar veren Akdeniz Belediyesi, muhtarl\u0131k binalar\u0131n\u0131n fatura giderlerinin bir b\u00f6l\u00fcm\u00fcn\u00fc \u00f6deyecek.\u00a0<br \/>\nBu \u00e7er\u00e7evede, \u015eevket S\u00fcmer Mahallesi Muhtar\u0131 Abd\u00fclbaki Esen\u2019i muhtarl\u0131k binas\u0131nda ziyaret eden Akdeniz Belediye Ba\u015fkan\u0131 Muhammet Mustafa G\u00fcltak, hem mahallenin sorun ve taleplerini dinledi hem de sunacaklar\u0131 fatura deste\u011fi ile ilgili bilgi verdi.\u00a0<\/p>\n<p>\u201cElektrik, telefon, su ve internet faturalar\u0131n\u0131 biz \u00f6deyece\u011fiz\u201d\u00a0<\/p>\n<p>Ziyarette kar\u015f\u0131l\u0131kl\u0131 fikir al\u0131\u015fveri\u015finin ard\u0131ndan a\u00e7\u0131klama yapan Ba\u015fkan G\u00fcltak, fatura deste\u011finin T\u00fcrkiye\u2019de \u00e7ok az belediye taraf\u0131ndan uyguland\u0131\u011f\u0131n\u0131 s\u00f6yledi. B\u00f6yle bir destek i\u00e7in Say\u0131\u015ftay denet\u00e7ileri ile g\u00f6r\u00fc\u015ferek fikir ald\u0131\u011f\u0131n\u0131 belirten G\u00fcltak, \u201cYasal olarak da bir s\u0131k\u0131nt\u0131 yok. Muhtarl\u0131klar\u0131m\u0131za ayni destekler verebiliyoruz. 2021 b\u00fct\u00e7emizi de kontrol ettik, bu konuda \u00e7ok fazla s\u0131k\u0131nt\u0131 \u00e7ekmeyece\u011fimizi g\u00f6r\u00fcnce biz de destek vermek istedik. S\u00fcre\u00e7 pandemi ve pandeminin de uzayaca\u011f\u0131ndan dolay\u0131 muhtarlar\u0131 \u00f6nemsiyoruz. Cumhurba\u015fkan\u0131m\u0131z da muhtarlar\u0131 \u00f6nemsiyor. Cumhurba\u015fkan\u0131m\u0131z bug\u00fcne kadar muhtarlar\u0131n \u00f6zl\u00fck haklar\u0131yla ilgili bir\u00e7ok de\u011fi\u015fiklik yapt\u0131. B\u00f6lgemizde ufak tefek s\u0131k\u0131nt\u0131lar var ve muhtarlar da yo\u011fun s\u0131k\u0131nt\u0131lar \u00fczerine \u00e7al\u0131\u015f\u0131yorlar. Bundan dolay\u0131 y\u00f6netimimizle beraber d\u00fc\u015f\u00fcnd\u00fck, b\u00fct\u00e7emizi de zorlamadan muhtarlar\u0131m\u0131za fatura kar\u015f\u0131l\u0131\u011f\u0131 400 liray\u0131 ge\u00e7memek kayd\u0131yla ayni yard\u0131m yapmaya karar verdik. Bundan sonra elektrik, telefon, su ve internet gibi faturalar\u0131n\u0131 bizlere ibraz edecekler ve biz \u00f6deyece\u011fiz, onlar \u00f6demeyecekler\u201d dedi.\u00a0<\/p>\n<p>\u201cUmar\u0131m bu uygulamam\u0131z T\u00fcrkiye\u2019deki di\u011fer belediye ba\u015fkanlar\u0131na da \u00f6rnek olur\u201d<br \/>\n\u00a0<br \/>\nBu zor g\u00fcnlerinde muhtarlar\u0131n yanlar\u0131nda olmak istediklerini vurgulayan G\u00fcltak, \u201cMuhtarlar\u0131m\u0131z, mahallelerinin t\u00fcm sorunlar\u0131n\u0131 \u00e7\u00f6z\u00fcme kavu\u015fturmak i\u00e7in gece yar\u0131lar\u0131na kadar 7\/24 hizmet \u00fcretmeye \u00e7al\u0131\u015f\u0131yorlar. Biz de bu g\u00fcnlerde muhtarlar\u0131m\u0131z\u0131n yanlar\u0131nda olmak istedik. Bu g\u00fcnlerde biz herkesin yan\u0131nda yer al\u0131yoruz. Sosyal projelerde mahallelerde g\u0131da yard\u0131m\u0131ndan s\u00fct yard\u0131m\u0131na kadar bir\u00e7ok yard\u0131m yap\u0131yoruz. Mesele sadece muhtarlar de\u011fil, b\u00f6lgemizdeki t\u00fcm yap\u0131lara dokunmaya \u00e7al\u0131\u015f\u0131yoruz. Muhtarlar\u0131m\u0131z\u0131 da \u00f6nemsedi\u011fimizi buradan hissettirdik. Umar\u0131m bu uygulamam\u0131z t\u00fcm T\u00fcrkiye\u2019deki di\u011fer belediye ba\u015fkanlar\u0131na da \u00f6rnek olur\u201d diye konu\u015ftu.\u00a0<\/p>\n<p>\u201cAyl\u0131k 26 bin liral\u0131k b\u00fct\u00e7e getiriyor bize ama b\u00fct\u00e7emizde s\u0131k\u0131nt\u0131 yok\u201d<br \/>\n\u00a0<br \/>\nUygulamaya ekim ay\u0131ndan itibaren ba\u015flayacaklar\u0131 bilgisini veren Ba\u015fkan G\u00fcltak, \u201cBen belediye ba\u015fkan\u0131 oldu\u011fum s\u00fcrece de bu uygulamaya devam edece\u011fiz. 65 mahallemiz var; toplamda 26 bin liral\u0131k ayl\u0131k bir b\u00fct\u00e7e getiriyor bize ama b\u00fct\u00e7emizde bir s\u0131k\u0131nt\u0131m\u0131z yok. Dolay\u0131s\u0131yla bu paralar\u0131 muhtarlar\u0131m\u0131za vererek, hizmetlerini daha da g\u00fczel ve daha moralli yapmalar\u0131 i\u00e7in destekleyece\u011fiz\u201d ifadelerini kulland\u0131.\u00a0<\/p>\n<p>\u201cMuhtarlar\u0131m\u0131z sevin\u00e7li. Di\u011fer muhtarlar da belediye ba\u015fkanlar\u0131ndan bunu isteyecektir\u201d<br \/>\n\u00a0<br \/>\nD\u00fcn \u00e7ok fazla muhtar\u0131n kendisini arad\u0131\u011f\u0131n\u0131 ve bir ilki ger\u00e7ekle\u015ftirdi\u011fini s\u00f6ylediklerini aktaran G\u00fcltak, \u201cDo\u011frudur, T\u00fcrkiye\u2019de de\u011fil ama Mersin\u2019de bir ilk. Sevin\u00e7liler, \u00e7\u00fcnk\u00fc \u00c7aml\u0131yayla\u2019dan Anamur\u2019a kadar t\u00fcm muhtarlar bunu di\u011fer belediye ba\u015fkanlar\u0131m\u0131zdan mutlaka isteyeceklerdir. Muhtarlar\u0131m\u0131z bu uygulamadan \u00e7ok memnun. \u0130leride b\u00fct\u00e7emiz el verdik\u00e7e, imkanlar\u0131m\u0131z daha \u00e7ok artt\u0131k\u00e7a belki bu rakamlar\u0131 daha da yukar\u0131ya \u00e7ekebiliriz. Ama \u015fu an i\u00e7in ekim ay\u0131nda ba\u015flayacak ve biz belediye ba\u015fkan\u0131 oldu\u011fumuz s\u00fcrece de devam edecek\u201d dedi.\u00a0<br \/>\nDi\u011fer belediye ba\u015fkanlar\u0131n\u0131n da bu uygulamay\u0131 hayata ge\u00e7ireceklerine inand\u0131\u011f\u0131n\u0131 vurgulayan G\u00fcltak, \u015funlar\u0131 s\u00f6yledi:\u00a0<br \/>\n\u201cSonu\u00e7ta bu \u00f6nemli bir hizmet. Ben bug\u00fcn kendi b\u00fct\u00e7eme g\u00f6re rakamlar belirledim. Her belediye ba\u015fkan\u0131 da kendi b\u00fct\u00e7esine g\u00f6re rakamlar belirleyebilir. Muhtarl\u0131klar yar\u0131 kamu alan\u0131d\u0131r. Asl\u0131nda biz muhtarlar\u0131n \u00fczerinden vatanda\u015fa bir hizmet sunmu\u015f oluyoruz. Bu uygulama, sadece muhtarlara de\u011fil, t\u00fcm vatanda\u015flara yap\u0131lan bir hizmet olarak g\u00f6r\u00fclmelidir.\u201d\u00a0<br \/>\n\u015eevket S\u00fcmer Mahallesi Muhtar\u0131 Esen de uygulamay\u0131 hayata ge\u00e7iren Ba\u015fkan G\u00fcltak\u2019a te\u015fekk\u00fcr etti. Uygulaman\u0131n t\u00fcm belediyelere \u00f6rnek olmas\u0131n\u0131 dileyen Esen, \u201cZorlansak da mecburen faturalar\u0131 \u00f6deyecektik. Ama ba\u015fkan\u0131n verdi\u011fi katk\u0131ya te\u015fekk\u00fcr ediyoruz, Allah raz\u0131 olsun\u201d dedi.\u00a0<br \/>\nBa\u015fkan G\u00fcltak daha sonra Muhtar Esen ve belediye yetkilileri ile birlikte, yakla\u015f\u0131k 14 milyon liral\u0131k maliyetle yenilenen 142. Caddeye ge\u00e7erek, esnaf ziyareti ger\u00e7ekle\u015ftirdi.<\/p>\n<p>G\u00fcltak: \u201cTer\u00f6r \u00f6rg\u00fct\u00fcn\u00fcn ve uyu\u015fturucunun kol gezdi\u011fi alanda bug\u00fcn \u00e7ok \u015f\u0131k bir cadde var\u201d\u00a0<\/p>\n<p>Mersin\u2019in merkez il\u00e7e Akdeniz Belediyesi, y\u0131llarca ter\u00f6rle an\u0131lan ve halk aras\u0131nda \u2018Pazar Soka\u011f\u0131\u2019 olarak bilinen \u015eevket S\u00fcmer Mahallesi 142. Caddeyi, yakla\u015f\u0131k 14 milyon liral\u0131k yenileme \u00e7al\u0131\u015fmas\u0131yla cazibe merkezi haline getirdi. Belediye Ba\u015fkan\u0131 Mustafa G\u00fcltak, \u201cTer\u00f6r \u00f6rg\u00fct\u00fcn\u00fcn ve uyu\u015fturucunun kol gezdi\u011fi alanda bug\u00fcn bar\u0131\u015f, karde\u015flik ve \u00e7ok \u015f\u0131k bir cadde var\u201d dedi.\u00a0<br \/>\nAkdeniz Belediyesi, \u015eevket S\u00fcmer Mahallesinde yeni ve modern bir pazar yeri ile her y\u00f6n\u00fcyle estetik zenginlik ve g\u00f6rselli\u011fe sahip bir cadde kazand\u0131rd\u0131. \u015eevket S\u00fcmer ile Hal mahalleleri s\u0131n\u0131r\u0131n\u0131 belirleyen 142. Cadde \u00fczerinde ger\u00e7ekle\u015ftirilen \u2018Cephe \u0130yile\u015ftirme ve Pazar Soka\u011f\u0131 \u00c7evre D\u00fczenleme Projesi\u2019 ge\u00e7ti\u011fimiz aylarda tamamland\u0131. \u00c7ukurova Kalk\u0131nma Ajans\u0131n\u0131n (\u00c7KA) \u2018Cazibe Merkezlerini Destekleme Projesi\u2019 kapsam\u0131nda \u00e7evre d\u00fczenleme \u00e7al\u0131\u015fmalar\u0131na hibe deste\u011fi verdi\u011fi projede, cephe iyile\u015ftirme \u00e7al\u0131\u015fmalar\u0131 ise Akdeniz Belediyesi taraf\u0131ndan kar\u015f\u0131land\u0131.\u00a0<br \/>\nYa\u011fmur suyu hatt\u0131 yenilenen caddede, elektrik direkleri kald\u0131r\u0131larak hatlar yer alt\u0131na al\u0131n\u0131rken, caddeye bakan binalar\u0131n cephe boyamalar\u0131 ve tek tip giydirmeleri yap\u0131ld\u0131. Yol ve kald\u0131r\u0131mlar\u0131n yenilendi\u011fi caddede t\u00fcm d\u00fckkanlar da tek tip hale getirildi. Pazar tezgahlar\u0131 ortaya al\u0131narak \u00fczeri kapat\u0131ld\u0131 ve modern bir hale getirildi. Peyzaj \u00e7al\u0131\u015fmalar\u0131n\u0131n da yap\u0131ld\u0131\u011f\u0131 cadde, bug\u00fcn art\u0131k ter\u00f6rle de\u011fil, ge\u00e7irdi\u011fi b\u00fcy\u00fck de\u011fi\u015fimle ad\u0131ndan s\u00f6z ettiriyor.\u00a0<\/p>\n<p>Ba\u015fkan G\u00fcltak, 142. Caddeyi ziyaret etti\u00a0<\/p>\n<p>Proje \u00e7al\u0131\u015fmalar\u0131 devam ederken de s\u0131k s\u0131k caddeyi ziyaret ederek incelemelerde bulunan Akdeniz Belediye Ba\u015fkan\u0131 Muhammet Mustafa G\u00fcltak, bug\u00fcn bir kez daha 142. Caddeye giderek esnafla bir araya geldi. Belediye yetkilileri ve \u015eevket S\u00fcmer Mahallesi Muhtar\u0131 Abd\u00fclbaki Esen\u2019in de e\u015flik etti\u011fi G\u00fcltak, pazarc\u0131lar ve esnaf\u0131 gezerek, sorun, \u015fikayet ve taleplerini dinledi. Sorun ve taleplerin \u00e7\u00f6z\u00fcm\u00fc i\u00e7in ilgili birimlere talimat veren Ba\u015fkan G\u00fcltak, caddede temizlik yapan belediye i\u015f\u00e7isinin elinden s\u00fcp\u00fcrgesini alarak yol da s\u00fcp\u00fcrd\u00fc.\u00a0<\/p>\n<p>Ziyareti s\u0131ras\u0131nda gazetecilere a\u00e7\u0131klama yapan Ba\u015fkan G\u00fcltak, Pazar Soka\u011f\u0131 olarak bilinen 142. Caddenin, Mersin\u2019in ticaretinin d\u00f6nd\u00fc\u011f\u00fc caddelerden biri oldu\u011funu s\u00f6yledi. Bu caddenin ge\u00e7mi\u015fte s\u0131k\u0131nt\u0131l\u0131 oldu\u011funa dikkat \u00e7eken G\u00fcltak, \u201cBu cadde, ge\u00e7mi\u015fte bar\u0131\u015f\u0131n olmad\u0131\u011f\u0131, kavgan\u0131n oldu\u011fu, ter\u00f6r \u00f6rg\u00fct\u00fcn\u00fcn ve uyu\u015fturucunun kol gezdi\u011fi bir aland\u0131. Ama bug\u00fcn ise bar\u0131\u015f, karde\u015flik var, ticaret 24 saat devam ediyor, kepenkler kapat\u0131lm\u0131yor\u201d diye konu\u015ftu.\u00a0<\/p>\n<p>\u201cAkdeniz\u2019de de\u011fi\u015fim b\u00f6yle ba\u015flayacak\u201d<br \/>\n\u00a0<br \/>\nG\u00f6reve geldikten sonra bu \u00e7ok hareketli olan caddede yapt\u0131klar\u0131 uygulamay\u0131 anlatan G\u00fcltak, \u201cBu caddede yakla\u015f\u0131k 800 metre alanda b\u00fct\u00fcn binalar\u0131 giydirdik. Ayr\u0131ca sa\u011fl\u0131 sollu t\u00fcm d\u00fckkanlar tek tip oldu, hepsinin standard\u0131 art\u0131k ayn\u0131. Evlerde de giydirmeler ve tek standart uygulad\u0131k. Caddeyi tamamen trafi\u011fe kapatt\u0131k ve caddenin ortas\u0131nda mimarlar\u0131m\u0131z\u0131n yapt\u0131\u011f\u0131 projeyi uygulad\u0131k. Tezgahlar\u0131n tamam\u0131n\u0131 de\u011fi\u015ftirdik, g\u00f6lgelikler yapt\u0131k ve cadde a\u00e7\u0131ld\u0131. Daha \u00f6nce bu cadde daha kalabal\u0131k bir caddeydi. \u015eimdi hem pandemi kurallar\u0131na daha uygun hem daha kullan\u0131\u015fl\u0131 hem de \u00e7ok \u015f\u0131k bir cadde oldu. Buran\u0131n ge\u00e7mi\u015fini bilenler bu halini g\u00f6r\u00fcnce inanam\u0131yorlar. Akdeniz\u2019de de\u011fi\u015fim b\u00f6yle ba\u015flayacak. Karde\u015flikle bar\u0131\u015fla dostlukla sevgiyle ve fiziki de\u011fi\u015fimle Akdeniz de\u011fi\u015fmeye devam ediyor. Akdeniz\u2019de t\u00fcm insanlar her \u015feye lay\u0131klar. Biz de onlara bu hizmetleri getirmeye \u00e7al\u0131\u015f\u0131yoruz\u201d ifadelerini kulland\u0131..\u00a0<\/p>\n<p>\u201cYakla\u015f\u0131k 14 milyon liral\u0131k proje\u201d<br \/>\n\u00a0<br \/>\n\u201cYakla\u015f\u0131k 13-14 milyon liral\u0131k bir projeydi bu\u201d diyen G\u00fcltak, TBMM Plan ve B\u00fct\u00e7e Komisyonu Ba\u015fkan\u0131 L\u00fctfi Elvan ile \u00c7evre ve \u015eehircilik Bakan\u0131 Murat Kurum\u2019a da te\u015fekk\u00fcr ederek, projeyi onlar\u0131n destekleriyle ger\u00e7ekle\u015ftirdiklerini s\u00f6yledi. G\u00fcltak, \u201cCaddede kald\u0131r\u0131mdan evlere ve d\u00fckkanlara kadar her \u015fey tek tip oldu. \u0130nsanlar huzur i\u00e7inde burada gelip al\u0131\u015fveri\u015flerini yap\u0131yorlar. Esnaf\u0131 ziyaret ediyorum; genelde \u015fikayetleri yok, \u00e7ok memnun, \u00e7\u00fcnk\u00fc burada 1 liral\u0131k d\u00fckkan 2 lira oldu, iki kat\u0131na \u00e7\u0131kt\u0131. Hem gayrimenkul de\u011ferlerinde art\u0131\u015f oldu hem de insanlar merak edip buraya gelip al\u0131\u015fveri\u015f yap\u0131yor. Esnaf da pazarc\u0131 da burada ya\u015fayan vatanda\u015f da bundan memnun. Onlar memnunsa biz de tabi ki memnunuz\u201d dedi. \u00a0<\/p>\n","protected":false},"excerpt":{"rendered":"<p>Mersin\u2019in merkez il\u00e7e Akdeniz Belediyesi, kentte bir ilki ger\u00e7ekle\u015ftirerek, s\u0131n\u0131rlar\u0131 i\u00e7indeki 65 mahalle muhtarl\u0131\u011f\u0131n\u0131n elektrik, su, telefon ve internet faturalar\u0131n\u0131n 400 TL\u2019ye kadar k\u0131sm\u0131n\u0131 kar\u015f\u0131layacak. Mersin\u2019in merkez il\u00e7e Akdeniz Belediyesi, &hellip; <a href=\"https:\/\/akdenizolaygazetesi.com\/?p=8453\" class=\"more-link\">Devam\u0131n\u0131 Oku&#8230;<\/a><\/p>\n","protected":false},"author":1,"featured_media":0,"comment_status":"open","ping_status":"open","sticky":false,"template":"","format":"standard","meta":[],"categories":[],"tags":[],"_links":{"self":[{"href":"https:\/\/akdenizolaygazetesi.com\/index.php?rest_route=\/wp\/v2\/posts\/8453"}],"collection":[{"href":"https:\/\/akdenizolaygazetesi.com\/index.php?rest_route=\/wp\/v2\/posts"}],"about":[{"href":"https:\/\/akdenizolaygazetesi.com\/index.php?rest_route=\/wp\/v2\/types\/post"}],"author":[{"embeddable":true,"href":"https:\/\/akdenizolaygazetesi.com\/index.php?rest_route=\/wp\/v2\/users\/1"}],"replies":[{"embeddable":true,"href":"https:\/\/akdenizolaygazetesi.com\/index.php?rest_route=%2Fwp%2Fv2%2Fcomments&post=8453"}],"version-history":[{"count":0,"href":"https:\/\/akdenizolaygazetesi.com\/index.php?rest_route=\/wp\/v2\/posts\/8453\/revisions"}],"wp:attachment":[{"href":"https:\/\/akdenizolaygazetesi.com\/index.php?rest_route=%2Fwp%2Fv2%2Fmedia&parent=8453"}],"wp:term":[{"taxonomy":"category","embeddable":true,"href":"https:\/\/akdenizolaygazetesi.com\/index.php?rest_route=%2Fwp%2Fv2%2Fcategories&post=8453"},{"taxonomy":"post_tag","embeddable":true,"href":"https:\/\/akdenizolaygazetesi.com\/index.php?rest_route=%2Fwp%2Fv2%2Ftags&post=8453"}],"curies":[{"name":"wp","href":"https:\/\/api.w.org\/{rel}","templated":true}]}}