{"id":8454,"date":"2020-11-04T18:28:55","date_gmt":"2020-11-04T15:28:55","guid":{"rendered":"http:\/\/mersinekonomipolitikagazetesi.com\/?p=8454"},"modified":"2020-11-04T18:28:55","modified_gmt":"2020-11-04T15:28:55","slug":"buradan-cikacak-fikirler-yolumuzu-belirleyecek","status":"publish","type":"post","link":"https:\/\/akdenizolaygazetesi.com\/?p=8454","title":{"rendered":"\u2018BURADAN \u00c7IKACAK F\u0130K\u0130RLER YOLUMUZU BEL\u0130RLEYECEK\u2019"},"content":{"rendered":"<p>Demokrasi ve At\u0131l\u0131m Partisi (DEVA) Mersin \u0130l Ba\u015fkan\u0131 Cenk Cenkcimeno\u011flu, Mersin Sanayicileri ve \u0130\u015f \u0130nsanlar\u0131 Derne\u011fini (MES\u0130AD) ziyaret etti. \u0130l kurucu heyet \u00fcyelerinin de kat\u0131ld\u0131\u011f\u0131 ziyarette MES\u0130AD Ba\u015fkan\u0131 Hasan Engin ve y\u00f6netim kurulu \u00fcyeleri ile bir araya gelen Cenkcimeno\u011flu, DEVA Partisinin ilkeleri ve programlar\u0131 hakk\u0131nda bilgiler aktard\u0131.\u00a0<\/p>\n<p>MES\u0130AD \u00dcYELER\u0130NDEN SICAK KAR\u015eILAMA<\/p>\n<p>Daha \u00f6nce MES\u0130AD\u2019ta Y\u00f6netim Kurulu Ba\u015fkan Yard\u0131mc\u0131l\u0131\u011f\u0131 g\u00f6revinde de bulunan Cenkcimeno\u011flu\u2019nu a\u011f\u0131rlayan \u00a0Ba\u015fkan Hasan Engin, \u201cCenk Cenkcimeno\u011flu, MES\u0130AD\u2019ta y\u00f6netim kurulu ba\u015fkan yard\u0131mc\u0131l\u0131\u011f\u0131 g\u00f6revinde de bulunmu\u015f i\u00e7imizden birisidir. Hem siyasi y\u00f6nden hem de insani y\u00f6nden her zaman sayd\u0131\u011f\u0131m\u0131z, g\u00fcvendi\u011fimiz bir arkada\u015f\u0131m\u0131z. Kendisine \u00e7\u0131kt\u0131\u011f\u0131 bu yolda ba\u015flar\u0131lar diliyorum. \u00a0Mersin siyasetinin de b\u00f6ylesi insanlara ihtiyac\u0131 vard\u0131r. Bu g\u00f6reve gelirken \u00a0t\u00fcm \u00e7evrelerin olumlu g\u00f6r\u00fc\u015f\u00fcyle bu g\u00f6reve geldi. Ba\u015far\u0131l\u0131 olaca\u011f\u0131ndan ku\u015fkum yok\u201d dedi. Toplant\u0131ya kat\u0131lan MES\u0130AD \u00fcyeleri \u00e7\u0131kt\u0131\u011f\u0131 bu yolda \u00a0Cenkcimeno\u011flu\u2019na \u00a0ba\u015far\u0131lar dileyerek fikir ve g\u00f6r\u00fc\u015flerini payla\u015ft\u0131.\u00a0<\/p>\n<p>MES\u0130AD\u2019ta kendisini her zaman aile s\u0131cakl\u0131\u011f\u0131 i\u00e7ersinde buldu\u011funu ifade eden Ba\u015fkan Cenkcimeno\u011flu, \u201cPartimizi anlatmak ve program\u0131m\u0131z hakk\u0131nda bilgi vermek i\u00e7in ziyaretler ger\u00e7ekle\u015ftiriyoruz. Buradan edindi\u011fimiz fikirler bizim yolumuzu ve program\u0131m\u0131z\u0131 belirleyecektir\u201d dedi.\u00a0<br \/>\nDEVA Partisinde g\u00f6rev al\u0131\u015f s\u00fcreci hakk\u0131nda \u00a0bilgiler aktaran Cenk Cencimeno\u011flu konu\u015fmas\u0131nda, \u201cSay\u0131n Ali Babacan kurulu\u015f \u00e7al\u0131\u015fmalar\u0131na ba\u015flad\u0131\u011f\u0131 andan itibaren biz de i\u015fin i\u00e7erine girerek g\u00f6rev ald\u0131k. Maalesef pandemi s\u00fcreci nedeniyle y\u00fcz y\u00fcze g\u00f6r\u00fc\u015fme yerine daha \u00e7ok tele konferans yolu ile i\u015fleri g\u00f6t\u00fcrmek zorunda kald\u0131k. Haziran ay\u0131 ile birlikte birebir g\u00f6r\u00fc\u015fmelere \u00a0ba\u015flad\u0131k. \u00a06 kurucu heyet \u00fcyemizle birlikte g\u00f6revi alarak ciddi bir g\u00f6r\u00fc\u015fme trafi\u011fi ya\u015fad\u0131k. \u201d ifadelerini kulland\u0131.<\/p>\n<p>\u00a0\u2018Y\u00d6NET\u0130M KURULUMUZU RENKL\u0130 VE \u0130Y\u0130 \u0130NSANLARDAN OLU\u015eTURDUK\u2019<\/p>\n<p>Y\u00f6netim Kurulu listesini haz\u0131rlarken son derece titiz bir \u00e7al\u0131\u015fma y\u00fcr\u00fctt\u00fcklerinin alt\u0131n\u0131 \u00e7izen Cenkcimeno\u011flu, \u201c\u0130\u015finde ba\u015far\u0131l\u0131, d\u00fcr\u00fcst insanlar\u0131n oldu\u011fu bir y\u00f6netim olu\u015fturmaya \u00e7al\u0131\u015f\u0131yoruz. Gelen tepkileri g\u00f6r\u00fcnce son derece mutlu oldum. Farkl\u0131 kesimlerden s\u00f6yleyecek \u015feyleri olan ne kadar fazla say\u0131da insan varm\u0131\u015f bunu da g\u00f6rm\u00fc\u015f olduk. Bir \u00e7o\u011fu ilk kez siyasetin i\u00e7erisinde. Y\u00f6netim kurulu listemizi a\u00e7\u0131klad\u0131\u011f\u0131m\u0131zda herkes ne kadar renkli ve ba\u015far\u0131l\u0131 insan\u0131n bir arada oldu\u011funu g\u00f6recek\u201d dedi.<\/p>\n<p>T\u00fcrkiye\u2019nin \u00f6n\u00fcnde \u00e7ok \u00f6nemli problemler oldu\u011funun alt\u0131n\u0131 \u00e7izen Cenkcimeno\u011flu, \u201cE\u011fitim sistemi ile ilgili b\u00fct\u00fcn velilerin kayg\u0131lar\u0131 var. \u00c7ocuklar\u0131m\u0131z okula gidemiyor gidemedikleri, i\u00e7in de \u00f6nlerini g\u00f6rememek kayg\u0131lar\u0131n\u0131 daha da art\u0131yor.Bir di\u011fer konu sa\u011fl\u0131k. Ge\u00e7ti\u011fimiz g\u00fcnlerde Mersin Ticaret ve Sanayi Odas\u0131n\u0131n sa\u011fl\u0131k sekt\u00f6r\u00fcyle ilgili a\u00e7\u0131klamas\u0131n\u0131 genel merkezimize g\u00f6nderdik. Onlar da hemen yay\u0131nlad\u0131lar. Asl\u0131nda tabandan gelen taleplere ne denli dikkat edildi\u011finin en \u00f6nemli g\u00f6stergesi.\u201d\u00a0<\/p>\n<p>\u00a0\u2018\u00dcLKEDE G\u00dcVEN VARSA YATIRIM GEL\u0130R\u2019<\/p>\n<p>\u201cYat\u0131r\u0131m g\u00fcvenin oldu\u011fu yere gelir. Bu g\u00fcveni sa\u011flayacak ad\u0131mlar\u0131 h\u0131zla ataca\u011f\u0131z\u201d diyen Cenkcimeno\u011flu, ekonomiyi k\u0131sa s\u00fcrede d\u00fczeltecek re\u00e7etenin haz\u0131r oldu\u011funa vurgu yapt\u0131. Partisinin ilkeleri \u00e7er\u00e7evesinde \u00f6nlerine \u00fc\u00e7 ana hedef koyduklar\u0131n\u0131 belirten Cenkcimeno\u011flu, \u201cPartinin \u00fc\u00e7 ana etkeni var. Kesinlikle y\u00f6n\u00fcm\u00fcz Bat\u0131ya d\u00f6n\u00fck olacak. Bat\u0131 derken burada kas\u0131t, medeniyet kast\u0131. Benim de son derece \u00f6nem verdi\u011fim \u015fey parlamenter sisteme geri d\u00f6n\u00fclecek olmas\u0131. Bir di\u011fer \u00f6nemli husus ise adalet sisteminin yeniden sa\u011fl\u0131kl\u0131 bir \u015fekilde \u00e7al\u0131\u015facak olmas\u0131. Yasalar \u00f6n\u00fcnde herkes yeniden e\u015fit olacak. Say\u0131n Ali Babacan da buna dikkat \u00e7ekmek i\u00e7in 6 ay i\u00e7erinde ekonominin d\u00fczelece\u011fini s\u00f6yl\u00fcyor. Yani adalet sitemi d\u00fczelirse yat\u0131r\u0131mc\u0131ya g\u00fcven gelir ve ekonomik d\u00fczelme de onunla birlikte gelir\u201d diye konu\u015ftu.<\/p>\n","protected":false},"excerpt":{"rendered":"<p>Demokrasi ve At\u0131l\u0131m Partisi (DEVA) Mersin \u0130l Ba\u015fkan\u0131 Cenk Cenkcimeno\u011flu, Mersin Sanayicileri ve \u0130\u015f \u0130nsanlar\u0131 Derne\u011fini (MES\u0130AD) ziyaret etti. \u0130l kurucu heyet \u00fcyelerinin de kat\u0131ld\u0131\u011f\u0131 ziyarette MES\u0130AD Ba\u015fkan\u0131 Hasan Engin &hellip; <a href=\"https:\/\/akdenizolaygazetesi.com\/?p=8454\" class=\"more-link\">Devam\u0131n\u0131 Oku&#8230;<\/a><\/p>\n","protected":false},"author":1,"featured_media":0,"comment_status":"open","ping_status":"open","sticky":false,"template":"","format":"standard","meta":[],"categories":[],"tags":[],"_links":{"self":[{"href":"https:\/\/akdenizolaygazetesi.com\/index.php?rest_route=\/wp\/v2\/posts\/8454"}],"collection":[{"href":"https:\/\/akdenizolaygazetesi.com\/index.php?rest_route=\/wp\/v2\/posts"}],"about":[{"href":"https:\/\/akdenizolaygazetesi.com\/index.php?rest_route=\/wp\/v2\/types\/post"}],"author":[{"embeddable":true,"href":"https:\/\/akdenizolaygazetesi.com\/index.php?rest_route=\/wp\/v2\/users\/1"}],"replies":[{"embeddable":true,"href":"https:\/\/akdenizolaygazetesi.com\/index.php?rest_route=%2Fwp%2Fv2%2Fcomments&post=8454"}],"version-history":[{"count":0,"href":"https:\/\/akdenizolaygazetesi.com\/index.php?rest_route=\/wp\/v2\/posts\/8454\/revisions"}],"wp:attachment":[{"href":"https:\/\/akdenizolaygazetesi.com\/index.php?rest_route=%2Fwp%2Fv2%2Fmedia&parent=8454"}],"wp:term":[{"taxonomy":"category","embeddable":true,"href":"https:\/\/akdenizolaygazetesi.com\/index.php?rest_route=%2Fwp%2Fv2%2Fcategories&post=8454"},{"taxonomy":"post_tag","embeddable":true,"href":"https:\/\/akdenizolaygazetesi.com\/index.php?rest_route=%2Fwp%2Fv2%2Ftags&post=8454"}],"curies":[{"name":"wp","href":"https:\/\/api.w.org\/{rel}","templated":true}]}}