{"id":8459,"date":"2020-11-04T18:28:55","date_gmt":"2020-11-04T15:28:55","guid":{"rendered":"http:\/\/mersinekonomipolitikagazetesi.com\/?p=8459"},"modified":"2020-11-04T18:28:55","modified_gmt":"2020-11-04T15:28:55","slug":"biz-hala-yandasa-ihaleler-verip-batti-cikti-yaparken-dunya-yollari-kapatip-insanlara-mekan-yapiyor","status":"publish","type":"post","link":"https:\/\/akdenizolaygazetesi.com\/?p=8459","title":{"rendered":"Biz hala yanda\u015fa ihaleler verip batt\u0131 \u00e7\u0131kt\u0131 yaparken D\u00dcNYA YOLLARI KAPATIP \u0130NSANLARA \u2018MEKAN\u2019 YAPIYOR"},"content":{"rendered":"<p>\u00a0Mimar Abdullah Y\u0131lmaz, kentteki otomobil kalabal\u0131\u011f\u0131n\u0131n azalt\u0131lmas\u0131 ve \u015fehir i\u00e7erisinde yap\u0131lacak olan yat\u0131r\u0131mlar\u0131n insan odakl\u0131 olmas\u0131 gerekti\u011fini belirtti. Y\u0131lmaz, \u201cOtopark harc\u0131 ad\u0131 alt\u0131nda toplanan paralar\u0131 otomobillere de\u011fil, otomobillerin de\u011fersizle\u015ftirdi\u011fi kentlere ve kentteki insanlara da harcamad\u0131lar.\u2019\u2019 dedi.<br \/>\n\u00a0<br \/>\nGeli\u015fmi\u015f \u00fclke ve toplumlarda otomobil kullan\u0131m\u0131n\u0131n azalt\u0131lmas\u0131 i\u00e7in \u00e7al\u0131\u015fmalar yap\u0131ld\u0131\u011f\u0131n\u0131 ve kentteki insanlara y\u00f6nelik \u00e7al\u0131\u015fma bilincine sahip yerel y\u00f6neticilerin bu y\u00f6nde hareket etti\u011fini dile getiren Mimar Abdullah Y\u0131lmaz, \u201cD\u00fcnyan\u0131n \u00e7a\u011fda\u015f kentlerinde otomobiller g\u00f6zden d\u00fc\u015f\u00fcyor. Kentler yeniden insanlar i\u00e7in d\u00fczenlenmeye ba\u015flan\u0131yor. Bizde ise batt\u0131 \u00e7\u0131kt\u0131ya devam. Tabi ki liyakat vizyon ve misyon sahibi yerel y\u00f6neticileri ayr\u0131 tutmak laz\u0131m.\u2019\u2019 dedi.<br \/>\n\u00a0<br \/>\n\u2018\u2019Ta\u015f\u0131t trafik h\u0131z\u0131n\u0131 artt\u0131rmak i\u00e7in batt\u0131-\u00e7\u0131kt\u0131 in\u015fa etmeye devam ediyor!\u2019\u2019<\/p>\n<p>\u0130ngiltere\u2019den \u00f6rnek veren ve yap\u0131lan \u00e7al\u0131\u015fmalar\u0131 de\u011ferlendiren Y\u0131lmaz, \u201cLondra Belediye Ba\u015fkan\u0131 m\u00fcjdeyi veriyor. T\u00fcm Londra merkezde belediyeye ait yollarda motorlu ta\u015f\u0131t trafik h\u0131zlar\u0131 saatte 30 milden yani 48 kilometre saatten, 20 mile 32 kilometre saate d\u00fc\u015f\u00fcr\u00fcl\u00fcyor. Bizim kentlilik bilincinden yoksun, bilimselli\u011fe kapal\u0131 belediye ba\u015fkanlar\u0131m\u0131z\u0131n baz\u0131lar\u0131, hala \u00f6v\u00fcnerek batt\u0131-\u00e7\u0131kt\u0131 ihaleleri a\u00e7\u0131p ta\u015f\u0131t trafik h\u0131z\u0131n\u0131 artt\u0131rmak i\u00e7in batt\u0131-\u00e7\u0131kt\u0131 in\u015fa etmeye devam ediyor. H\u0131z s\u0131n\u0131r\u0131n\u0131 70 kilometre saat \u00a0g\u00f6sterip y\u00fczde 10 a\u015fma pay\u0131 var diye 80 kilometre saat oldu diyerek seviniyorlar.\u2019\u2019 diyerek ele\u015ftirdi.<br \/>\n\u00a0<br \/>\n\u201cOtopark sorunu da \u00e7\u00f6z\u00fcme kavu\u015fmad\u0131..!\u201d<\/p>\n<p>Kent in\u015fas\u0131nda otopark sorununun da \u00e7\u00f6z\u00fcme kavu\u015fmad\u0131\u011f\u0131n\u0131 vurgulayan Y\u0131lmaz, \u2018\u2019Bizde insan hayat\u0131n\u0131n ve sa\u011fl\u0131\u011f\u0131n\u0131n de\u011feri bu kadar. Y\u0131llard\u0131r belediyeler, \u2018al g\u00fcl\u00fcm, ver g\u00fcl\u00fcm\u2019 yakla\u015f\u0131m\u0131yla in\u015faat yapanlardan otopark kat\u0131l\u0131m pay\u0131 al\u0131r sonra da b\u00f6lge otoparklar\u0131n\u0131 yapmazlard\u0131, yapmamaya da devam ediyorlar. Belediyeler, kentlerimizde otoparks\u0131z binalardan, olmas\u0131 gereken say\u0131 kadar otopark paras\u0131 alarak in\u015faat ruhsatlar\u0131 verdiler, toplad\u0131klar\u0131 paralar\u0131 amac\u0131 d\u0131\u015f\u0131nda kullan\u0131p, kentleri \u2018cehenneme\u2019 \u00e7evirdiler.\u2019\u2019 dedi.<br \/>\n\u00a0<br \/>\n\u201c Yerel y\u00f6neticilerin art\u0131k at g\u00f6zl\u00fcklerini \u00e7\u0131karmalar\u0131 laz\u0131m\u201d<\/p>\n<p>Y\u0131lmaz, \u2018\u2019Halk\u0131n kat\u0131l\u0131mc\u0131l\u0131\u011f\u0131n\u0131n olmad\u0131\u011f\u0131 \u0130nsan odakl\u0131 olmayan, ta\u015f\u0131t trafik temal\u0131, ki\u015fisel rant temal\u0131 \u015fehir planlar\u0131yla, otomobillerin kirletti\u011fi havay\u0131 temizleyecek ye\u015fil alanlar\u0131, yok ettiler. Kamu yarar\u0131 i\u00e7in de\u011fil organizat\u00f6rlerin ki\u015fisel rantlar\u0131 i\u00e7in k\u00fc\u00e7\u00fck, b\u00fcy\u00fck sanayi, 2. el oto al\u0131m merkezleri gibi adlarla kenti, ye\u015fili ya\u011fmalad\u0131lar, pe\u015fke\u015f \u00e7ektiler. Otopark harc\u0131 ad\u0131 alt\u0131nda toplanan paralar\u0131 otomobillere de\u011fil, otomobillerin de\u011fersizle\u015ftirdi\u011fi kentlere ve kentteki insanlara da harcamad\u0131lar. Yerel y\u00f6neticilerin art\u0131k at g\u00f6zl\u00fcklerini \u00e7\u0131karmalar\u0131 laz\u0131m. Art\u0131k t\u00fcm d\u00fcnya kentlerinde otomobiller g\u00f6zden d\u00fc\u015f\u00fcyor kentler yeniden insanlar i\u00e7in d\u00fczenlenmeye ba\u015flan\u0131yor. Biz hala, davetiye \u00e7\u0131kart\u0131p yanda\u015fa ihale verip, yanda\u015flar\u0131n alk\u0131\u015flad\u0131\u011f\u0131 t\u00f6renlerle, batt\u0131 \u00e7\u0131kt\u0131 yap\u0131p, ta\u015f\u0131tlara yeni ve h\u0131zl\u0131 yollar a\u00e7arken d\u00fcnya yollar\u0131 kapat\u0131p, kent merkezini yayala\u015ft\u0131r\u0131l\u0131rken, insanlara \u2018mekan\u2019 yap\u0131yor.\u2019\u2019 ifadelerini kulland\u0131.<\/p>\n","protected":false},"excerpt":{"rendered":"<p>\u00a0Mimar Abdullah Y\u0131lmaz, kentteki otomobil kalabal\u0131\u011f\u0131n\u0131n azalt\u0131lmas\u0131 ve \u015fehir i\u00e7erisinde yap\u0131lacak olan yat\u0131r\u0131mlar\u0131n insan odakl\u0131 olmas\u0131 gerekti\u011fini belirtti. Y\u0131lmaz, \u201cOtopark harc\u0131 ad\u0131 alt\u0131nda toplanan paralar\u0131 otomobillere de\u011fil, otomobillerin de\u011fersizle\u015ftirdi\u011fi kentlere &hellip; <a href=\"https:\/\/akdenizolaygazetesi.com\/?p=8459\" class=\"more-link\">Devam\u0131n\u0131 Oku&#8230;<\/a><\/p>\n","protected":false},"author":1,"featured_media":0,"comment_status":"open","ping_status":"open","sticky":false,"template":"","format":"standard","meta":[],"categories":[],"tags":[],"_links":{"self":[{"href":"https:\/\/akdenizolaygazetesi.com\/index.php?rest_route=\/wp\/v2\/posts\/8459"}],"collection":[{"href":"https:\/\/akdenizolaygazetesi.com\/index.php?rest_route=\/wp\/v2\/posts"}],"about":[{"href":"https:\/\/akdenizolaygazetesi.com\/index.php?rest_route=\/wp\/v2\/types\/post"}],"author":[{"embeddable":true,"href":"https:\/\/akdenizolaygazetesi.com\/index.php?rest_route=\/wp\/v2\/users\/1"}],"replies":[{"embeddable":true,"href":"https:\/\/akdenizolaygazetesi.com\/index.php?rest_route=%2Fwp%2Fv2%2Fcomments&post=8459"}],"version-history":[{"count":0,"href":"https:\/\/akdenizolaygazetesi.com\/index.php?rest_route=\/wp\/v2\/posts\/8459\/revisions"}],"wp:attachment":[{"href":"https:\/\/akdenizolaygazetesi.com\/index.php?rest_route=%2Fwp%2Fv2%2Fmedia&parent=8459"}],"wp:term":[{"taxonomy":"category","embeddable":true,"href":"https:\/\/akdenizolaygazetesi.com\/index.php?rest_route=%2Fwp%2Fv2%2Fcategories&post=8459"},{"taxonomy":"post_tag","embeddable":true,"href":"https:\/\/akdenizolaygazetesi.com\/index.php?rest_route=%2Fwp%2Fv2%2Ftags&post=8459"}],"curies":[{"name":"wp","href":"https:\/\/api.w.org\/{rel}","templated":true}]}}