{"id":8460,"date":"2020-11-04T18:28:55","date_gmt":"2020-11-04T15:28:55","guid":{"rendered":"http:\/\/mersinekonomipolitikagazetesi.com\/?p=8460"},"modified":"2020-11-04T18:28:55","modified_gmt":"2020-11-04T15:28:55","slug":"peynirler-magaralardan-cikariliyor","status":"publish","type":"post","link":"https:\/\/akdenizolaygazetesi.com\/?p=8460","title":{"rendered":"Peynirler ma\u011faralardan \u00e7\u0131kar\u0131l\u0131yor"},"content":{"rendered":"<p>Mut il\u00e7esinde geleneksel y\u00f6ntemlerle \u00fcretilen &#8220;K\u0131z\u0131lova Obruk Peyniri&#8221;, olgunla\u015fmas\u0131 ve lezzetini almas\u0131n\u0131n ard\u0131ndan yakla\u015f\u0131k 5 ay sonra ma\u011faradan \u00e7\u0131kar\u0131lmaya ba\u015fland\u0131. Mut Kaymakam\u0131 Muammer K\u00f6ken, d\u00fczenlenen etkinlikte, obruk peynirinin uzun y\u0131llard\u0131r b\u00f6lgede \u00fcretildi\u011fini belirterek, &#8220;3 kilo ve 5 kilo derilerde i\u015flenen peynirler yakla\u015f\u0131k 10 ton kapasiteli do\u011fal obrukta olu\u015fumu tamamland\u0131. Mut obruk peynirini tan\u0131tmak amac\u0131yla, \u00fcretim kalitesini y\u00fckseltmek, markala\u015farak sekt\u00f6rde talep edilen bir \u00fcr\u00fcn haline getirmek i\u00e7in \u201dK\u0131z\u0131lova Obruk Peyniri\u201d \u00fcretimine ba\u015flanm\u0131\u015ft\u0131. Hava s\u0131cakl\u0131\u011f\u0131n\u0131n s\u0131f\u0131r\u0131n alt\u0131nda 5 derece oldu\u011fu bu obruklar, \u00fcr\u00fcnler i\u00e7in do\u011fal so\u011futma sa\u011flad\u0131. \u015eimdi ise bu ma\u011faralardan obruk peynirleri \u00e7\u0131kar\u0131lmaya ba\u015fland\u0131\u201d dedi.\u00a0<br \/>\n\u0130l\u00e7ede y\u0131llard\u0131r yap\u0131lan obruk peynirinin markala\u015fmas\u0131 i\u00e7in \u00e7al\u0131\u015fan y\u00f6re halk\u0131n\u0131n, \u00fcretimlerini art\u0131rabilmek i\u00e7in Hac\u0131ahmetli Mahallesindeki eski sa\u011fl\u0131k oca\u011f\u0131n\u0131n tesise d\u00f6n\u00fc\u015ft\u00fcr\u00fcld\u00fc\u011f\u00fcn\u00fc belirten Kaymakam K\u00f6ken, markala\u015fma ve katma de\u011fer \u00fcretme anlam\u0131nda \u00f6nemli bir ad\u0131m at\u0131ld\u0131\u011f\u0131na dikkat \u00e7ekti. \u00a0<\/p>\n","protected":false},"excerpt":{"rendered":"<p>Mut il\u00e7esinde geleneksel y\u00f6ntemlerle \u00fcretilen &#8220;K\u0131z\u0131lova Obruk Peyniri&#8221;, olgunla\u015fmas\u0131 ve lezzetini almas\u0131n\u0131n ard\u0131ndan yakla\u015f\u0131k 5 ay sonra ma\u011faradan \u00e7\u0131kar\u0131lmaya ba\u015fland\u0131. Mut Kaymakam\u0131 Muammer K\u00f6ken, d\u00fczenlenen etkinlikte, obruk peynirinin uzun y\u0131llard\u0131r &hellip; <a href=\"https:\/\/akdenizolaygazetesi.com\/?p=8460\" class=\"more-link\">Devam\u0131n\u0131 Oku&#8230;<\/a><\/p>\n","protected":false},"author":1,"featured_media":0,"comment_status":"open","ping_status":"open","sticky":false,"template":"","format":"standard","meta":[],"categories":[],"tags":[],"_links":{"self":[{"href":"https:\/\/akdenizolaygazetesi.com\/index.php?rest_route=\/wp\/v2\/posts\/8460"}],"collection":[{"href":"https:\/\/akdenizolaygazetesi.com\/index.php?rest_route=\/wp\/v2\/posts"}],"about":[{"href":"https:\/\/akdenizolaygazetesi.com\/index.php?rest_route=\/wp\/v2\/types\/post"}],"author":[{"embeddable":true,"href":"https:\/\/akdenizolaygazetesi.com\/index.php?rest_route=\/wp\/v2\/users\/1"}],"replies":[{"embeddable":true,"href":"https:\/\/akdenizolaygazetesi.com\/index.php?rest_route=%2Fwp%2Fv2%2Fcomments&post=8460"}],"version-history":[{"count":0,"href":"https:\/\/akdenizolaygazetesi.com\/index.php?rest_route=\/wp\/v2\/posts\/8460\/revisions"}],"wp:attachment":[{"href":"https:\/\/akdenizolaygazetesi.com\/index.php?rest_route=%2Fwp%2Fv2%2Fmedia&parent=8460"}],"wp:term":[{"taxonomy":"category","embeddable":true,"href":"https:\/\/akdenizolaygazetesi.com\/index.php?rest_route=%2Fwp%2Fv2%2Fcategories&post=8460"},{"taxonomy":"post_tag","embeddable":true,"href":"https:\/\/akdenizolaygazetesi.com\/index.php?rest_route=%2Fwp%2Fv2%2Ftags&post=8460"}],"curies":[{"name":"wp","href":"https:\/\/api.w.org\/{rel}","templated":true}]}}