{"id":8463,"date":"2020-11-04T18:28:55","date_gmt":"2020-11-04T15:28:55","guid":{"rendered":"http:\/\/mersinekonomipolitikagazetesi.com\/?p=8463"},"modified":"2020-11-04T18:28:55","modified_gmt":"2020-11-04T15:28:55","slug":"meu-ogrencileri-staj-seferberligi-programiyla-staj-yapiyor","status":"publish","type":"post","link":"https:\/\/akdenizolaygazetesi.com\/?p=8463","title":{"rendered":"ME\u00dc \u00f6\u011frencileri, Staj Seferberli\u011fi Program\u0131yla  staj yap\u0131yor"},"content":{"rendered":"<p>Mersin \u00dcniversitesinden (ME\u00dc) 14 \u00f6\u011frenci, Kariyer Merkezi arac\u0131l\u0131\u011f\u0131yla Staj Seferberli\u011fi Program\u0131ndan yararlanarak farkl\u0131 kurumlarda staj yapma imkan\u0131 elde etti. Kariyer Merkezi M\u00fcd\u00fcr\u00fc Prof. Dr. \u0130lhan Ege, \u00f6\u011frencileri ve mezunlar\u0131 bu staj f\u0131rsat\u0131n\u0131 de\u011ferlendirmeye \u00e7a\u011f\u0131rd\u0131.\u00a0<br \/>\nCumhurba\u015fkanl\u0131\u011f\u0131 \u0130nsan Kaynaklar\u0131 Ofisi Ba\u015fkanl\u0131\u011f\u0131 koordinasyonunda; bakanl\u0131klar, bakanl\u0131klara ba\u011fl\u0131 ilgili, ili\u015fkili kurulu\u015flar ve \u00f6zel sekt\u00f6rden g\u00f6n\u00fcll\u00fc i\u015fverenler i\u015f birli\u011finde Hazine ve Maliye Bakanl\u0131\u011f\u0131n\u0131n destekleriyle \u00fcniversite \u00f6\u011frencilerine y\u00f6nelik haz\u0131rlanan Staj Seferberli\u011fi Program\u0131ndan ME\u00dc \u00f6\u011frencileri de yararland\u0131.\u00a0<br \/>\nME\u00dc Kariyer Merkezi M\u00fcd\u00fcr\u00fc Prof. Dr. \u0130lhan Ege, konuya ili\u015fkin yapt\u0131\u011f\u0131 a\u00e7\u0131klamada, Cumhurba\u015fkanl\u0131\u011f\u0131 \u0130nsan Kaynaklar\u0131 Ofisi Ba\u015fkanl\u0131\u011f\u0131 koordinasyonunda bir\u00e7ok projeye imza at\u0131ld\u0131\u011f\u0131n\u0131 s\u00f6yledi. Ege, \u201cMerkezimiz olarak \u00f6\u011frenci ve mezunlar\u0131m\u0131za faydal\u0131 olacak her t\u00fcrl\u00fc projede yer almaya \u00e7al\u0131\u015f\u0131yoruz. \u00d6\u011frencilerimizin ve mezunlar\u0131m\u0131z\u0131n ba\u015far\u0131s\u0131 bizi mutlu etmektedir ve temel amac\u0131m\u0131z \u00f6\u011frencilerimizin yetkinliklerini art\u0131rarak, ba\u015far\u0131l\u0131 ve topluma faydal\u0131 bireyler olmalar\u0131na katk\u0131 sa\u011flamakt\u0131r\u201d dedi.\u00a0<\/p>\n<p>\u201c14 \u00f6\u011frencimiz farkl\u0131 kurumlarda staj yapma imkan\u0131 elde etti\u201d<br \/>\n\u00a0<br \/>\nStaj Seferberli\u011fi Program\u0131na ME\u00dc M\u00fchendislik, \u0130ktisadi ve \u0130dari Bilimler, Mimarl\u0131k Fak\u00fclteleri, Erdemli Uygulamal\u0131 Teknoloji ve \u0130\u015fletmecilik Y\u00fcksekokulundan 55 \u00f6\u011frencinin ba\u015fvuru yapt\u0131\u011f\u0131n\u0131 belirten Prof. Dr. Ege, \u201cBu \u00f6\u011frencilerimizden 14&#8217;\u00fc, de\u011ferlendirme sonucunda farkl\u0131 kurumlarda staj yapma imkan\u0131 elde etmi\u015ftir. \u00d6rne\u011fin \u0130ktisadi ve \u0130dari Bilimler Fak\u00fcltesi Maliye B\u00f6l\u00fcm\u00fc \u00f6\u011frencileri S\u00fcmeyye Do\u011fan, \u0130rem Erdo\u011fan ve Azime Aslan, Staj Seferberli\u011fi Program\u0131na ba\u015fvurarak kurumlar taraf\u0131ndan stajyer olarak se\u00e7ilmi\u015f \u00f6\u011frencilerimizden bir ka\u00e7\u0131d\u0131r. \u00d6\u011frencilerimizi tebrik ediyoruz ve ba\u015far\u0131lar\u0131n\u0131n devam\u0131n\u0131 diliyoruz\u201d diye konu\u015ftu.\u00a0<\/p>\n<p>\u201c\u00d6\u011frencilerimizi ve mezunlar\u0131m\u0131z\u0131, platforma kay\u0131t olmaya davet ediyorum\u201d<br \/>\n\u00a0<br \/>\nEge, \u00f6\u011frenci ve mezunlara faydal\u0131 projelere her zaman destek olan Cumhurba\u015fkan\u0131m\u0131z Recep Tayyip Erdo\u011fan ba\u015fta olmak \u00fczere \u00f6\u011frencilere bu f\u0131rsat\u0131 sa\u011flayan Cumhurba\u015fkanl\u0131\u011f\u0131 \u0130nsan Kaynaklar\u0131 Ofisi Ba\u015fkanl\u0131\u011f\u0131na ve ME\u00dc Rekt\u00f6r\u00fc Prof. Dr. Ahmet \u00c7amsar\u0131\u2019ya te\u015fekk\u00fcr etti. \u00d6\u011frencilere \u00e7a\u011fr\u0131 yapan Ege, \u201c\u00d6\u011frencilerimizi ve mezunlar\u0131m\u0131z\u0131; kat\u0131l\u0131mc\u0131lara bir\u00e7ok kariyer f\u0131rsat\u0131, i\u015f ve staj olana\u011f\u0131 sunan Cumhurba\u015fkanl\u0131\u011f\u0131 \u0130nsan Kaynaklar\u0131 Ofisi Ba\u015fkanl\u0131\u011f\u0131 taraf\u0131ndan olu\u015fturulan \u2018Yetenek Kap\u0131s\u0131\u2019 platformu \u2018www.yetenekkapisi.org\u2019 adresine kay\u0131t olmaya ve platformdaki duyurular\u0131 takip etmeye davet ediyorum\u201d ifadelerini kulland\u0131. \u00a0<\/p>\n","protected":false},"excerpt":{"rendered":"<p>Mersin \u00dcniversitesinden (ME\u00dc) 14 \u00f6\u011frenci, Kariyer Merkezi arac\u0131l\u0131\u011f\u0131yla Staj Seferberli\u011fi Program\u0131ndan yararlanarak farkl\u0131 kurumlarda staj yapma imkan\u0131 elde etti. Kariyer Merkezi M\u00fcd\u00fcr\u00fc Prof. Dr. \u0130lhan Ege, \u00f6\u011frencileri ve mezunlar\u0131 bu &hellip; <a href=\"https:\/\/akdenizolaygazetesi.com\/?p=8463\" class=\"more-link\">Devam\u0131n\u0131 Oku&#8230;<\/a><\/p>\n","protected":false},"author":1,"featured_media":0,"comment_status":"open","ping_status":"open","sticky":false,"template":"","format":"standard","meta":[],"categories":[],"tags":[],"_links":{"self":[{"href":"https:\/\/akdenizolaygazetesi.com\/index.php?rest_route=\/wp\/v2\/posts\/8463"}],"collection":[{"href":"https:\/\/akdenizolaygazetesi.com\/index.php?rest_route=\/wp\/v2\/posts"}],"about":[{"href":"https:\/\/akdenizolaygazetesi.com\/index.php?rest_route=\/wp\/v2\/types\/post"}],"author":[{"embeddable":true,"href":"https:\/\/akdenizolaygazetesi.com\/index.php?rest_route=\/wp\/v2\/users\/1"}],"replies":[{"embeddable":true,"href":"https:\/\/akdenizolaygazetesi.com\/index.php?rest_route=%2Fwp%2Fv2%2Fcomments&post=8463"}],"version-history":[{"count":0,"href":"https:\/\/akdenizolaygazetesi.com\/index.php?rest_route=\/wp\/v2\/posts\/8463\/revisions"}],"wp:attachment":[{"href":"https:\/\/akdenizolaygazetesi.com\/index.php?rest_route=%2Fwp%2Fv2%2Fmedia&parent=8463"}],"wp:term":[{"taxonomy":"category","embeddable":true,"href":"https:\/\/akdenizolaygazetesi.com\/index.php?rest_route=%2Fwp%2Fv2%2Fcategories&post=8463"},{"taxonomy":"post_tag","embeddable":true,"href":"https:\/\/akdenizolaygazetesi.com\/index.php?rest_route=%2Fwp%2Fv2%2Ftags&post=8463"}],"curies":[{"name":"wp","href":"https:\/\/api.w.org\/{rel}","templated":true}]}}