{"id":8471,"date":"2020-11-04T18:28:57","date_gmt":"2020-11-04T15:28:57","guid":{"rendered":"http:\/\/mersinekonomipolitikagazetesi.com\/?p=8471"},"modified":"2020-11-04T18:28:57","modified_gmt":"2020-11-04T15:28:57","slug":"kacak-avm-marinaya-ozyigitten-destek","status":"publish","type":"post","link":"https:\/\/akdenizolaygazetesi.com\/?p=8471","title":{"rendered":"\u2018KA\u00c7AK  AVM MAR\u0130NA\u2019YA \u00d6ZY\u0130\u011e\u0130T\u2019TEN DESTEK..!"},"content":{"rendered":"<p>Mersinlilerin \u2018Ka\u00e7ak AVM Marina\u2019 olarak nitelendirdi\u011fi ve yasalara kar\u015f\u0131 geldikleri i\u00e7in tan\u0131mad\u0131\u011f\u0131 Mersin Yat Liman\u0131\u2019nda Yeni\u015fehir Belediye Ba\u015fkan\u0131 Abdullah \u00d6zyi\u011fit\u2019in bug\u00fcn bas\u0131n toplant\u0131s\u0131 yapacak olmas\u0131 tepkilere neden oldu. Mersinliler, \u2018\u2019Marina AVM\u2019nin K\u0131y\u0131 Kanunu Y\u00f6netmeli\u011fi\u2019ne ayk\u0131r\u0131 oldu\u011fu biliniyor. Marina\u2019n\u0131n tan\u0131mad\u0131\u011f\u0131 yasalara kar\u015f\u0131 yapt\u0131\u011f\u0131 uygulamalara, Ba\u015fkan \u00d6zyi\u011fit de destek mi veriyor?\u2019\u2019 diyerek tepkilerini dile getirdi.<br \/>\n\u00a0\u00a0<br \/>\nMersin\u2019de tart\u0131\u015fmalar\u0131 yo\u011fun \u015fekilde devam eden ve bir\u00e7ok ki\u015fi ile kurumun kar\u015f\u0131 \u00e7\u0131kt\u0131\u011f\u0131, mahkemelere verdi\u011fi, ka\u00e7ak yap\u0131la\u015fma ile g\u00fcndemden d\u00fc\u015fmeyen Marina Yat Liman\u0131\u2019n\u0131n Al\u0131\u015fveri\u015f Merkezi\u2019ne d\u00f6n\u00fc\u015fmesine tepkiler bitmek bitmiyor. Yeni\u015fehir Belediye Ba\u015fkan\u0131 Abdullah \u00d6zyi\u011fit\u2019in Marina\u2019da \u00f6zel bir restoranda d\u00fczenleyece\u011fi bug\u00fcnk\u00fc bas\u0131n toplant\u0131s\u0131na Mersinliler kar\u015f\u0131 \u00e7\u0131kt\u0131. Anayasa ve K\u0131y\u0131 Kanunu Y\u00f6netmeli\u011fi\u2019nin sonucunda h\u00fck\u00fcmlerle yasalara ayk\u0131r\u0131 yap\u0131la\u015fma oldu\u011fu belirtilen Marina i\u00e7in Mersinliler, \u201cYat Liman\u0131ndan bozma AVM\u2019yi bizler tepki ile dile getirirken ve bu yap\u0131la\u015fman\u0131n son bulmas\u0131 i\u00e7in \u00e7aba sarf ederken, bu konuda sami olarak yan\u0131m\u0131zda olmayan Ba\u015fkan \u00d6zyi\u011fit, bug\u00fcn toplant\u0131lar\u0131n\u0131 ve bas\u0131n a\u00e7\u0131klamalar\u0131n\u0131 orada yap\u0131yor duruma geldiyse vay halimize! Se\u00e7menlerinin de tepki g\u00f6sterdi\u011fi alan i\u00e7inde, kar\u015f\u0131 \u00e7\u0131kanlara destek olmas\u0131 ve yasalara g\u00f6re hareket etmesi gereken \u00d6zyi\u011fit\u2019in \u2018Ka\u00e7ak AVM Marina\u2019y\u0131 kabul etti\u011finin ve destekledi\u011finin g\u00f6stergesi olarak yorumlanabilir. Mersin\u2019in sahipsiz oldu\u011funu bir kez daha anlad\u0131k.\u2019\u2019 dedi.<br \/>\n\u00a0<br \/>\n\u2018\u2018T\u00fcm Mersin\u2019den destek bekliyoruz..!\u2019\u2019<br \/>\n\u00a0<br \/>\nKent i\u00e7in \u00f6nemli sorunlardan biri olan Marina AVM yap\u0131la\u015fma s\u00fcreci i\u00e7in konu\u015fan Mersinliler, \u201cKanunlar \u00e7er\u00e7evesinde al\u0131nacak kararlar\u0131 bekliyor, kimsenin g\u00f6z ard\u0131 etmemesi gereken konular\u0131n da \u00e7\u00f6z\u00fcme kavu\u015fmas\u0131 tek dile\u011fimiz. Mersine yak\u0131\u015f\u0131r ve gelece\u011fimiz i\u00e7in en \u00f6nemlisi de yasalara uygun bir karar verilmesini istiyoruz. Sivil Toplum \u00d6rg\u00fctleri ve t\u00fcm Mersin\u2019den de destek bekliyoruz.\u2019\u2019 ifadelerini kulland\u0131lar.\u00a0<\/p>\n","protected":false},"excerpt":{"rendered":"<p>Mersinlilerin \u2018Ka\u00e7ak AVM Marina\u2019 olarak nitelendirdi\u011fi ve yasalara kar\u015f\u0131 geldikleri i\u00e7in tan\u0131mad\u0131\u011f\u0131 Mersin Yat Liman\u0131\u2019nda Yeni\u015fehir Belediye Ba\u015fkan\u0131 Abdullah \u00d6zyi\u011fit\u2019in bug\u00fcn bas\u0131n toplant\u0131s\u0131 yapacak olmas\u0131 tepkilere neden oldu. Mersinliler, \u2018\u2019Marina &hellip; <a href=\"https:\/\/akdenizolaygazetesi.com\/?p=8471\" class=\"more-link\">Devam\u0131n\u0131 Oku&#8230;<\/a><\/p>\n","protected":false},"author":1,"featured_media":0,"comment_status":"open","ping_status":"open","sticky":false,"template":"","format":"standard","meta":[],"categories":[],"tags":[],"_links":{"self":[{"href":"https:\/\/akdenizolaygazetesi.com\/index.php?rest_route=\/wp\/v2\/posts\/8471"}],"collection":[{"href":"https:\/\/akdenizolaygazetesi.com\/index.php?rest_route=\/wp\/v2\/posts"}],"about":[{"href":"https:\/\/akdenizolaygazetesi.com\/index.php?rest_route=\/wp\/v2\/types\/post"}],"author":[{"embeddable":true,"href":"https:\/\/akdenizolaygazetesi.com\/index.php?rest_route=\/wp\/v2\/users\/1"}],"replies":[{"embeddable":true,"href":"https:\/\/akdenizolaygazetesi.com\/index.php?rest_route=%2Fwp%2Fv2%2Fcomments&post=8471"}],"version-history":[{"count":0,"href":"https:\/\/akdenizolaygazetesi.com\/index.php?rest_route=\/wp\/v2\/posts\/8471\/revisions"}],"wp:attachment":[{"href":"https:\/\/akdenizolaygazetesi.com\/index.php?rest_route=%2Fwp%2Fv2%2Fmedia&parent=8471"}],"wp:term":[{"taxonomy":"category","embeddable":true,"href":"https:\/\/akdenizolaygazetesi.com\/index.php?rest_route=%2Fwp%2Fv2%2Fcategories&post=8471"},{"taxonomy":"post_tag","embeddable":true,"href":"https:\/\/akdenizolaygazetesi.com\/index.php?rest_route=%2Fwp%2Fv2%2Ftags&post=8471"}],"curies":[{"name":"wp","href":"https:\/\/api.w.org\/{rel}","templated":true}]}}