{"id":8476,"date":"2020-11-04T18:28:57","date_gmt":"2020-11-04T15:28:57","guid":{"rendered":"http:\/\/mersinekonomipolitikagazetesi.com\/?p=8476"},"modified":"2020-11-04T18:28:57","modified_gmt":"2020-11-04T15:28:57","slug":"baskan-gultak-dunya-yaslilar-gununu-kutladi","status":"publish","type":"post","link":"https:\/\/akdenizolaygazetesi.com\/?p=8476","title":{"rendered":"BA\u015eKAN G\u00dcLTAK, D\u00dcNYA  YA\u015eLILAR G\u00dcN\u00dc\u2019N\u00dc KUTLADI"},"content":{"rendered":"<p>Ba\u015fkan G\u00fcltak, \u2018D\u00fcnya Ya\u015fl\u0131lar G\u00fcn\u00fc\u2019 dolay\u0131s\u0131yla yay\u0131nlad\u0131\u011f\u0131 mesaj\u0131nda; \u201cYa\u015fl\u0131lar\u0131m\u0131z\u0131n k\u0131ymetini bilelim. Ya\u015fl\u0131lar\u0131m\u0131z\u0131n ya\u015fam standard\u0131n\u0131 y\u00fckseltmek i\u00e7in elimizden gelen ne varsa yapmaya haz\u0131r\u0131z\u201d dedi.<br \/>\nAkdeniz Belediye Ba\u015fkan\u0131 M. Mustafa G\u00fcltak, 1 Ekim D\u00fcnya Ya\u015fl\u0131lar G\u00fcn\u00fc Dolay\u0131s\u0131yla bir mesaj yay\u0131nlad\u0131. \u00a0\u201cYa\u015fl\u0131lar\u0131m\u0131z; bizim atam\u0131z ve en de\u011ferli haf\u0131zam\u0131z, en k\u0131ymetli tarih hazinemizdir\u201d diyen Ba\u015fkan G\u00fcltak, \u201cYa\u015fl\u0131lar\u0131m\u0131z; milli, manevi ve k\u00fclt\u00fcrel de\u011ferlerimizi ya\u015fat\u0131p gelece\u011fe ve sonraki nesillere aktar\u0131lmas\u0131n\u0131 sa\u011flayan kadim k\u00f6pr\u00fclerdir. Ya\u015fl\u0131lar\u0131m\u0131z\u0131n k\u0131ymetini bilelim, onlar\u0131 el \u00fcst\u00fcnde tutal\u0131m. Hak ettikleri sayg\u0131y\u0131, sevgi ve h\u00fcrmeti onlara mutlaka g\u00f6sterelim\u201d diye konu\u015ftu.<br \/>\nMesaj\u0131nda; D\u00fcnya Ya\u015fl\u0131lar G\u00fcn\u00fc\u2019n\u00fc kutlayan Ba\u015fkan Mustafa G\u00fcltak, devam\u0131nda \u015fu ifadeleri kaydetti; \u201cBelediye olarak sundu\u011fumuz \u2018Evde Bak\u0131m ve Temizlik Hizmeti\u2019 ile Akdeniz\u2019de ya\u015fayan ya\u015fl\u0131, engelli ve kimsesiz binlerce insan\u0131m\u0131za ula\u015f\u0131yor; ki\u015fisel bak\u0131mlar\u0131n\u0131n yan\u0131 s\u0131ra taleplerini ve g\u00fcndelik ihtiya\u00e7lar\u0131n\u0131 da kar\u015f\u0131l\u0131yoruz.\u00a0<br \/>\nAkdeniz Belediyesi olarak, ya\u015fl\u0131lar\u0131m\u0131z\u0131n ya\u015fam standard\u0131n\u0131 y\u00fckseltmek i\u00e7in elimizden gelen ne varsa yapmaya da haz\u0131r\u0131z.<br \/>\nUnutmayal\u0131m ki bug\u00fcn\u00fcn gen\u00e7leri, yar\u0131n\u0131n ya\u015fl\u0131lar\u0131d\u0131r. Bu duygularla, rehberimiz, yol g\u00f6stericimiz olan ya\u015fl\u0131lar\u0131m\u0131z\u0131n ellerinden \u00f6p\u00fcyor, kendilerine huzur ve mutluluk i\u00e7erisinde sa\u011fl\u0131kl\u0131 \u00f6m\u00fcrler diliyorum.\u201d<br \/>\n\u00a0<\/p>\n","protected":false},"excerpt":{"rendered":"<p>Ba\u015fkan G\u00fcltak, \u2018D\u00fcnya Ya\u015fl\u0131lar G\u00fcn\u00fc\u2019 dolay\u0131s\u0131yla yay\u0131nlad\u0131\u011f\u0131 mesaj\u0131nda; \u201cYa\u015fl\u0131lar\u0131m\u0131z\u0131n k\u0131ymetini bilelim. Ya\u015fl\u0131lar\u0131m\u0131z\u0131n ya\u015fam standard\u0131n\u0131 y\u00fckseltmek i\u00e7in elimizden gelen ne varsa yapmaya haz\u0131r\u0131z\u201d dedi. Akdeniz Belediye Ba\u015fkan\u0131 M. Mustafa G\u00fcltak, 1 &hellip; <a href=\"https:\/\/akdenizolaygazetesi.com\/?p=8476\" class=\"more-link\">Devam\u0131n\u0131 Oku&#8230;<\/a><\/p>\n","protected":false},"author":1,"featured_media":0,"comment_status":"open","ping_status":"open","sticky":false,"template":"","format":"standard","meta":[],"categories":[],"tags":[],"_links":{"self":[{"href":"https:\/\/akdenizolaygazetesi.com\/index.php?rest_route=\/wp\/v2\/posts\/8476"}],"collection":[{"href":"https:\/\/akdenizolaygazetesi.com\/index.php?rest_route=\/wp\/v2\/posts"}],"about":[{"href":"https:\/\/akdenizolaygazetesi.com\/index.php?rest_route=\/wp\/v2\/types\/post"}],"author":[{"embeddable":true,"href":"https:\/\/akdenizolaygazetesi.com\/index.php?rest_route=\/wp\/v2\/users\/1"}],"replies":[{"embeddable":true,"href":"https:\/\/akdenizolaygazetesi.com\/index.php?rest_route=%2Fwp%2Fv2%2Fcomments&post=8476"}],"version-history":[{"count":0,"href":"https:\/\/akdenizolaygazetesi.com\/index.php?rest_route=\/wp\/v2\/posts\/8476\/revisions"}],"wp:attachment":[{"href":"https:\/\/akdenizolaygazetesi.com\/index.php?rest_route=%2Fwp%2Fv2%2Fmedia&parent=8476"}],"wp:term":[{"taxonomy":"category","embeddable":true,"href":"https:\/\/akdenizolaygazetesi.com\/index.php?rest_route=%2Fwp%2Fv2%2Fcategories&post=8476"},{"taxonomy":"post_tag","embeddable":true,"href":"https:\/\/akdenizolaygazetesi.com\/index.php?rest_route=%2Fwp%2Fv2%2Ftags&post=8476"}],"curies":[{"name":"wp","href":"https:\/\/api.w.org\/{rel}","templated":true}]}}