{"id":8481,"date":"2020-11-04T18:28:57","date_gmt":"2020-11-04T15:28:57","guid":{"rendered":"http:\/\/mersinekonomipolitikagazetesi.com\/?p=8481"},"modified":"2020-11-04T18:28:57","modified_gmt":"2020-11-04T15:28:57","slug":"kis-gocmenlerin-topluma-entegrasyonu-yerel-bir-sorun","status":"publish","type":"post","link":"https:\/\/akdenizolaygazetesi.com\/?p=8481","title":{"rendered":"K\u0131\u015f: &#8220;G\u00f6\u00e7menlerin  topluma entegrasyonu yerel bir sorun&#8221;"},"content":{"rendered":"<p>Mersin B\u00fcy\u00fck\u015fehir Belediye Ba\u015fkan Vekili G\u00fclcan K\u0131\u015f, \u201cG\u00f6\u00e7menlerin topluma entegrasyonun \u2018yerel\u2019 bir sorun oldu\u011funa inan\u0131yoruz\u201d dedi.\u00a0<br \/>\nG\u00fclcan K\u0131\u015f, UCLG-MEWA Sosyal \u0130\u00e7erme Komitesi ve K\u00fcresel G\u00f6\u00e7 G\u00f6rev G\u00fcc\u00fc Ba\u015fkan\u0131 olarak, \u00e7evrimi\u00e7i ortamda ger\u00e7ekle\u015fen \u201cK\u00fcresel G\u00f6\u00e7 G\u00f6rev G\u00fcc\u00fc Tan\u0131t\u0131m Toplant\u0131s\u0131\u201dna kat\u0131ld\u0131.\u00a0<br \/>\nMersin B\u00fcy\u00fck\u015fehir Belediye Ba\u015fkan\u0131 Vahap Se\u00e7er\u2019in son anda geli\u015fen program de\u011fi\u015fikli\u011fi nedeniyle toplant\u0131ya kat\u0131l\u0131m sa\u011flayamad\u0131\u011f\u0131n\u0131 belirten K\u0131\u015f, Birle\u015fmi\u015f Kentler ve Yerel Y\u00f6netimler Orta Do\u011fu ve Bat\u0131 Asya Te\u015fkilat\u0131 \u00fcyesi \u00fclkelerin temsilcilerine m\u00fcltecilerle ilgili iyi uygulama \u00f6rneklerinde Mersin\u2019den bahsetti. Uyum Masas\u0131, \u00d6\u011frenci Dan\u0131\u015fma Merkezi, Kad\u0131n Sa\u011fl\u0131\u011f\u0131 Dan\u0131\u015fma Merkezi ve g\u00fcne\u015f enerjisiyle \u00e7al\u0131\u015fan kurutma tesisi gibi B\u00fcy\u00fck\u015fehir Belediyesi b\u00fcnyesinde hayata ge\u00e7en ve ge\u00e7ecek olan baz\u0131 uygulamalardan s\u00f6z eden K\u0131\u015f, \u00fclkeleri, kimsenin geride kalmad\u0131\u011f\u0131 bir d\u00fcnyada aktif rol alacak eylemlerde bulunmaya davet etti.\u00a0<br \/>\nK\u0131\u015f, 11 Ekim 2019\u2019da UCLG-MEWA Sosyal \u0130\u00e7erme Komitesi\u2019nin Mersin\u2019de d\u00fczenlenen Ba\u015fkanl\u0131k Toplant\u0131s\u0131\u2019nda, komite b\u00fcnyesinde bir \u201cK\u00fcresel G\u00f6\u00e7 G\u00f6rev G\u00fcc\u00fc\u201dn\u00fcn kurulmas\u0131na oybirli\u011fiyle karar verildi\u011fini hat\u0131rlatt\u0131. G\u00fclcan K\u0131\u015f, 26-27 Kas\u0131m 2019\u2019da Gaziantep\u2019te d\u00fczenlenen G\u00f6\u00e7 ve Yerinden Edinmeye Y\u00f6nelik Yerel \u00c7\u00f6z\u00fcmler Uluslararas\u0131 Forumu\u2019nda \u201cK\u00fcresel G\u00f6\u00e7 G\u00f6rev G\u00fcc\u00fc\u201dn\u00fcn resmi olarak kuruldu\u011funu belirterek, \u201cUCLG-MEWA Sosyal \u0130\u00e7erme Komitesi\u2019nde g\u00f6\u00e7menlerin topluma entegrasyonun \u2018yerel\u2019 bir sorun oldu\u011funa inan\u0131yoruz\u201d dedi.\u00a0<\/p>\n<p>\u201c\u0130lgili t\u00fcm payda\u015flar aras\u0131nda sinerji yaratmay\u0131 hedefliyoruz\u201d<br \/>\n\u00a0<br \/>\nK\u00fcresel G\u00f6\u00e7 G\u00f6rev G\u00fcc\u00fc\u2019n\u00fcn g\u00f6\u00e7 y\u00f6netimi konusunda k\u00fcresel \u00e7abalara yerel d\u00fczeyde liderlik eden ve katk\u0131da bulunan \u015fehirler ile \u015fehir a\u011flar\u0131ndan olu\u015ftu\u011funu belirten K\u0131\u015f, \u00f6zel sekt\u00f6r temsilcileri, STK\u2019lar, Uluslararas\u0131 Sivil Organizasyonlar ve akademisyenlerin de \u2018g\u00f6zlemci\u2019 rol\u00fcnde yer alaca\u011f\u0131n\u0131 kaydetti. Bu kapsamda hedeflerinden s\u00f6z eden K\u0131\u015f, \u201cBu giri\u015fimle hedeflerimiz, Gaziantep Bildirgesi\u2019nde taahh\u00fct edilenleri uygulama yolculu\u011funda izleyece\u011fimiz net haritay\u0131 bizlere sa\u011flayacak bir ara\u00e7 olu\u015fturmak, ilgili t\u00fcm payda\u015flar\u0131 bir masa etraf\u0131nda toplamak, beyannameyi uygularken kar\u015f\u0131 kar\u015f\u0131ya oldu\u011fumuz zorluklar\u0131 tart\u0131\u015fmak ve ayr\u0131ca birbirimizin deneyimlerinden yararlanmak ve deneyimlerin \u00fczerine in\u015fa etmektir. Beyannamemiz do\u011frultusunda \u00e7al\u0131\u015fan di\u011fer k\u00fcresel g\u00fcndemlerle birlikte ke\u015ffetmeyi ve ilgili t\u00fcm payda\u015flar aras\u0131nda sinerji yaratmay\u0131 hedefliyoruz\u201d diye konu\u015ftu. \u00a0(\u0130HA)\u00a0<\/p>\n","protected":false},"excerpt":{"rendered":"<p>Mersin B\u00fcy\u00fck\u015fehir Belediye Ba\u015fkan Vekili G\u00fclcan K\u0131\u015f, \u201cG\u00f6\u00e7menlerin topluma entegrasyonun \u2018yerel\u2019 bir sorun oldu\u011funa inan\u0131yoruz\u201d dedi.\u00a0 G\u00fclcan K\u0131\u015f, UCLG-MEWA Sosyal \u0130\u00e7erme Komitesi ve K\u00fcresel G\u00f6\u00e7 G\u00f6rev G\u00fcc\u00fc Ba\u015fkan\u0131 olarak, \u00e7evrimi\u00e7i &hellip; <a href=\"https:\/\/akdenizolaygazetesi.com\/?p=8481\" class=\"more-link\">Devam\u0131n\u0131 Oku&#8230;<\/a><\/p>\n","protected":false},"author":1,"featured_media":0,"comment_status":"open","ping_status":"open","sticky":false,"template":"","format":"standard","meta":[],"categories":[],"tags":[],"_links":{"self":[{"href":"https:\/\/akdenizolaygazetesi.com\/index.php?rest_route=\/wp\/v2\/posts\/8481"}],"collection":[{"href":"https:\/\/akdenizolaygazetesi.com\/index.php?rest_route=\/wp\/v2\/posts"}],"about":[{"href":"https:\/\/akdenizolaygazetesi.com\/index.php?rest_route=\/wp\/v2\/types\/post"}],"author":[{"embeddable":true,"href":"https:\/\/akdenizolaygazetesi.com\/index.php?rest_route=\/wp\/v2\/users\/1"}],"replies":[{"embeddable":true,"href":"https:\/\/akdenizolaygazetesi.com\/index.php?rest_route=%2Fwp%2Fv2%2Fcomments&post=8481"}],"version-history":[{"count":0,"href":"https:\/\/akdenizolaygazetesi.com\/index.php?rest_route=\/wp\/v2\/posts\/8481\/revisions"}],"wp:attachment":[{"href":"https:\/\/akdenizolaygazetesi.com\/index.php?rest_route=%2Fwp%2Fv2%2Fmedia&parent=8481"}],"wp:term":[{"taxonomy":"category","embeddable":true,"href":"https:\/\/akdenizolaygazetesi.com\/index.php?rest_route=%2Fwp%2Fv2%2Fcategories&post=8481"},{"taxonomy":"post_tag","embeddable":true,"href":"https:\/\/akdenizolaygazetesi.com\/index.php?rest_route=%2Fwp%2Fv2%2Ftags&post=8481"}],"curies":[{"name":"wp","href":"https:\/\/api.w.org\/{rel}","templated":true}]}}