{"id":8482,"date":"2020-11-04T18:28:57","date_gmt":"2020-11-04T15:28:57","guid":{"rendered":"http:\/\/mersinekonomipolitikagazetesi.com\/?p=8482"},"modified":"2020-11-04T18:28:57","modified_gmt":"2020-11-04T15:28:57","slug":"2022-aratos-yili-olsun","status":"publish","type":"post","link":"https:\/\/akdenizolaygazetesi.com\/?p=8482","title":{"rendered":"\u201c2022 Aratos y\u0131l\u0131 olsun\u201d"},"content":{"rendered":"<p>Mersin&#8217;in Tarsus il\u00e7e Belediyesi\u2019nin, 2022\u2019nin \u201cAratos y\u0131l\u0131\u201d ilan edilmesi i\u00e7in K\u00fclt\u00fcr ve Turizm Bakanl\u0131\u011f\u0131\u2019na ba\u015fvurusunun ard\u0131ndan akademisyen, yazar ve sanat\u00e7\u0131lar da bu giri\u015fimi desteklediklerini belirten a\u00e7\u0131klamalarda bulundular.\u00a0<br \/>\nKonuyla ilgili a\u00e7\u0131klama yapan Tarsus Belediye Ba\u015fkan\u0131 Haluk Bozdo\u011fan, Tarsuslu Filozof Aratos ad\u0131na y\u0131l ilan edilmesinin \u00f6ncelikle felsefe ve ayd\u0131nlanma \u00e7abalar\u0131 ad\u0131na anlaml\u0131 olaca\u011f\u0131n\u0131 belirterek, \u201cAntik \u00c7a\u011f\u2019da ya\u015fam\u0131\u015f \u015fair, matematik\u00e7i ve g\u00f6kbilimci filozof Aratos ad\u0131na yapt\u0131\u011f\u0131m\u0131z bu giri\u015fimin akademisyenler ile gazeteci yazarlar taraf\u0131ndan desteklenmesi bizleri olduk\u00e7a mutlu etti. 2022 Aratos y\u0131l\u0131 olmal\u0131d\u0131r. Bu hareket birlikte hem Tarsus\u2019un hem de T\u00fcrkiye\u2019nin tan\u0131t\u0131lmas\u0131na da katk\u0131da bulunacakt\u0131r. Sadece antik kentler de\u011fil, bu \u00fclkenin antik \u00e7a\u011fdan bug\u00fcne kadar gelmi\u015f bilim ve sanat insanlar\u0131 ad\u0131na da y\u0131l ilan edilmeli ve k\u00fclt\u00fcr\u00fcm\u00fcz\u00fcn bir par\u00e7as\u0131 olan de\u011ferler toplumla bulu\u015fmal\u0131 ve gen\u00e7 ku\u015faklara da tan\u0131t\u0131lmal\u0131d\u0131r\u201d dedi.\u00a0<br \/>\n2022\u2019nin Aratos y\u0131l\u0131 ilan edilmesi i\u00e7in Bozdo\u011fan\u2019\u0131n \u00f6nc\u00fcl\u00fc\u011f\u00fcnde Tarsus Belediyesi\u2019nin ba\u015fvurusuna \u00e7e\u015fitli \u00fcniversitelerden akademisyenler ile yazar ve sanat\u00e7\u0131lar\u0131n K\u00fclt\u00fcr ve Turizm Bakanl\u0131\u011f\u0131\u2019nca 2022\u2019nin Aratos y\u0131l\u0131 ilan edilmesinin uygun olaca\u011f\u0131n\u0131 ifade ederek bu giri\u015fimi desteklerini bildirerek a\u00e7\u0131klamalarda bulundular. Prof. Dr. \u0130brahim Ethem Derman, yazar Remzi Karabulut, Prof. Dr. Ahmet \u00dcnal, Do\u00e7. Dr. Mustafa G\u00fcnay, Prof. Dr. Zehrag\u00fcl A\u015fk\u0131n, gazeteci-yazar U\u011fur Pi\u015fmanl\u0131k, K\u00fclt\u00fcr ve Turizm Bakanl\u0131\u011f\u0131 eski m\u00fcste\u015far yard\u0131mc\u0131s\u0131 Abdullah D\u00f6rtlemez, Prof. Dr. Harun Tepe, arkeolog H\u00fcseyin Ad\u0131belli, yazar Ay\u015fe Yetmen, Do\u00e7. Dr. Mustafa G\u00fcnay, Dr. Ali \u0130hsan \u00d6kten, Prof. Dr. Sinan \u00d6zbek, tiyatro sanat\u00e7\u0131s\u0131 ve y\u00f6netmen Kaz\u0131m G\u00fc\u00e7l\u00fc, Prof. Dr. Kamuran Elbeyo\u011flu, yazar Fazilet \u00c7ulha, Ekrem Kahraman, Prof. Dr. \u0130zzettin \u00d6nder, Prof. Dr. Mustafa \u015eahin, yazar Ayca \u00d6ztorun, Emin Karaca, Seval Deniz Karahalilo\u011flu, Ali \u00d6zen\u00e7 Prof. Dr. Ayt\u00fcl Kasapo\u011flu, tiyatro sanat\u00e7\u0131s\u0131 Orhan Ayd\u0131n, i\u00e7 mimar Semihi Vural, Prof. Dr. Do\u011fan G\u00f6\u00e7men, Do\u00e7. Dr. Muharrem A\u00e7\u0131kg\u00f6z , program yap\u0131mc\u0131s\u0131 \u0130brahim \u00d6ng\u00fc, gazeteci Sinan Do\u011fan, kooperatif\u00e7i Yasemin K\u0131r\u011f\u0131l, heykeltra\u015f Hasan Fuat Sar\u0131, \u00f6\u011fretmen Girne Ayd\u0131n, e\u011fitimci Filiz Arslan, mali m\u00fc\u015favir Mehmet Akay, foto\u011fraf sanat\u00e7\u0131s\u0131 B\u00fclent Akba\u015f, heykelt\u0131ra\u015f Hasan Canel, mali m\u00fc\u015favir Ziya Ayk\u0131n ve Prof. Dr. \u0130lter Uzel yapt\u0131klar\u0131 a\u00e7\u0131klamalarla desteklerini bildirdiler. \u00a0<\/p>\n","protected":false},"excerpt":{"rendered":"<p>Mersin&#8217;in Tarsus il\u00e7e Belediyesi\u2019nin, 2022\u2019nin \u201cAratos y\u0131l\u0131\u201d ilan edilmesi i\u00e7in K\u00fclt\u00fcr ve Turizm Bakanl\u0131\u011f\u0131\u2019na ba\u015fvurusunun ard\u0131ndan akademisyen, yazar ve sanat\u00e7\u0131lar da bu giri\u015fimi desteklediklerini belirten a\u00e7\u0131klamalarda bulundular.\u00a0 Konuyla ilgili a\u00e7\u0131klama &hellip; <a href=\"https:\/\/akdenizolaygazetesi.com\/?p=8482\" class=\"more-link\">Devam\u0131n\u0131 Oku&#8230;<\/a><\/p>\n","protected":false},"author":1,"featured_media":0,"comment_status":"open","ping_status":"open","sticky":false,"template":"","format":"standard","meta":[],"categories":[],"tags":[],"_links":{"self":[{"href":"https:\/\/akdenizolaygazetesi.com\/index.php?rest_route=\/wp\/v2\/posts\/8482"}],"collection":[{"href":"https:\/\/akdenizolaygazetesi.com\/index.php?rest_route=\/wp\/v2\/posts"}],"about":[{"href":"https:\/\/akdenizolaygazetesi.com\/index.php?rest_route=\/wp\/v2\/types\/post"}],"author":[{"embeddable":true,"href":"https:\/\/akdenizolaygazetesi.com\/index.php?rest_route=\/wp\/v2\/users\/1"}],"replies":[{"embeddable":true,"href":"https:\/\/akdenizolaygazetesi.com\/index.php?rest_route=%2Fwp%2Fv2%2Fcomments&post=8482"}],"version-history":[{"count":0,"href":"https:\/\/akdenizolaygazetesi.com\/index.php?rest_route=\/wp\/v2\/posts\/8482\/revisions"}],"wp:attachment":[{"href":"https:\/\/akdenizolaygazetesi.com\/index.php?rest_route=%2Fwp%2Fv2%2Fmedia&parent=8482"}],"wp:term":[{"taxonomy":"category","embeddable":true,"href":"https:\/\/akdenizolaygazetesi.com\/index.php?rest_route=%2Fwp%2Fv2%2Fcategories&post=8482"},{"taxonomy":"post_tag","embeddable":true,"href":"https:\/\/akdenizolaygazetesi.com\/index.php?rest_route=%2Fwp%2Fv2%2Ftags&post=8482"}],"curies":[{"name":"wp","href":"https:\/\/api.w.org\/{rel}","templated":true}]}}