{"id":8483,"date":"2020-11-04T18:28:57","date_gmt":"2020-11-04T15:28:57","guid":{"rendered":"http:\/\/mersinekonomipolitikagazetesi.com\/?p=8483"},"modified":"2020-11-04T18:28:57","modified_gmt":"2020-11-04T15:28:57","slug":"mersinde-korona-virus-denetimi-yapildi","status":"publish","type":"post","link":"https:\/\/akdenizolaygazetesi.com\/?p=8483","title":{"rendered":"Mersin&#8217;de &#8216;korona  vir\u00fcs&#8217; denetimi yap\u0131ld\u0131"},"content":{"rendered":"<p>Mersin Valisi Ali \u0130hsan Su, \u0130\u00e7i\u015fleri Bakanl\u0131\u011f\u0131&#8217;n\u0131n 81 ile g\u00f6nderdi\u011fi korona vir\u00fcs genelgesi do\u011frultusunda, maskesini tak\u0131p denetime \u00e7\u0131kt\u0131. \u0130l protokol\u00fcyle birlikte esnaf\u0131 ziyaret edip, toplu ta\u015f\u0131ma ara\u00e7lar\u0131ndaki denetimlere kat\u0131lan Vali Su, vatanda\u015flar\u0131 maske, sosyal mesafe ve hijyen konusunda uyard\u0131.<br \/>\n\u00a0<br \/>\nDenetimlerine eski Mezitli Belediyesi binas\u0131 kar\u015f\u0131s\u0131nda ba\u015flayan Vali Su&#8217;ya, \u0130l Emniyet M\u00fcd\u00fcr\u00fc Mehmet \u015eahne, Jandarma Komutan\u0131 Albay Necip \u00c7ar\u0131kc\u0131o\u011flu, Sahil G\u00fcvenlik Akdeniz B\u00f6lge Komutan\u0131 Albay O\u011fuz Bavbek ile Mezitli Belediye Ba\u015fkan\u0131 Ne\u015fet Tarhan&#8217;da e\u015flik etti. Cadde \u00fczerindeki esnaf\u0131 ziyaret ederek hem bol kazan\u00e7lar dileyen hem de maske-mesafe ve hijyen konusunda uyaran Vali Su, her konuda oldu\u011fu gibi salg\u0131n konusunda da kurallara uyman\u0131n hayat kurtard\u0131\u011f\u0131n\u0131 s\u00f6yledi. Toplu ta\u015f\u0131ma ara\u00e7lar\u0131ndaki denetimlere de kat\u0131lan Vali Su, seyahat eden yolcular\u0131 maske ve mesafe konusunda uyararak, art\u0131k T\u00fcrkiye&#8217;nin tamam\u0131nda ev d\u0131\u015f\u0131nda maske kullan\u0131m\u0131n\u0131n zorunla hale geldi\u011fi hat\u0131rlatmas\u0131nda bulundu. Su, tedbirlere uyduklar\u0131 i\u00e7in vatanda\u015flara te\u015fekk\u00fcr etti. \u00a0<\/p>\n","protected":false},"excerpt":{"rendered":"<p>Mersin Valisi Ali \u0130hsan Su, \u0130\u00e7i\u015fleri Bakanl\u0131\u011f\u0131&#8217;n\u0131n 81 ile g\u00f6nderdi\u011fi korona vir\u00fcs genelgesi do\u011frultusunda, maskesini tak\u0131p denetime \u00e7\u0131kt\u0131. \u0130l protokol\u00fcyle birlikte esnaf\u0131 ziyaret edip, toplu ta\u015f\u0131ma ara\u00e7lar\u0131ndaki denetimlere kat\u0131lan Vali &hellip; <a href=\"https:\/\/akdenizolaygazetesi.com\/?p=8483\" class=\"more-link\">Devam\u0131n\u0131 Oku&#8230;<\/a><\/p>\n","protected":false},"author":1,"featured_media":0,"comment_status":"open","ping_status":"open","sticky":false,"template":"","format":"standard","meta":[],"categories":[],"tags":[],"_links":{"self":[{"href":"https:\/\/akdenizolaygazetesi.com\/index.php?rest_route=\/wp\/v2\/posts\/8483"}],"collection":[{"href":"https:\/\/akdenizolaygazetesi.com\/index.php?rest_route=\/wp\/v2\/posts"}],"about":[{"href":"https:\/\/akdenizolaygazetesi.com\/index.php?rest_route=\/wp\/v2\/types\/post"}],"author":[{"embeddable":true,"href":"https:\/\/akdenizolaygazetesi.com\/index.php?rest_route=\/wp\/v2\/users\/1"}],"replies":[{"embeddable":true,"href":"https:\/\/akdenizolaygazetesi.com\/index.php?rest_route=%2Fwp%2Fv2%2Fcomments&post=8483"}],"version-history":[{"count":0,"href":"https:\/\/akdenizolaygazetesi.com\/index.php?rest_route=\/wp\/v2\/posts\/8483\/revisions"}],"wp:attachment":[{"href":"https:\/\/akdenizolaygazetesi.com\/index.php?rest_route=%2Fwp%2Fv2%2Fmedia&parent=8483"}],"wp:term":[{"taxonomy":"category","embeddable":true,"href":"https:\/\/akdenizolaygazetesi.com\/index.php?rest_route=%2Fwp%2Fv2%2Fcategories&post=8483"},{"taxonomy":"post_tag","embeddable":true,"href":"https:\/\/akdenizolaygazetesi.com\/index.php?rest_route=%2Fwp%2Fv2%2Ftags&post=8483"}],"curies":[{"name":"wp","href":"https:\/\/api.w.org\/{rel}","templated":true}]}}