{"id":849,"date":"2020-11-04T18:21:28","date_gmt":"2020-11-04T15:21:28","guid":{"rendered":"http:\/\/mersinekonomipolitikagazetesi.com\/?p=849"},"modified":"2020-11-04T18:21:28","modified_gmt":"2020-11-04T15:21:28","slug":"mersinde-gerginligin-yasandigi-mahalledeki-suriyeliler-tahliye-edildi","status":"publish","type":"post","link":"https:\/\/akdenizolaygazetesi.com\/?p=849","title":{"rendered":"Mersin&#8217;de gerginli\u011fin ya\u015fand\u0131\u011f\u0131 mahalledeki Suriyeliler tahliye edildi"},"content":{"rendered":"<p>Mersin&#8217;de d\u00fcn gece alacak verecek meselesi y\u00fcz\u00fcnden ya\u015fanan gerginli\u011fin ard\u0131ndan Adanal\u0131o\u011flu Mahallesi&#8217;ndeki Suriyeliler tahliye edildi.<\/p>\n<p><span style=\"font-family: Tahoma, Arial, 'Times New Roman TUR', Verdana; font-size: 15px; background-color: rgb(255, 255, 255);\">\u00dclkelerindeki i\u00e7 sava\u015ftan ka\u00e7arak merkez Akdeniz il\u00e7esi Adanal\u0131o\u011flu Mahallesi&#8217;ne yerle\u015fen ve burada tar\u0131m i\u015f\u00e7isi olarak \u00e7al\u0131\u015fan Suriyeli g\u00f6\u00e7menler ile b\u00f6lge halk\u0131 aras\u0131nda d\u00fcn gece alacak verecek meselesi y\u00fcz\u00fcnden tart\u0131\u015fma \u00e7\u0131km\u0131\u015f, 1 Suriyeli g\u00f6\u00e7menin yaraland\u0131\u011f\u0131 olaylar\u0131n b\u00fcy\u00fcmesi \u00fczerine b\u00f6lgeye \u00e7ok say\u0131da polis ekibi sevk edilmi\u015fti.<\/span><br style=\"font-family: Tahoma, Arial, 'Times New Roman TUR', Verdana; font-size: 15px; background-color: rgb(255, 255, 255);\" \/><br \/>\n<span style=\"font-family: Tahoma, Arial, 'Times New Roman TUR', Verdana; font-size: 15px; background-color: rgb(255, 255, 255);\">Akdeniz Kaymakam\u0131 Hamdi Bilge Akta\u015f ile \u0130l Emniyet M\u00fcd\u00fcr\u00fc Mehmet \u015eahne&#8217;nin giri\u015fimleriyle yat\u0131\u015ft\u0131r\u0131lan olaylar\u0131n ard\u0131ndan b\u00f6lgedeki Suriyelilerin baz\u0131lar\u0131 gece yar\u0131s\u0131 tahliye edilirken, tahliye i\u015flemlerine bug\u00fcn de devam edildi. Polisin g\u00f6zetiminde y\u00fcr\u00fct\u00fclen tahliye i\u015flemlerinde b\u00f6lgede ya\u015fayan yakla\u015f\u0131k bin civar\u0131ndaki Suriyeli \u00e7ad\u0131rlar\u0131n\u0131 s\u00f6kerken, e\u015fyalar\u0131n\u0131 da getirilen kamyonlara y\u00fckledi. Mersin B\u00fcy\u00fck\u015fehir Belediyesi de m\u00fclteciler i\u00e7in yemek da\u011f\u0131tt\u0131.<\/span><br style=\"font-family: Tahoma, Arial, 'Times New Roman TUR', Verdana; font-size: 15px; background-color: rgb(255, 255, 255);\" \/><br \/>\n<span style=\"font-family: Tahoma, Arial, 'Times New Roman TUR', Verdana; font-size: 15px; background-color: rgb(255, 255, 255);\">G\u00fcvenlik nedeniyle tahliye edilen Suriyelilerin nereye g\u00f6t\u00fcr\u00fcld\u00fc\u011f\u00fc ise a\u00e7\u0131klanmad\u0131.<\/span><\/p>\n","protected":false},"excerpt":{"rendered":"<p>Mersin&#8217;de d\u00fcn gece alacak verecek meselesi y\u00fcz\u00fcnden ya\u015fanan gerginli\u011fin ard\u0131ndan Adanal\u0131o\u011flu Mahallesi&#8217;ndeki Suriyeliler tahliye edildi. \u00dclkelerindeki i\u00e7 sava\u015ftan ka\u00e7arak merkez Akdeniz il\u00e7esi Adanal\u0131o\u011flu Mahallesi&#8217;ne yerle\u015fen ve burada tar\u0131m i\u015f\u00e7isi olarak &hellip; <a href=\"https:\/\/akdenizolaygazetesi.com\/?p=849\" class=\"more-link\">Devam\u0131n\u0131 Oku&#8230;<\/a><\/p>\n","protected":false},"author":1,"featured_media":0,"comment_status":"open","ping_status":"open","sticky":false,"template":"","format":"standard","meta":[],"categories":[],"tags":[],"_links":{"self":[{"href":"https:\/\/akdenizolaygazetesi.com\/index.php?rest_route=\/wp\/v2\/posts\/849"}],"collection":[{"href":"https:\/\/akdenizolaygazetesi.com\/index.php?rest_route=\/wp\/v2\/posts"}],"about":[{"href":"https:\/\/akdenizolaygazetesi.com\/index.php?rest_route=\/wp\/v2\/types\/post"}],"author":[{"embeddable":true,"href":"https:\/\/akdenizolaygazetesi.com\/index.php?rest_route=\/wp\/v2\/users\/1"}],"replies":[{"embeddable":true,"href":"https:\/\/akdenizolaygazetesi.com\/index.php?rest_route=%2Fwp%2Fv2%2Fcomments&post=849"}],"version-history":[{"count":0,"href":"https:\/\/akdenizolaygazetesi.com\/index.php?rest_route=\/wp\/v2\/posts\/849\/revisions"}],"wp:attachment":[{"href":"https:\/\/akdenizolaygazetesi.com\/index.php?rest_route=%2Fwp%2Fv2%2Fmedia&parent=849"}],"wp:term":[{"taxonomy":"category","embeddable":true,"href":"https:\/\/akdenizolaygazetesi.com\/index.php?rest_route=%2Fwp%2Fv2%2Fcategories&post=849"},{"taxonomy":"post_tag","embeddable":true,"href":"https:\/\/akdenizolaygazetesi.com\/index.php?rest_route=%2Fwp%2Fv2%2Ftags&post=849"}],"curies":[{"name":"wp","href":"https:\/\/api.w.org\/{rel}","templated":true}]}}