{"id":8494,"date":"2020-11-04T18:28:58","date_gmt":"2020-11-04T15:28:58","guid":{"rendered":"http:\/\/mersinekonomipolitikagazetesi.com\/?p=8494"},"modified":"2020-11-04T18:28:58","modified_gmt":"2020-11-04T15:28:58","slug":"vazgecmiyoruz","status":"publish","type":"post","link":"https:\/\/akdenizolaygazetesi.com\/?p=8494","title":{"rendered":"&#8220;VAZGE\u00c7M\u0130YORUZ!&#8221;"},"content":{"rendered":"<p>Mersin Kad\u0131n Platformu \u0130stanbul S\u00f6zle\u015fmesi eylemlerine kat\u0131lan kad\u0131nlara verilen idari para cezas\u0131 uygulamas\u0131n\u0131 protesto etti. Kad\u0131nlar, \u201cParam\u0131zla eylem yap\u0131yoruz\u201d, \u201cSokaklar\u0131 kad\u0131nlara yasaklayamazs\u0131n\u0131z\u201d yaz\u0131l\u0131 pankartlar ta\u015f\u0131rken, Mersinli kad\u0131nlar \u00a0m\u00fccadele ile kazan\u0131lan \u0130stanbul S\u00f6zle\u015fmesi\u2019ni \u201cUygulataca\u011f\u0131z!\u201d dediler.<br \/>\nMersin Kad\u0131n Platformu \u00a0\u0130stanbul S\u00f6zle\u015fmesi g\u00fcndemiyle sokaktayd\u0131. Bir bas\u0131n a\u00e7\u0131klamas\u0131 ger\u00e7ekle\u015ftiren Platform ad\u0131na a\u00e7\u0131klamay\u0131 \u00c7i\u011fdem Serin okudu. \u00a0Serin, \u201cKad\u0131n m\u00fccadelesini engelleyemeyeceksiniz. Sokaklar\u0131 kad\u0131nlara yasaklayamazs\u0131n\u0131z. Bug\u00fcn meclis a\u00e7\u0131ld\u0131 ve kad\u0131nlar olarak \u00fclkenin d\u00f6rt bir yan\u0131nda e\u015f zamanl\u0131 olarak sokaklarda takipteyiz.\u201d T\u00fcm bask\u0131lar\u0131n\u0131z ve cezalar\u0131n\u0131n\u0131z bo\u015funa. Hayatlar\u0131m\u0131za, \u0130stanbul S\u00f6zle\u015fmesi\u2019ne sahip \u00e7\u0131kmaktan vazge\u00e7miyoruz. G\u00f6zalt\u0131larla, bask\u0131larla, cezalarla kad\u0131n \u00f6zg\u00fcrl\u00fck m\u00fccadelesini engelleyemeyeceksiniz! Kad\u0131nlar sokakta, alanlarda, meydanlarda olmaya, itaat naralar\u0131n\u0131za kar\u015f\u0131 \u00f6zg\u00fcrl\u00fck sloganlar\u0131m\u0131zla kar\u015f\u0131n\u0131zda olmaya devam edece\u011fiz! Vazge\u00e7miyoruz!&#8221; dedi.<\/p>\n<p>FA\u0130LLER SERBEST BIRAKILIYOR!<\/p>\n<p>\u0130ktidar\u0131n \u015fiddet ve cinayet faillerini korud\u011funu savunan Serin, \u201c18 ya\u015f\u0131ndaki \u0130pek Er\u2019e tecav\u00fcz eden ve intihar\u0131na neden olan Uzman \u00c7avu\u015f Musa Orhan kad\u0131nlar\u0131n tepkisiyle tutukland\u0131 sonra serbest b\u0131rak\u0131ld\u0131. Evinde \u00f6l\u00fc bulunan Aleyna \u00c7ak\u0131r\u2019\u0131n cinayet zanl\u0131s\u0131 \u00dcmitcan Uygun Erdo\u011fan ve Bah\u00e7eli\u2019yle verdi\u011fi pozlar\u0131 arkas\u0131na al\u0131p S\u00fcleyman Soylu\u2019ya cinayeti ara\u015ft\u0131ran televizyon program\u0131n\u0131 \u015fik\u00e2yet etti. \u00dcmitcan Uygun hala serbest. AKP Milletvekili \u015eirin \u00dcnal\u2019\u0131n evinde \u00f6l\u00fc bulunan Nadira Kadirova\u2019n\u0131n odas\u0131nda bo\u011fu\u015fma oldu\u011funa dair g\u00f6r\u00fcnt\u00fcler birka\u00e7 g\u00fcn \u00f6nce ortaya \u00e7\u0131kt\u0131. Nadira\u2019n\u0131n dosyas\u0131 alelacele kapat\u0131lm\u0131\u015ft\u0131. Ocak ay\u0131ndan bu yana kay\u0131p olan G\u00fclistan Doku\u2019nun en son g\u00f6r\u00fc\u015ft\u00fc\u011f\u00fc Dersim\u2019de g\u00f6revli bir polisin o\u011flu olan Zainal Abarakov,olay\u0131n ard\u0131ndan yurt d\u0131\u015f\u0131na ka\u00e7t\u0131. G\u00fclistan hala bulunamad\u0131. \u00a0Mersin\u2019de 17 ya\u015f\u0131ndaki daha kendisi \u00e7ocuk olan Zeynep Sar\u0131ayd\u0131n 4 ayl\u0131k hamileyken evli oldu\u011fu erkek taraf\u0131ndan katledildi! \u00a012 ya\u015f\u0131ndaki \u00e7ocu\u011fu istismar etti\u011fi gerek\u00e7esiyle tutuklanan tarikat lideri Fatih Nurullah, \u2018\u0130stanbul S\u00f6zle\u015fmesi&#8217;ndeki beyan esas al\u0131narak, tutkland\u0131m dedi. Bu durum bile \u0130stanbul S\u00f6zle\u015fmesi&#8217;nin \u00f6nemi g\u00f6steriyor.&#8221; \u015feklinde konu\u015ftu.<\/p>\n<p>&#8216;T\u00dcM BASKILARINIZ BO\u015eUNA&#8217;<\/p>\n<p>Mersin Kad\u0131n Platformu a\u00e7\u0131klamas\u0131nda TBMM\u2019ye de \u00e7a\u011fr\u0131da bulunan Ay\u015feg\u00fcl G\u00f6\u00e7men ise, \u201cT\u00fcm bask\u0131lar\u0131n\u0131z ve cezalar\u0131n\u0131n\u0131z bo\u015funa. Bug\u00fcn yine buraday\u0131z, sokaktay\u0131z. Hayatlar\u0131m\u0131za, \u0130stanbul S\u00f6zle\u015fmesi\u2019ne sahip \u00e7\u0131k\u0131yoruz. Uyar\u0131yoruz: S\u00f6zle\u015fmeye alternatif olabilecek \u201cyerli\u201d bir s\u00f6zle\u015fme haz\u0131rlama ve bas\u0131na s\u0131zan bilgilere g\u00f6re Erdo\u011fan\u2019\u0131n \u201cbiraz g\u00fcndemden d\u00fc\u015f\u00fcr\u00fcn\u201d uyar\u0131s\u0131yla Meclis a\u00e7\u0131ld\u0131ktan sonraya b\u0131rak\u0131ld\u0131\u011f\u0131 s\u00f6ylenen \u0130stanbul S\u00f6zle\u015fmesi\u2019nden \u00e7ekilme \u00e7al\u0131\u015fmalar\u0131na kar\u015f\u0131 takipteyiz. Meclisin yeni yasama y\u0131l\u0131nda \u0130stanbul S\u00f6zle\u015fmesi\u2019ni tart\u0131\u015fmaya a\u00e7may\u0131 akl\u0131n\u0131zdan bile ge\u00e7irmeyin.\u201d dedi.<\/p>\n","protected":false},"excerpt":{"rendered":"<p>Mersin Kad\u0131n Platformu \u0130stanbul S\u00f6zle\u015fmesi eylemlerine kat\u0131lan kad\u0131nlara verilen idari para cezas\u0131 uygulamas\u0131n\u0131 protesto etti. Kad\u0131nlar, \u201cParam\u0131zla eylem yap\u0131yoruz\u201d, \u201cSokaklar\u0131 kad\u0131nlara yasaklayamazs\u0131n\u0131z\u201d yaz\u0131l\u0131 pankartlar ta\u015f\u0131rken, Mersinli kad\u0131nlar \u00a0m\u00fccadele ile kazan\u0131lan &hellip; <a href=\"https:\/\/akdenizolaygazetesi.com\/?p=8494\" class=\"more-link\">Devam\u0131n\u0131 Oku&#8230;<\/a><\/p>\n","protected":false},"author":1,"featured_media":0,"comment_status":"open","ping_status":"open","sticky":false,"template":"","format":"standard","meta":[],"categories":[],"tags":[],"_links":{"self":[{"href":"https:\/\/akdenizolaygazetesi.com\/index.php?rest_route=\/wp\/v2\/posts\/8494"}],"collection":[{"href":"https:\/\/akdenizolaygazetesi.com\/index.php?rest_route=\/wp\/v2\/posts"}],"about":[{"href":"https:\/\/akdenizolaygazetesi.com\/index.php?rest_route=\/wp\/v2\/types\/post"}],"author":[{"embeddable":true,"href":"https:\/\/akdenizolaygazetesi.com\/index.php?rest_route=\/wp\/v2\/users\/1"}],"replies":[{"embeddable":true,"href":"https:\/\/akdenizolaygazetesi.com\/index.php?rest_route=%2Fwp%2Fv2%2Fcomments&post=8494"}],"version-history":[{"count":0,"href":"https:\/\/akdenizolaygazetesi.com\/index.php?rest_route=\/wp\/v2\/posts\/8494\/revisions"}],"wp:attachment":[{"href":"https:\/\/akdenizolaygazetesi.com\/index.php?rest_route=%2Fwp%2Fv2%2Fmedia&parent=8494"}],"wp:term":[{"taxonomy":"category","embeddable":true,"href":"https:\/\/akdenizolaygazetesi.com\/index.php?rest_route=%2Fwp%2Fv2%2Fcategories&post=8494"},{"taxonomy":"post_tag","embeddable":true,"href":"https:\/\/akdenizolaygazetesi.com\/index.php?rest_route=%2Fwp%2Fv2%2Ftags&post=8494"}],"curies":[{"name":"wp","href":"https:\/\/api.w.org\/{rel}","templated":true}]}}