{"id":8495,"date":"2020-11-04T18:28:58","date_gmt":"2020-11-04T15:28:58","guid":{"rendered":"http:\/\/mersinekonomipolitikagazetesi.com\/?p=8495"},"modified":"2020-11-04T18:28:58","modified_gmt":"2020-11-04T15:28:58","slug":"gultak-camlibel-esnafiyla-bir-araya-geldi","status":"publish","type":"post","link":"https:\/\/akdenizolaygazetesi.com\/?p=8495","title":{"rendered":"G\u00fcltak, \u00c7aml\u0131bel  esnaf\u0131yla bir araya geldi"},"content":{"rendered":"<p>Akdeniz Belediye Ba\u015fkan\u0131 Mustafa G\u00fcltak, \u00c7aml\u0131bel Mahallesi sakinleri ve esnaf\u0131 ile bir araya gelerek, 29 Ekim\u2019de hizmete a\u00e7\u0131lmas\u0131 planlanan Mersin Millet Bah\u00e7esinin b\u00f6lgeye yeniden hareketlilik ve canl\u0131l\u0131k kazand\u0131raca\u011f\u0131n\u0131 s\u00f6yledi.\u00a0<br \/>\n\u00c7aml\u0131bel Derne\u011fi Ba\u015fkan\u0131 H\u00fcseyin Karl\u0131kl\u0131\u2019n\u0131n da e\u015flik etti\u011fi ziyarette, Akdeniz Belediyesi\u2019nin \u00c7aml\u0131bel\u2019e ili\u015fkin projelerini anlatan G\u00fcltak, Mersin Millet Bah\u00e7esinin tamamlan\u0131p hizmete girmesiyle birlikte \u00c7aml\u0131bel\u2019in eski cazibesini kazanaca\u011f\u0131n\u0131, b\u00f6lgenin ekonomik, spor, k\u00fclt\u00fcr ve sanat alanlar\u0131nda da canl\u0131l\u0131k kazanaca\u011f\u0131n\u0131 s\u00f6yledi. A\u015f\u0131klar Park\u0131n\u0131 da esnaf ve vatanda\u015flarla birlikte gezerek, g\u00f6rd\u00fc\u011f\u00fc eksiklikleri telefonla yetkililere bildiren Ba\u015fkan G\u00fcltak, park\u0131n ayd\u0131nlatma, bak\u0131m, yenileme ve \u00e7evre d\u00fczenlemesinin belediye taraf\u0131ndan yap\u0131laca\u011f\u0131n\u0131 belirtti.\u00a0<\/p>\n<p>\u201c\u00c7aml\u0131bel\u2019e ili\u015fkin hizmet ve projeleri h\u0131zland\u0131r\u0131yoruz\u201d<br \/>\n\u00a0<br \/>\nZiyareti hakk\u0131nda bir de\u011ferlendirme yapan Ba\u015fkan G\u00fcltak, \u00c7aml\u0131bel\u2019in, Mersin\u2019in kalbi olan semtlerden biri oldu\u011funu belirterek, &#8220;G\u00f6reve gelir gelmez, \u00c7aml\u0131bel\u2019e g\u00fczel bir Atat\u00fcrk b\u00fcst\u00fc ve meydan yapt\u0131k. Daha sonra Ula\u015ft\u0131rma Bakan\u0131m\u0131z\u0131 \u00c7aml\u0131bel\u2019e davet ederek marinay\u0131 et\u00fct projelerine eklettik. \u00c7aml\u0131bel\u2019deki profesyonel bal\u0131k\u00e7\u0131lar Karaduvar\u2019a ge\u00e7ecek, amat\u00f6rler ve yatlar burada kalacak. Atat\u00fcrk Park\u0131 ile Millet Bah\u00e7esi aras\u0131nda m\u00fchendisler \u00e7al\u0131\u015f\u0131yor, b\u00fcy\u00fck ihtimalle bir k\u00f6pr\u00fc de yap\u0131lacak. B\u00f6lgedeki \u00e7al\u0131\u015fmalar\u0131 h\u0131zland\u0131rmaya \u00e7al\u0131\u015f\u0131yoruz\u201d dedi.<br \/>\n\u00a0<br \/>\n\u201cParklar\u0131n yenilenmesi i\u00e7in \u00e7al\u0131\u015fmalar ba\u015flayacak\u201d<br \/>\n\u00a0<br \/>\nBa\u015fkan G\u00fcltak, mahallede bulunan parklarda en k\u0131sa s\u00fcrede \u00e7al\u0131\u015fmalar ba\u015flat\u0131p, ayd\u0131nlatma, peyzaj ve \u00e7evre d\u00fczenlemesini en iyi \u015fekilde yapacaklar\u0131n\u0131n da alt\u0131n\u0131 \u00e7izerek, \u201cBulundu\u011fumuz yol aras\u0131ndaki her iki park da Akdeniz Belediyesi\u2019nin yetki ve sorumlulu\u011fundad\u0131r. Yar\u0131ndan itibaren Park Bah\u00e7eler M\u00fcd\u00fcrl\u00fc\u011f\u00fcnden arkada\u015flar\u0131m\u0131z gelip bu parklar\u0131m\u0131zda \u0131\u015f\u0131kland\u0131rma, peyzaj ve a\u011fa\u00e7 budama \u00e7al\u0131\u015fmalar\u0131n\u0131 yapacaklar\u201d diye konu\u015ftu.<br \/>\n\u00a0<br \/>\n\u201c\u00c7aml\u0131bel\u2019in de Ni\u015fanta\u015f\u0131 gibi olmas\u0131n\u0131 istiyoruz\u201d<br \/>\n\u00a0<br \/>\nK\u0131\u015flan\u0131n da Millet Bah\u00e7esi Projesine dahil edildi\u011fini hat\u0131rlatan Ba\u015fkan G\u00fcltak, s\u00f6zlerini \u015f\u00f6yle s\u00fcrd\u00fcrd\u00fc; \u201cValimiz ile birlikte orada ortak bir proje yap\u0131yoruz. An\u0131tlar Kuruluna gerekli yaz\u0131lar yaz\u0131ld\u0131, izinler al\u0131nacak. Restorasyon ve di\u011fer projeler \u00e7izildikten sonra \u00e7al\u0131\u015fma ba\u015flat\u0131lacak. Oradaki karakol da yenilenip tekrar hayata ge\u00e7ecek. Buraya \u0130l K\u00fclt\u00fcr ve Turizm M\u00fcd\u00fcrl\u00fc\u011f\u00fc\u2019n\u00fc ta\u015f\u0131yaca\u011f\u0131z. \u00c7evre Bakanl\u0131\u011f\u0131m\u0131zdan s\u00f6z ald\u0131k, bir gen\u00e7lik merkezi de yapaca\u011f\u0131z. K\u0131\u015flan\u0131n i\u00e7in c\u0131v\u0131l c\u0131v\u0131l olacak, ziyaret\u00e7i say\u0131s\u0131 artacak. \u00c7aml\u0131bel yeniden hareketlenecek. Bu hamle ile K\u0131\u015flay\u0131 da Mersin ve \u00c7aml\u0131bel\u2019e kazand\u0131rm\u0131\u015f olaca\u011f\u0131z. \u0130stanbul\u2019un nas\u0131l ki Ni\u015fanta\u015f\u0131 varsa, Mersin\u2019in en g\u00fczel yeri olan \u00c7aml\u0131bel\u2019i de Ni\u015fanta\u015f\u0131 gibi bir yere d\u00f6n\u00fc\u015ft\u00fcrmek istiyoruz.\u201d \u00a0<\/p>\n","protected":false},"excerpt":{"rendered":"<p>Akdeniz Belediye Ba\u015fkan\u0131 Mustafa G\u00fcltak, \u00c7aml\u0131bel Mahallesi sakinleri ve esnaf\u0131 ile bir araya gelerek, 29 Ekim\u2019de hizmete a\u00e7\u0131lmas\u0131 planlanan Mersin Millet Bah\u00e7esinin b\u00f6lgeye yeniden hareketlilik ve canl\u0131l\u0131k kazand\u0131raca\u011f\u0131n\u0131 s\u00f6yledi.\u00a0 \u00c7aml\u0131bel &hellip; <a href=\"https:\/\/akdenizolaygazetesi.com\/?p=8495\" class=\"more-link\">Devam\u0131n\u0131 Oku&#8230;<\/a><\/p>\n","protected":false},"author":1,"featured_media":0,"comment_status":"open","ping_status":"open","sticky":false,"template":"","format":"standard","meta":[],"categories":[],"tags":[],"_links":{"self":[{"href":"https:\/\/akdenizolaygazetesi.com\/index.php?rest_route=\/wp\/v2\/posts\/8495"}],"collection":[{"href":"https:\/\/akdenizolaygazetesi.com\/index.php?rest_route=\/wp\/v2\/posts"}],"about":[{"href":"https:\/\/akdenizolaygazetesi.com\/index.php?rest_route=\/wp\/v2\/types\/post"}],"author":[{"embeddable":true,"href":"https:\/\/akdenizolaygazetesi.com\/index.php?rest_route=\/wp\/v2\/users\/1"}],"replies":[{"embeddable":true,"href":"https:\/\/akdenizolaygazetesi.com\/index.php?rest_route=%2Fwp%2Fv2%2Fcomments&post=8495"}],"version-history":[{"count":0,"href":"https:\/\/akdenizolaygazetesi.com\/index.php?rest_route=\/wp\/v2\/posts\/8495\/revisions"}],"wp:attachment":[{"href":"https:\/\/akdenizolaygazetesi.com\/index.php?rest_route=%2Fwp%2Fv2%2Fmedia&parent=8495"}],"wp:term":[{"taxonomy":"category","embeddable":true,"href":"https:\/\/akdenizolaygazetesi.com\/index.php?rest_route=%2Fwp%2Fv2%2Fcategories&post=8495"},{"taxonomy":"post_tag","embeddable":true,"href":"https:\/\/akdenizolaygazetesi.com\/index.php?rest_route=%2Fwp%2Fv2%2Ftags&post=8495"}],"curies":[{"name":"wp","href":"https:\/\/api.w.org\/{rel}","templated":true}]}}