{"id":8497,"date":"2020-11-04T18:28:58","date_gmt":"2020-11-04T15:28:58","guid":{"rendered":"http:\/\/mersinekonomipolitikagazetesi.com\/?p=8497"},"modified":"2020-11-04T18:28:58","modified_gmt":"2020-11-04T15:28:58","slug":"bedrettin-gundes-mgcyi-ziyaret-etti","status":"publish","type":"post","link":"https:\/\/akdenizolaygazetesi.com\/?p=8497","title":{"rendered":"Bedrettin G\u00fcnde\u015f MGC&#8217;yi ziyaret etti"},"content":{"rendered":"<p>Mersin B\u00fcy\u00fck\u015fehir Belediyesi Bas\u0131n Yay\u0131n ve Halkla \u0130li\u015fkiler Daire Ba\u015fkan\u0131 Bedrettin G\u00fcnde\u015f, iade-i ziyaret yaparak, Mersin Gazeteciler Cemiyeti (MGC) y\u00f6netimi ve gazetecilerle bir araya geldi.<\/p>\n<p>Mersin B\u00fcy\u00fck\u015fehir Belediyesi Bas\u0131n Yay\u0131n ve Halkla \u0130li\u015fkiler Daire Ba\u015fkan\u0131 Bedrettin G\u00fcnde\u015f, Mersin Gazeteciler Cemiyeti\u2019ni ziyaret ederek MGC Ba\u015fkan\u0131 R. Kaya Tepe, MGC y\u00f6netim kurulu \u00fcyeleri ve bir\u00e7ok gazeteci ile bir araya geldi.\u00a0<br \/>\nCemiyeti evi gibi g\u00f6rd\u00fc\u011f\u00fcn\u00fc ve burada olmaktan dolay\u0131 mutluluk duydu\u011funu ifade eden G\u00fcnde\u015f, \u201cBuras\u0131 evim oldu\u011fu i\u00e7in bir an \u00f6nce evime gideyim, arkada\u015flar\u0131mla sohbet edeyim diye geldim. Uzun y\u0131llard\u0131r cemiyet \u00fcyesiyim ve buran\u0131n \u00fcyesi olmaktan da gurur duyuyorum. \u00c7al\u0131\u015fmalar\u0131n\u0131z\u0131 yak\u0131ndan takip ediyorum. Sizleri takdir ediyor ve ba\u015far\u0131lar\u0131n\u0131z\u0131n devam\u0131n\u0131 diliyorum.\u201d \u015feklinde konu\u015ftu.<\/p>\n<p>Gazetecilerin ya\u015fad\u0131klar\u0131 sorunlara yak\u0131ndan \u015fahit oldu\u011funu s\u00f6yleyen Bedretttin G\u00fcnde\u015f, bu sorunlar\u0131n giderilmesi noktas\u0131nda her t\u00fcrl\u00fc deste\u011fi sunaca\u011f\u0131n\u0131 belirtti. Bas\u0131n mensuplar\u0131n\u0131n ya\u015fad\u0131klar\u0131 problemleri gidermek noktas\u0131nda MGC Ba\u015fkan\u0131 ve gazetecilerle isti\u015fare yapmak istedi\u011fini ifade eden Ba\u015fkan G\u00fcnde\u015f, \u201cVar olan sorunlar\u0131 nas\u0131l \u00e7\u00f6zeriz diye, belli bir program \u00e7er\u00e7evesinde cemiyet ba\u015fkan\u0131m\u0131z kendi \u00fcyelerinden g\u00f6r\u00fc\u015f ve \u00f6nerileri alarak, bizim bu konularda bir \u015feyler yapmam\u0131z konusunda te\u015fvik edecek aktar\u0131mlar yapabilir. Yerel bas\u0131n \u00f6rselenmi\u015f durumda. Bu konuda ne zaman isterseniz g\u00f6r\u00fc\u015flerimle, katk\u0131lar\u0131mla sizin yan\u0131n\u0131zda olurum. Yeni bir s\u00fcreci ba\u015flatmak ad\u0131na ben de elimden geleni yapar\u0131m. Cemiyetin emrindeyim, t\u00fcm \u00e7al\u0131\u015fmalar\u0131n\u0131za g\u00fc\u00e7 ve destek olmak isterim.\u201d dedi.\u00a0<\/p>\n","protected":false},"excerpt":{"rendered":"<p>Mersin B\u00fcy\u00fck\u015fehir Belediyesi Bas\u0131n Yay\u0131n ve Halkla \u0130li\u015fkiler Daire Ba\u015fkan\u0131 Bedrettin G\u00fcnde\u015f, iade-i ziyaret yaparak, Mersin Gazeteciler Cemiyeti (MGC) y\u00f6netimi ve gazetecilerle bir araya geldi. Mersin B\u00fcy\u00fck\u015fehir Belediyesi Bas\u0131n Yay\u0131n &hellip; <a href=\"https:\/\/akdenizolaygazetesi.com\/?p=8497\" class=\"more-link\">Devam\u0131n\u0131 Oku&#8230;<\/a><\/p>\n","protected":false},"author":1,"featured_media":0,"comment_status":"open","ping_status":"open","sticky":false,"template":"","format":"standard","meta":[],"categories":[],"tags":[],"_links":{"self":[{"href":"https:\/\/akdenizolaygazetesi.com\/index.php?rest_route=\/wp\/v2\/posts\/8497"}],"collection":[{"href":"https:\/\/akdenizolaygazetesi.com\/index.php?rest_route=\/wp\/v2\/posts"}],"about":[{"href":"https:\/\/akdenizolaygazetesi.com\/index.php?rest_route=\/wp\/v2\/types\/post"}],"author":[{"embeddable":true,"href":"https:\/\/akdenizolaygazetesi.com\/index.php?rest_route=\/wp\/v2\/users\/1"}],"replies":[{"embeddable":true,"href":"https:\/\/akdenizolaygazetesi.com\/index.php?rest_route=%2Fwp%2Fv2%2Fcomments&post=8497"}],"version-history":[{"count":0,"href":"https:\/\/akdenizolaygazetesi.com\/index.php?rest_route=\/wp\/v2\/posts\/8497\/revisions"}],"wp:attachment":[{"href":"https:\/\/akdenizolaygazetesi.com\/index.php?rest_route=%2Fwp%2Fv2%2Fmedia&parent=8497"}],"wp:term":[{"taxonomy":"category","embeddable":true,"href":"https:\/\/akdenizolaygazetesi.com\/index.php?rest_route=%2Fwp%2Fv2%2Fcategories&post=8497"},{"taxonomy":"post_tag","embeddable":true,"href":"https:\/\/akdenizolaygazetesi.com\/index.php?rest_route=%2Fwp%2Fv2%2Ftags&post=8497"}],"curies":[{"name":"wp","href":"https:\/\/api.w.org\/{rel}","templated":true}]}}