{"id":8498,"date":"2020-11-04T18:28:58","date_gmt":"2020-11-04T15:28:58","guid":{"rendered":"http:\/\/mersinekonomipolitikagazetesi.com\/?p=8498"},"modified":"2020-11-04T18:28:58","modified_gmt":"2020-11-04T15:28:58","slug":"iki-cocugunun-gozleri-onunde-oldurulmus","status":"publish","type":"post","link":"https:\/\/akdenizolaygazetesi.com\/?p=8498","title":{"rendered":"\u0130ki \u00e7ocu\u011funun g\u00f6zleri \u00f6n\u00fcnde \u00f6ld\u00fcr\u00fclm\u00fc\u015f!"},"content":{"rendered":"<p>Mersin&#8217;de bir sitenin 9. kat\u0131nda ka\u00e7maya \u00e7al\u0131\u015f\u0131rken yang\u0131n merdiveninde kur\u015fun ya\u011fmuruna tutarak \u00f6ld\u00fcr\u00fclen Seher \u00d6zkurt&#8217;un, birlikte ya\u015fad\u0131\u011f\u0131 eski e\u015fi taraf\u0131ndan 2 \u00e7ocu\u011funun g\u00f6zleri \u00f6n\u00fcnde \u00f6ld\u00fcr\u00fcld\u00fc\u011f\u00fc iddia edildi.\u00a0<br \/>\nMerkez Yeni\u015fehir il\u00e7esi Bat\u0131kent Mahallesi Soyda\u015f Sitesi&#8217;nde bu sabah meydana gelen olayda, bir ara\u00e7la gelen 3 ki\u015fiden silahl\u0131 olan biri ki\u015fi, Seher \u00d6zkurt&#8217;un oturdu\u011fu sitenin 9. kat\u0131na \u00e7\u0131km\u0131\u015f, ka\u00e7maya \u00e7al\u0131\u015fan gen\u00e7 kad\u0131n\u0131 yang\u0131n merdiveninde kur\u015fun ya\u011fmuruna tutarak \u00f6ld\u00fcrm\u00fc\u015ft\u00fc. Site sakinlerinden edinilen bilgiye g\u00f6re, cinayetin, gen\u00e7 kad\u0131n\u0131n 2 \u00e7ocu\u011funun g\u00f6zleri \u00f6n\u00fcnde i\u015flendi\u011fi, cezaevinden yeni \u00e7\u0131kan cinayet zanl\u0131s\u0131n\u0131n ise kad\u0131n\u0131n dini nikahl\u0131 eski e\u015fi S.S. oldu\u011fu \u00f6ne s\u00fcr\u00fcld\u00fc.\u00a0<br \/>\n&#8220;Benim i\u00e7in dua edin bu adamdan kurtulay\u0131m&#8221;\u00a0<br \/>\n\u00d6ld\u00fcr\u00fclen Seher \u00d6zkurt&#8217;un (33) s\u0131k s\u0131k zanl\u0131 hakk\u0131nda &#8216;uzakla\u015ft\u0131rma&#8217; karar\u0131 ald\u0131\u011f\u0131, \u015f\u00fcphelinin de bu karar\u0131 ihlal etti\u011fi i\u00e7in cezaevine girdi\u011fi iddia edildi. Gen\u00e7 kad\u0131n\u0131n, bu konudaki rahats\u0131zl\u0131\u011f\u0131n\u0131 ise &#8220;Benim i\u00e7in dua edin bu adamdan kurtulay\u0131m&#8221; \u015feklinde kom\u015fular\u0131yla payla\u015ft\u0131\u011f\u0131 belirtildi.\u00a0<br \/>\n\u00d6te yandan, olaydan sonra ka\u00e7an zanl\u0131n\u0131n yakalanmas\u0131 i\u00e7in \u00e7al\u0131\u015fmalar s\u00fcrerken, ka\u00e7t\u0131\u011f\u0131 ara\u00e7 ise Adana&#8217;da bulundu. G\u00f6zalt\u0131na alan ara\u00e7 s\u00fcr\u00fcc\u00fcs\u00fcn\u00fcn, cinayet zanl\u0131s\u0131n\u0131 Tarsus il\u00e7esinde indirdi\u011fini s\u00f6yledi \u00f6\u011frenildi.\u00a0<\/p>\n","protected":false},"excerpt":{"rendered":"<p>Mersin&#8217;de bir sitenin 9. kat\u0131nda ka\u00e7maya \u00e7al\u0131\u015f\u0131rken yang\u0131n merdiveninde kur\u015fun ya\u011fmuruna tutarak \u00f6ld\u00fcr\u00fclen Seher \u00d6zkurt&#8217;un, birlikte ya\u015fad\u0131\u011f\u0131 eski e\u015fi taraf\u0131ndan 2 \u00e7ocu\u011funun g\u00f6zleri \u00f6n\u00fcnde \u00f6ld\u00fcr\u00fcld\u00fc\u011f\u00fc iddia edildi.\u00a0 Merkez Yeni\u015fehir il\u00e7esi &hellip; <a href=\"https:\/\/akdenizolaygazetesi.com\/?p=8498\" class=\"more-link\">Devam\u0131n\u0131 Oku&#8230;<\/a><\/p>\n","protected":false},"author":1,"featured_media":0,"comment_status":"open","ping_status":"open","sticky":false,"template":"","format":"standard","meta":[],"categories":[],"tags":[],"_links":{"self":[{"href":"https:\/\/akdenizolaygazetesi.com\/index.php?rest_route=\/wp\/v2\/posts\/8498"}],"collection":[{"href":"https:\/\/akdenizolaygazetesi.com\/index.php?rest_route=\/wp\/v2\/posts"}],"about":[{"href":"https:\/\/akdenizolaygazetesi.com\/index.php?rest_route=\/wp\/v2\/types\/post"}],"author":[{"embeddable":true,"href":"https:\/\/akdenizolaygazetesi.com\/index.php?rest_route=\/wp\/v2\/users\/1"}],"replies":[{"embeddable":true,"href":"https:\/\/akdenizolaygazetesi.com\/index.php?rest_route=%2Fwp%2Fv2%2Fcomments&post=8498"}],"version-history":[{"count":0,"href":"https:\/\/akdenizolaygazetesi.com\/index.php?rest_route=\/wp\/v2\/posts\/8498\/revisions"}],"wp:attachment":[{"href":"https:\/\/akdenizolaygazetesi.com\/index.php?rest_route=%2Fwp%2Fv2%2Fmedia&parent=8498"}],"wp:term":[{"taxonomy":"category","embeddable":true,"href":"https:\/\/akdenizolaygazetesi.com\/index.php?rest_route=%2Fwp%2Fv2%2Fcategories&post=8498"},{"taxonomy":"post_tag","embeddable":true,"href":"https:\/\/akdenizolaygazetesi.com\/index.php?rest_route=%2Fwp%2Fv2%2Ftags&post=8498"}],"curies":[{"name":"wp","href":"https:\/\/api.w.org\/{rel}","templated":true}]}}