{"id":8499,"date":"2020-11-04T18:28:58","date_gmt":"2020-11-04T15:28:58","guid":{"rendered":"http:\/\/mersinekonomipolitikagazetesi.com\/?p=8499"},"modified":"2020-11-04T18:28:58","modified_gmt":"2020-11-04T15:28:58","slug":"ithal-olarak-tukettikleri-kiviyi-simdi-kendileri-yetistiriyor","status":"publish","type":"post","link":"https:\/\/akdenizolaygazetesi.com\/?p=8499","title":{"rendered":"\u0130thal olarak t\u00fckettikleri kiviyi \u015fimdi kendileri yeti\u015ftiriyor"},"content":{"rendered":"<p><span style=\"line-height: 1.6em;\">\u00a0Mersin&#8217;in Erdemli il\u00e7esinde alternatif \u00fcr\u00fcn olarak dikimine ba\u015flanan kivi, y\u00f6rede son 5 y\u0131lda \u00fcretim alan\u0131 ve miktar\u0131 en h\u0131zl\u0131 artan meyveler i\u00e7inde yer ald\u0131. Alternatif \u00fcr\u00fcn olarak Karadeniz b\u00f6lgesinde yayg\u0131nla\u015fan kivi \u015fimdilerde ise limonun yeti\u015fmedi\u011fi rak\u0131mlar i\u00e7in Akdenizli \u00e7ift\u00e7ilerin g\u00f6zdesi oluyor.\u00a0<\/span><\/p>\n<p>\u00c7ift\u00e7iler daha \u00f6nceleri \u00fcr\u00fcn\u00fcn kilosu 1 Dolardan ithal edildi\u011fini, kendilerinin de severek t\u00fcketti\u011fini belirterek, gelinen noktada art\u0131k kendilerinin yeti\u015ftirdi\u011fi kivileri T\u00fcrkiye&#8217;nin d\u00f6rt bir yan\u0131na g\u00f6nderdiklerini dile getiriyor.\u00a0<\/p>\n<p>&#8220;G\u00fczel bir \u00fcr\u00fcn, y\u00fcz\u00fcm\u00fcz\u00fc g\u00fcld\u00fcr\u00fcyor&#8221;\u00a0<br \/>\nErdemli il\u00e7esine ba\u011fl\u0131 K\u00f6sereli Mahallesinde kivi yeti\u015ftiricili\u011fi yapan Ali \u015eensoy, &#8220;Burada yakla\u015f\u0131k 6 d\u00f6n\u00fcm arazimiz var. Bu 6 d\u00f6n\u00fcmdeki kivilerimiz 5 ya\u015f\u0131na geldi ve \u015fu anda yeti\u015fmi\u015f durumda. Ge\u00e7en y\u0131lki rekoltemiz 10 ton idi. Bu sene 15 ton bekliyoruz. Fiyatlar\u0131m\u0131zda gayet cazip, 6 lira gibi bir rakamla ba\u015flad\u0131k. Sonu ne olur bilemeyiz tabi. \u00c7ok g\u00fczel bir \u00fcr\u00fcn, y\u00fcz\u00fcm\u00fcz\u00fc g\u00fcld\u00fcr\u00fcyor. Bulundu\u011fumuz rak\u0131mda yeri olan arkada\u015flara da tavsiye ediyoruz&#8221; dedi.\u00a0<\/p>\n<p>&#8220;\u0130thal kivi yerken, \u015fimdi \u00fcretici olduk&#8221;\u00a0<br \/>\n\u0130thal kivi sat\u0131n al\u0131p yerken, kivi \u00fcreticisi oldu\u011funu aktaran \u015eensoy, &#8220;Yurt d\u0131\u015f\u0131ndan 1 Dolar gibi bir rakama ithal ediyorduk. \u015eimdi geldi\u011fimiz nokta, biz bu \u00fcr\u00fcn\u00fc kendimiz \u00fcretiyoruz. \u0130thal edildi\u011finde \u00e7ok severek t\u00fcketti\u011fimiz, rehas\u0131 olan \u00e7ok lezzetli bir \u00fcr\u00fcn bu. Dolay\u0131s\u0131yla severek, isteyerek yedi\u011fimizden \u015fuan bunu kendimiz \u00fcretecek duruma geldik, \u00fcrettik de. Bug\u00fcn \u00fcr\u00fcnlerimiz Ankara, \u0130stanbul, \u0130zmir, Gaziantep, Diyarbak\u0131r, \u015eanl\u0131urfa gibi illere gitti. Oralarda manavlarda, stantlarda sat\u0131ld\u0131\u011f\u0131n\u0131 g\u00f6r\u00fcyoruz. \u00c7ift\u00e7ilerimize kivi \u00fcretimini \u015fiddetle tavsiye ediyoruz&#8221; diye konu\u015ftu.\u00a0<br \/>\nBak\u0131m\u0131 ve meyve toplamas\u0131 kolay olan kivi bah\u00e7elerinde \u00e7al\u0131\u015fanlar genellikle aile bireylerinden olu\u015fuyor.\u00a0<br \/>\nBah\u00e7ede babas\u0131na yard\u0131m etti\u011fini ifade eden \u00fcniversite \u00f6\u011frencisi Hatice K\u00fcbra \u015eensoy, &#8220;Kivi bah\u00e7emizde babama yard\u0131m ediyorum. \u00dcniversite masraflar\u0131m buradan \u00e7\u0131k\u0131yor. \u00dcr\u00fcn fiyatlar\u0131 da makul seviyede&#8221; \u015feklinde konu\u015ftu.\u00a0<\/p>\n<p>&#8220;Limonun yeti\u015fmedi\u011fi rak\u0131mlar i\u00e7in kiviyi \u00f6neriyoruz&#8221;\u00a0<br \/>\nErdemli Ziraat Odas\u0131 \u00fcreticileri limonun yeti\u015fmedi\u011fi rak\u0131mlarda kivi bah\u00e7esi kurmalar\u0131 konusunda y\u00f6nlendiriyor. Oda Ba\u015fkan\u0131 Rasim \u015eahin, Karadeniz de yeti\u015fen \u00fcr\u00fcn\u00fc Erdemli&#8217;de limonun yeti\u015fmedi\u011fi rak\u0131mlar i\u00e7in alternatif \u00fcr\u00fcn olarak \u00f6nerdiklerini belirtti.\u00a0<br \/>\n\u015eahin, &#8220;\u0130thal ediliyordu, Karadeniz&#8217;de yeti\u015fmesinden dolay\u0131 bizde y\u00f6remizde denedik. Daha iyi sonu\u00e7lar ald\u0131k. Son 5 y\u0131lda Erdemli&#8217;de kivi \u00fcretilen alan 680 d\u00f6n\u00fcme ula\u015ft\u0131. 410 ton \u00fcr\u00fcn elde etmekteyiz. Tabi bu rakam fidelerin her ge\u00e7en g\u00fcn b\u00fcy\u00fcmesiyle artacakt\u0131r. Yeti\u015fmi\u015f bir d\u00f6n\u00fcml\u00fck bah\u00e7eden 3 ton ile 5 ton aras\u0131nda \u00fcr\u00fcn elde edilebilmektedir. 680 d\u00f6n\u00fcmdeki fidelerin b\u00fcy\u00fcmesiyle verim ve rekolte artacak, \u00e7ift\u00e7ilerimizde bundan daha iyi gelir elde edecek&#8221; diye konu\u015ftu.\u00a0<\/p>\n","protected":false},"excerpt":{"rendered":"<p>\u00a0Mersin&#8217;in Erdemli il\u00e7esinde alternatif \u00fcr\u00fcn olarak dikimine ba\u015flanan kivi, y\u00f6rede son 5 y\u0131lda \u00fcretim alan\u0131 ve miktar\u0131 en h\u0131zl\u0131 artan meyveler i\u00e7inde yer ald\u0131. Alternatif \u00fcr\u00fcn olarak Karadeniz b\u00f6lgesinde yayg\u0131nla\u015fan &hellip; <a href=\"https:\/\/akdenizolaygazetesi.com\/?p=8499\" class=\"more-link\">Devam\u0131n\u0131 Oku&#8230;<\/a><\/p>\n","protected":false},"author":1,"featured_media":0,"comment_status":"open","ping_status":"open","sticky":false,"template":"","format":"standard","meta":[],"categories":[],"tags":[],"_links":{"self":[{"href":"https:\/\/akdenizolaygazetesi.com\/index.php?rest_route=\/wp\/v2\/posts\/8499"}],"collection":[{"href":"https:\/\/akdenizolaygazetesi.com\/index.php?rest_route=\/wp\/v2\/posts"}],"about":[{"href":"https:\/\/akdenizolaygazetesi.com\/index.php?rest_route=\/wp\/v2\/types\/post"}],"author":[{"embeddable":true,"href":"https:\/\/akdenizolaygazetesi.com\/index.php?rest_route=\/wp\/v2\/users\/1"}],"replies":[{"embeddable":true,"href":"https:\/\/akdenizolaygazetesi.com\/index.php?rest_route=%2Fwp%2Fv2%2Fcomments&post=8499"}],"version-history":[{"count":0,"href":"https:\/\/akdenizolaygazetesi.com\/index.php?rest_route=\/wp\/v2\/posts\/8499\/revisions"}],"wp:attachment":[{"href":"https:\/\/akdenizolaygazetesi.com\/index.php?rest_route=%2Fwp%2Fv2%2Fmedia&parent=8499"}],"wp:term":[{"taxonomy":"category","embeddable":true,"href":"https:\/\/akdenizolaygazetesi.com\/index.php?rest_route=%2Fwp%2Fv2%2Fcategories&post=8499"},{"taxonomy":"post_tag","embeddable":true,"href":"https:\/\/akdenizolaygazetesi.com\/index.php?rest_route=%2Fwp%2Fv2%2Ftags&post=8499"}],"curies":[{"name":"wp","href":"https:\/\/api.w.org\/{rel}","templated":true}]}}