{"id":850,"date":"2020-11-04T18:21:28","date_gmt":"2020-11-04T15:21:28","guid":{"rendered":"http:\/\/mersinekonomipolitikagazetesi.com\/?p=850"},"modified":"2020-11-04T18:21:28","modified_gmt":"2020-11-04T15:21:28","slug":"mutta-ev-yangini-korkuttu","status":"publish","type":"post","link":"https:\/\/akdenizolaygazetesi.com\/?p=850","title":{"rendered":"Mut\u2019ta ev yang\u0131n\u0131 korkuttu"},"content":{"rendered":"<p>Mersin\u2019in Mut il\u00e7esinde 3 katl\u0131 bir evin zemin kat\u0131nda \u00e7\u0131kan yang\u0131n korku dolu anlar ya\u015fatt\u0131.<\/p>\n<p><span style=\"font-family: Tahoma, Arial, 'Times New Roman TUR', Verdana; font-size: 15px; background-color: rgb(255, 255, 255);\">Edinilen bilgiye g\u00f6re yang\u0131n, saat 16.45 s\u0131ralar\u0131nda Do\u011fanc\u0131 Mahallesi Ku\u015f Sokak\u2019taki 3 katl\u0131 bir evin zemin kat\u0131nda hen\u00fcz bilinmeyen bir nedenden dolay\u0131 \u00e7\u0131kan yang\u0131n, k\u0131sa s\u00fcrede ikinci ve \u00fc\u00e7\u00fcnc\u00fc kata yay\u0131ld\u0131.<\/span><br style=\"font-family: Tahoma, Arial, 'Times New Roman TUR', Verdana; font-size: 15px; background-color: rgb(255, 255, 255);\" \/><br \/>\n<span style=\"font-family: Tahoma, Arial, 'Times New Roman TUR', Verdana; font-size: 15px; background-color: rgb(255, 255, 255);\">Yang\u0131n nedeniyle binan\u0131n her yan\u0131n\u0131 alev ve duman sard\u0131. Yang\u0131nda ya\u015fanan panik nedeniyle vatanda\u015flar\u0131 evlerini terk etmek zorunda kald\u0131lar.<\/span><br style=\"font-family: Tahoma, Arial, 'Times New Roman TUR', Verdana; font-size: 15px; background-color: rgb(255, 255, 255);\" \/><br \/>\n<span style=\"font-family: Tahoma, Arial, 'Times New Roman TUR', Verdana; font-size: 15px; background-color: rgb(255, 255, 255);\">Haber verilmesi \u00fczerine olay yerine gelen itfaiye ekiplerinin ve kom\u015fular\u0131n m\u00fcdahalesiyle yang\u0131n 3 saatlik bir \u00e7al\u0131\u015fma sonucu s\u00f6nd\u00fcr\u00fcld\u00fc.<\/span><br style=\"font-family: Tahoma, Arial, 'Times New Roman TUR', Verdana; font-size: 15px; background-color: rgb(255, 255, 255);\" \/><br \/>\n<span style=\"font-family: Tahoma, Arial, 'Times New Roman TUR', Verdana; font-size: 15px; background-color: rgb(255, 255, 255);\">\u00d6zellikle yang\u0131n\u0131n ba\u015flad\u0131\u011f\u0131 zemin kattaki evin e\u015fyalar\u0131 zarar g\u00f6r\u00fcrken, ikinci ve \u00fc\u00e7\u00fcnc\u00fc kattaki daireler az bir zararla kurtar\u0131ld\u0131.<\/span><br style=\"font-family: Tahoma, Arial, 'Times New Roman TUR', Verdana; font-size: 15px; background-color: rgb(255, 255, 255);\" \/><br \/>\n<span style=\"font-family: Tahoma, Arial, 'Times New Roman TUR', Verdana; font-size: 15px; background-color: rgb(255, 255, 255);\">Polis, yang\u0131nla ilgili soru\u015fturma ba\u015flatt\u0131.<\/span><\/p>\n","protected":false},"excerpt":{"rendered":"<p>Mersin\u2019in Mut il\u00e7esinde 3 katl\u0131 bir evin zemin kat\u0131nda \u00e7\u0131kan yang\u0131n korku dolu anlar ya\u015fatt\u0131. Edinilen bilgiye g\u00f6re yang\u0131n, saat 16.45 s\u0131ralar\u0131nda Do\u011fanc\u0131 Mahallesi Ku\u015f Sokak\u2019taki 3 katl\u0131 bir evin &hellip; <a href=\"https:\/\/akdenizolaygazetesi.com\/?p=850\" class=\"more-link\">Devam\u0131n\u0131 Oku&#8230;<\/a><\/p>\n","protected":false},"author":1,"featured_media":0,"comment_status":"open","ping_status":"open","sticky":false,"template":"","format":"standard","meta":[],"categories":[],"tags":[],"_links":{"self":[{"href":"https:\/\/akdenizolaygazetesi.com\/index.php?rest_route=\/wp\/v2\/posts\/850"}],"collection":[{"href":"https:\/\/akdenizolaygazetesi.com\/index.php?rest_route=\/wp\/v2\/posts"}],"about":[{"href":"https:\/\/akdenizolaygazetesi.com\/index.php?rest_route=\/wp\/v2\/types\/post"}],"author":[{"embeddable":true,"href":"https:\/\/akdenizolaygazetesi.com\/index.php?rest_route=\/wp\/v2\/users\/1"}],"replies":[{"embeddable":true,"href":"https:\/\/akdenizolaygazetesi.com\/index.php?rest_route=%2Fwp%2Fv2%2Fcomments&post=850"}],"version-history":[{"count":0,"href":"https:\/\/akdenizolaygazetesi.com\/index.php?rest_route=\/wp\/v2\/posts\/850\/revisions"}],"wp:attachment":[{"href":"https:\/\/akdenizolaygazetesi.com\/index.php?rest_route=%2Fwp%2Fv2%2Fmedia&parent=850"}],"wp:term":[{"taxonomy":"category","embeddable":true,"href":"https:\/\/akdenizolaygazetesi.com\/index.php?rest_route=%2Fwp%2Fv2%2Fcategories&post=850"},{"taxonomy":"post_tag","embeddable":true,"href":"https:\/\/akdenizolaygazetesi.com\/index.php?rest_route=%2Fwp%2Fv2%2Ftags&post=850"}],"curies":[{"name":"wp","href":"https:\/\/api.w.org\/{rel}","templated":true}]}}