{"id":8500,"date":"2020-11-04T18:28:58","date_gmt":"2020-11-04T15:28:58","guid":{"rendered":"http:\/\/mersinekonomipolitikagazetesi.com\/?p=8500"},"modified":"2020-11-04T18:28:58","modified_gmt":"2020-11-04T15:28:58","slug":"mersin-iskurdan-kamuda-staj-goren-ogrencilere-egitim","status":"publish","type":"post","link":"https:\/\/akdenizolaygazetesi.com\/?p=8500","title":{"rendered":"Mersin \u0130\u015eKUR\u2019dan kamuda  staj g\u00f6ren \u00f6\u011frencilere e\u011fitim"},"content":{"rendered":"<p>Mersin \u00c7al\u0131\u015fma ve \u0130\u015f Kurumu (\u0130\u015eKUR) \u0130\u015f Kul\u00fcb\u00fc, Cumhurba\u015fkanl\u0131\u011f\u0131 \u0130nsan Kaynaklar\u0131 Ofisi taraf\u0131ndan d\u00fczenlenen Staj Seferberli\u011fi Program\u0131 kapsam\u0131nda kamuda staj g\u00f6ren \u00fcniversite \u00f6\u011frencilerine i\u015fg\u00fcc\u00fc piyasas\u0131na haz\u0131rl\u0131k e\u011fitimi verdi.\u00a0<br \/>\nMirsin \u0130\u015eKUR\u2019dan yap\u0131lan a\u00e7\u0131klamaya g\u00f6re \u0130\u015f Kul\u00fcb\u00fc, dezavantajl\u0131 gruplara y\u00f6nelik e\u011fitimlerine Mersin \u0130\u015eKUR koordinasyonunda ve Profesyonel \u0130nsan Kaynaklar\u0131 Platformu i\u015fbirli\u011finde Cumhurba\u015fkanl\u0131\u011f\u0131 \u0130nsan Kaynaklar\u0131 Ofisi taraf\u0131ndan d\u00fczenlenen Staj Seferberli\u011fi Program\u0131 kapsam\u0131nda kamuda staj g\u00f6ren \u00fcniversite \u00f6\u011frencilerine y\u00f6nelik olarak verdi\u011fi i\u015fg\u00fcc\u00fc piyasas\u0131na haz\u0131rl\u0131k e\u011fitimleriyle devam ediyor. Bu kapsamda, Mersin Defterdarl\u0131\u011f\u0131nda staj g\u00f6ren \u00fcniversite \u00f6\u011frencilerine i\u015fg\u00fcc\u00fc piyasas\u0131na haz\u0131rl\u0131k e\u011fitimi verildi. \u00d6\u011frencilere, e\u011fitim sonunda kat\u0131l\u0131m sertifikas\u0131 verildi.\u00a0<\/p>\n<p>E\u011fitimlerinde \u00f6\u011frencilere \u00f6zge\u00e7mi\u015f haz\u0131rlama beden dili, imaj y\u00f6netimi, m\u00fclakat teknikleri konular\u0131nda \u0130\u015f Kul\u00fcb\u00fc liderleri taraf\u0131ndan \u00fccretsiz uygulamal\u0131 e\u011fitimler verilmesinin yan\u0131 s\u0131ra Profesyonel \u0130nsan Kaynaklar\u0131 Platformu \u00fcyesi bir otelin insan kaynaklar\u0131 yetkilisi Didem Zeten Avc\u0131 taraf\u0131ndan i\u015f yerinde m\u00fclakat yapma teknikleri anlat\u0131ld\u0131.\u00a0<br \/>\n\u0130\u015f Kul\u00fcb\u00fc e\u011fitimi s\u0131ras\u0131nda \u00f6\u011frencilere i\u015f hayat\u0131na y\u00f6nelik bilgiler veren Mersin \u0130\u015eKUR \u0130l M\u00fcd\u00fcr\u00fc Halil Bozkurt, i\u015fsizlikle m\u00fccadele \u00e7er\u00e7evesinde dezavantajl\u0131 gruplar\u0131n istihdama kat\u0131lmas\u0131 amac\u0131yla \u0130\u015f Kul\u00fcb\u00fcn\u00fcn \u00e7al\u0131\u015fmalar\u0131yla i\u015f arayanlara yol g\u00f6sterdi\u011fini, kad\u0131nlar\u0131n, engellilerin, i\u015f g\u00fcc\u00fc piyasas\u0131ndan uzak kalm\u0131\u015f vatanda\u015flar\u0131n, gen\u00e7lerin, \u00f6\u011frencilerin, ge\u00e7ici koruma alt\u0131ndakilerin i\u015fe giri\u015flerinin \u00f6n\u00fcndeki engelleri kald\u0131rmak \u00fczere ki\u015fiye \u00f6zg\u00fc \u00e7\u00f6z\u00fcmler sundu\u011funu ve kat\u0131l\u0131mc\u0131lar\u0131n i\u015f hayat\u0131na bir ad\u0131m \u00f6nde haz\u0131rland\u0131\u011f\u0131 ifade etti. \u00a0<\/p>\n","protected":false},"excerpt":{"rendered":"<p>Mersin \u00c7al\u0131\u015fma ve \u0130\u015f Kurumu (\u0130\u015eKUR) \u0130\u015f Kul\u00fcb\u00fc, Cumhurba\u015fkanl\u0131\u011f\u0131 \u0130nsan Kaynaklar\u0131 Ofisi taraf\u0131ndan d\u00fczenlenen Staj Seferberli\u011fi Program\u0131 kapsam\u0131nda kamuda staj g\u00f6ren \u00fcniversite \u00f6\u011frencilerine i\u015fg\u00fcc\u00fc piyasas\u0131na haz\u0131rl\u0131k e\u011fitimi verdi.\u00a0 Mirsin \u0130\u015eKUR\u2019dan &hellip; <a href=\"https:\/\/akdenizolaygazetesi.com\/?p=8500\" class=\"more-link\">Devam\u0131n\u0131 Oku&#8230;<\/a><\/p>\n","protected":false},"author":1,"featured_media":0,"comment_status":"open","ping_status":"open","sticky":false,"template":"","format":"standard","meta":[],"categories":[],"tags":[],"_links":{"self":[{"href":"https:\/\/akdenizolaygazetesi.com\/index.php?rest_route=\/wp\/v2\/posts\/8500"}],"collection":[{"href":"https:\/\/akdenizolaygazetesi.com\/index.php?rest_route=\/wp\/v2\/posts"}],"about":[{"href":"https:\/\/akdenizolaygazetesi.com\/index.php?rest_route=\/wp\/v2\/types\/post"}],"author":[{"embeddable":true,"href":"https:\/\/akdenizolaygazetesi.com\/index.php?rest_route=\/wp\/v2\/users\/1"}],"replies":[{"embeddable":true,"href":"https:\/\/akdenizolaygazetesi.com\/index.php?rest_route=%2Fwp%2Fv2%2Fcomments&post=8500"}],"version-history":[{"count":0,"href":"https:\/\/akdenizolaygazetesi.com\/index.php?rest_route=\/wp\/v2\/posts\/8500\/revisions"}],"wp:attachment":[{"href":"https:\/\/akdenizolaygazetesi.com\/index.php?rest_route=%2Fwp%2Fv2%2Fmedia&parent=8500"}],"wp:term":[{"taxonomy":"category","embeddable":true,"href":"https:\/\/akdenizolaygazetesi.com\/index.php?rest_route=%2Fwp%2Fv2%2Fcategories&post=8500"},{"taxonomy":"post_tag","embeddable":true,"href":"https:\/\/akdenizolaygazetesi.com\/index.php?rest_route=%2Fwp%2Fv2%2Ftags&post=8500"}],"curies":[{"name":"wp","href":"https:\/\/api.w.org\/{rel}","templated":true}]}}