{"id":8503,"date":"2020-11-04T18:28:58","date_gmt":"2020-11-04T15:28:58","guid":{"rendered":"http:\/\/mersinekonomipolitikagazetesi.com\/?p=8503"},"modified":"2020-11-04T18:28:58","modified_gmt":"2020-11-04T15:28:58","slug":"tum-etkinlikler-ertelendi","status":"publish","type":"post","link":"https:\/\/akdenizolaygazetesi.com\/?p=8503","title":{"rendered":"T\u00fcm etkinlikler ertelendi"},"content":{"rendered":"<p>\u0130\u00e7i\u015fleri Bakanl\u0131\u011f\u0131 81 il valili\u011fine &#8216;Koronavir\u00fcs Tedbirleri&#8217; konulu ek genelge g\u00f6nderdi. Genelgede, korana vir\u00fcs salg\u0131n\u0131n\u0131n toplum sa\u011fl\u0131\u011f\u0131 ve kamu d\u00fczeni a\u00e7\u0131s\u0131ndan olu\u015fturdu\u011fu riski y\u00f6netme, sosyal izolasyonu temin, fiziki mesafeyi koruma ve hastal\u0131\u011f\u0131n yay\u0131l\u0131m h\u0131z\u0131n\u0131 kontrol alt\u0131nda tutma amac\u0131yla Sa\u011fl\u0131k Bakanl\u0131\u011f\u0131 ve Koronavir\u00fcs Bilim Kurulunun \u00f6nerileri, Cumhurba\u015fkan\u0131 Recep Tayyip Erdo\u011fan\u2019\u0131n talimatlar\u0131 do\u011frultusunda bir\u00e7ok tedbir karar\u0131 al\u0131narak uygulamaya ge\u00e7irildi\u011fi hat\u0131rlat\u0131ld\u0131.<br \/>\n\u00a0<br \/>\nD\u00fcnyada halen Covid-19 salg\u0131n\u0131 ve vaka art\u0131\u015flar\u0131n\u0131n devam etti\u011fi, \u00f6zellikle Avrupa k\u0131tas\u0131nda salg\u0131n\u0131n seyrinde bir y\u00fckselme ya\u015fand\u0131\u011f\u0131 ifade edilen genelgede, bir\u00e7ok Avrupa \u00fclkesinde, ki\u015filerin toplu olarak bir araya gelmelerine y\u00f6nelik yeni k\u0131s\u0131tlamalara gidildi\u011fi belirtildi.\u00a0<br \/>\nGenelgede, i\u00e7erisinde bulunulan kontroll\u00fc sosyal hayat d\u00f6neminin temel prensipleri olan temizlik, maske ve mesafe kurallar\u0131n\u0131n yan\u0131 s\u0131ra salg\u0131n\u0131n seyri ve olas\u0131 riskler g\u00f6z \u00f6n\u00fcnde bulundurularak hayat\u0131n her alan\u0131na y\u00f6nelik uyulmas\u0131 gereken kurallar ve \u00f6nlemler belirlendi\u011fine vurgu yap\u0131ld\u0131.\u00a0<br \/>\nGenelgede, Sa\u011fl\u0131k Bakanl\u0131\u011f\u0131 taraf\u0131ndan \u0130\u00e7i\u015fleri Bakanl\u0131\u011f\u0131na hitaben g\u00f6nderilen yaz\u0131ya da yer verildi. Yaz\u0131da, \u201cD\u00fcnyay\u0131 tehdit etmeye devam eden Covid-19 pandemisine y\u00f6nelik olarak; Covid-19 Bilimsel Dan\u0131\u015fma Kurulu ve Sa\u011fl\u0131k Bakanl\u0131\u011f\u0131nca \u00fclkemizdeki ve D\u00fcnya\u2019daki en g\u00fcncel bilimsel geli\u015fmeler ve deneyimler takip edilmekte, bu kapsamda pandeminin \u00fclkemizdeki kontrol\u00fcne y\u00f6nelik \u00e7al\u0131\u015fmalar y\u00fcr\u00fct\u00fclmekte teknik rehberler ve protokoller yay\u0131nlamakta ve g\u00fcncellenmektedir. D\u00fcnyada halen Covid-19 vaka art\u0131\u015flar\u0131 devam etmektedir. \u00dclkemizde de Covid-19 vakalar\u0131n\u0131n devam etmekte olmas\u0131, her ne kadar vaka say\u0131lar\u0131 belirli bir d\u00fczeyde kontrol alt\u0131na al\u0131nm\u0131\u015f olsa da \u00f6n\u00fcm\u00fczdeki sonbahar ve k\u0131\u015f aylar\u0131nda t\u00fcm d\u00fcnyada oldu\u011fu gibi \u00fclkemizde de \u00f6zellikle damlac\u0131k yolu ile bula\u015fan solunum yolu hastal\u0131klar\u0131n\u0131n g\u00f6r\u00fclme s\u0131kl\u0131\u011f\u0131n\u0131n art\u0131\u015f g\u00f6sterebilmesi beklenmektedir. Bu kapsamda Bakanl\u0131\u011f\u0131m\u0131z b\u00fcnyesinde olu\u015fturulan Covid-19 Bilimsel Dan\u0131\u015fma Kurulu, fiziksel mesafenin korunmas\u0131n\u0131n zor olaca\u011f\u0131 sivil toplum kurulu\u015flar\u0131, kamu kurumu niteli\u011findeki meslek kurulu\u015flar\u0131, birlikler veya kooperatiflerin geni\u015f kat\u0131l\u0131ml\u0131 toplant\u0131lar\u0131n\u0131n yap\u0131lmamas\u0131n\u0131 ve ileri tarihe ertelenmesini \u00f6nermi\u015ftir\u201d denildi.\u00a0<br \/>\nBu \u00e7er\u00e7evede, Sa\u011fl\u0131k Bakanl\u0131\u011f\u0131n\u0131n ilgili yaz\u0131s\u0131 ve Koronavir\u00fcs Bilim Kurulunun tavsiye karar\u0131 do\u011frultusunda, mevsimsel etkiler de g\u00f6z \u00f6n\u00fcnde bulundurularak, 02.10.2020 tarihinden 01.12.2020 tarihine kadar sivil toplum kurulu\u015flar\u0131, kamu kurumu niteli\u011findeki meslek kurulu\u015flar\u0131 ve \u00fcst kurulu\u015flar\u0131, birlikler ve kooperatifler taraf\u0131ndan d\u00fczenlenecek olan etkinlikler ertelenecek.\u00a0<br \/>\nVali ve Kaymakamlarca yukar\u0131da belirtilen esaslar do\u011frultusunda Umumi H\u0131fz\u0131ss\u0131hha Kanununun 27\u2019nci ve 72\u2019nci maddeleri uyar\u0131nca \u0130l\/\u0130l\u00e7e Umumi H\u0131fz\u0131ss\u0131hha Kurullar\u0131 kararlar\u0131 ivedilikle al\u0131nacak.\u00a0<br \/>\nUygulamada herhangi bir aksakl\u0131\u011fa meydan verilmeyecek ve ma\u011fduriyete neden olunmayacak.<br \/>\n\u00a0<br \/>\nAl\u0131nan kararlara uymayanlara Umumi H\u0131fz\u0131ss\u0131hha Kanununun ilgili maddeleri gere\u011fince idari i\u015flem tesis edilmesi ve konusu su\u00e7 te\u015fkil eden davran\u0131\u015flara ili\u015fkin T\u00fcrk Ceza Kanununun 195\u2019inci maddesi kapsam\u0131nda gerekli adli i\u015flemlerin ba\u015flat\u0131lacak.\u00a0<\/p>\n","protected":false},"excerpt":{"rendered":"<p>\u0130\u00e7i\u015fleri Bakanl\u0131\u011f\u0131 81 il valili\u011fine &#8216;Koronavir\u00fcs Tedbirleri&#8217; konulu ek genelge g\u00f6nderdi. Genelgede, korana vir\u00fcs salg\u0131n\u0131n\u0131n toplum sa\u011fl\u0131\u011f\u0131 ve kamu d\u00fczeni a\u00e7\u0131s\u0131ndan olu\u015fturdu\u011fu riski y\u00f6netme, sosyal izolasyonu temin, fiziki mesafeyi koruma &hellip; <a href=\"https:\/\/akdenizolaygazetesi.com\/?p=8503\" class=\"more-link\">Devam\u0131n\u0131 Oku&#8230;<\/a><\/p>\n","protected":false},"author":1,"featured_media":0,"comment_status":"open","ping_status":"open","sticky":false,"template":"","format":"standard","meta":[],"categories":[],"tags":[],"_links":{"self":[{"href":"https:\/\/akdenizolaygazetesi.com\/index.php?rest_route=\/wp\/v2\/posts\/8503"}],"collection":[{"href":"https:\/\/akdenizolaygazetesi.com\/index.php?rest_route=\/wp\/v2\/posts"}],"about":[{"href":"https:\/\/akdenizolaygazetesi.com\/index.php?rest_route=\/wp\/v2\/types\/post"}],"author":[{"embeddable":true,"href":"https:\/\/akdenizolaygazetesi.com\/index.php?rest_route=\/wp\/v2\/users\/1"}],"replies":[{"embeddable":true,"href":"https:\/\/akdenizolaygazetesi.com\/index.php?rest_route=%2Fwp%2Fv2%2Fcomments&post=8503"}],"version-history":[{"count":0,"href":"https:\/\/akdenizolaygazetesi.com\/index.php?rest_route=\/wp\/v2\/posts\/8503\/revisions"}],"wp:attachment":[{"href":"https:\/\/akdenizolaygazetesi.com\/index.php?rest_route=%2Fwp%2Fv2%2Fmedia&parent=8503"}],"wp:term":[{"taxonomy":"category","embeddable":true,"href":"https:\/\/akdenizolaygazetesi.com\/index.php?rest_route=%2Fwp%2Fv2%2Fcategories&post=8503"},{"taxonomy":"post_tag","embeddable":true,"href":"https:\/\/akdenizolaygazetesi.com\/index.php?rest_route=%2Fwp%2Fv2%2Ftags&post=8503"}],"curies":[{"name":"wp","href":"https:\/\/api.w.org\/{rel}","templated":true}]}}