{"id":8505,"date":"2020-11-04T18:28:59","date_gmt":"2020-11-04T15:28:59","guid":{"rendered":"http:\/\/mersinekonomipolitikagazetesi.com\/?p=8505"},"modified":"2020-11-04T18:28:59","modified_gmt":"2020-11-04T15:28:59","slug":"evi-basip-kadini-kursun-yagmuruna-tuttular","status":"publish","type":"post","link":"https:\/\/akdenizolaygazetesi.com\/?p=8505","title":{"rendered":"Evi bas\u0131p kad\u0131n\u0131 kur\u015fun ya\u011fmuruna tuttular"},"content":{"rendered":"<p>Mersin&#8217;de bir sitenin 9. kat\u0131na gelen silahl\u0131 ki\u015filer, ka\u00e7maya \u00e7al\u0131\u015fan kad\u0131n\u0131 yang\u0131n merdiveninde kur\u015fun ya\u011fmuruna tutarak \u00f6ld\u00fcrd\u00fc.<br \/>\n\u00a0<br \/>\nEdinilen bilgiye g\u00f6re, sabah saatlerinde merkez Yeni\u015fehir il\u00e7esi Bat\u0131kent Mahallesi Soyda\u015f Sitesi&#8217;ne bir ara\u00e7la gelen 4 ki\u015fiden silahl\u0131 olan biri ki\u015fi, Seher \u00d6kurt&#8217;un oturdu\u011fu sitenin 9. kat\u0131na \u00e7\u0131kt\u0131. Silahl\u0131 \u015fahs\u0131 kar\u015f\u0131s\u0131nda g\u00f6ren \u00d6zkurt, ka\u00e7mak i\u00e7in apartman\u0131n yang\u0131n merdivenine y\u00f6neldi. Ka\u00e7an kad\u0131n\u0131n pe\u015finden giden sald\u0131rgan, silah\u0131n\u0131 art arda 5 el ate\u015fleyerek Seher \u00d6zkurt&#8217;u \u00f6ld\u00fcrd\u00fc. \u015e\u00fcpheli, daha sonra sitenin \u00f6n\u00fcnde bekleyen ve i\u00e7inde en az 3 ki\u015finin oldu\u011fu \u00f6\u011frenilen otomobile binerek ka\u00e7t\u0131.<br \/>\n\u00a0<br \/>\nOlay\u0131n ard\u0131ndan b\u00f6lgeye \u00e7ok say\u0131da polis ekibi ve \u00f6zel harekat polisi sevk edildi. G\u00f6rg\u00fc tan\u0131klar\u0131n\u0131n verdi\u011fi bilgiler ve \u00e7evredeki g\u00fcvenlik kameras\u0131 g\u00f6r\u00fcnt\u00fclerinden arac\u0131n plakas\u0131n\u0131 belirleyen polis, \u015f\u00fcphelilerin yakalanmas\u0131 i\u00e7in \u00e7al\u0131\u015fma ba\u015flatt\u0131. Olaya kar\u0131\u015ft\u0131\u011f\u0131 belirlenen otomobil bir s\u00fcre sonra i\u00e7indeki baz\u0131 \u015fah\u0131slarla birlikte Adana&#8217;da yakalan\u0131rken, Seher \u00d6zkurt&#8217;un cenazesi, cumhuriyet savc\u0131s\u0131n\u0131n incelemesinin ard\u0131ndan otopsi i\u00e7in Mersin \u00dcniversitesi T\u0131p Fak\u00fcltesi Hastanesi morguna kald\u0131r\u0131ld\u0131.\u00a0<br \/>\nOlayla ilgili soru\u015fturman\u0131n s\u00fcrd\u00fc\u011f\u00fc bildirildi. \u00a0<\/p>\n","protected":false},"excerpt":{"rendered":"<p>Mersin&#8217;de bir sitenin 9. kat\u0131na gelen silahl\u0131 ki\u015filer, ka\u00e7maya \u00e7al\u0131\u015fan kad\u0131n\u0131 yang\u0131n merdiveninde kur\u015fun ya\u011fmuruna tutarak \u00f6ld\u00fcrd\u00fc. \u00a0 Edinilen bilgiye g\u00f6re, sabah saatlerinde merkez Yeni\u015fehir il\u00e7esi Bat\u0131kent Mahallesi Soyda\u015f Sitesi&#8217;ne &hellip; <a href=\"https:\/\/akdenizolaygazetesi.com\/?p=8505\" class=\"more-link\">Devam\u0131n\u0131 Oku&#8230;<\/a><\/p>\n","protected":false},"author":1,"featured_media":0,"comment_status":"open","ping_status":"open","sticky":false,"template":"","format":"standard","meta":[],"categories":[],"tags":[],"_links":{"self":[{"href":"https:\/\/akdenizolaygazetesi.com\/index.php?rest_route=\/wp\/v2\/posts\/8505"}],"collection":[{"href":"https:\/\/akdenizolaygazetesi.com\/index.php?rest_route=\/wp\/v2\/posts"}],"about":[{"href":"https:\/\/akdenizolaygazetesi.com\/index.php?rest_route=\/wp\/v2\/types\/post"}],"author":[{"embeddable":true,"href":"https:\/\/akdenizolaygazetesi.com\/index.php?rest_route=\/wp\/v2\/users\/1"}],"replies":[{"embeddable":true,"href":"https:\/\/akdenizolaygazetesi.com\/index.php?rest_route=%2Fwp%2Fv2%2Fcomments&post=8505"}],"version-history":[{"count":0,"href":"https:\/\/akdenizolaygazetesi.com\/index.php?rest_route=\/wp\/v2\/posts\/8505\/revisions"}],"wp:attachment":[{"href":"https:\/\/akdenizolaygazetesi.com\/index.php?rest_route=%2Fwp%2Fv2%2Fmedia&parent=8505"}],"wp:term":[{"taxonomy":"category","embeddable":true,"href":"https:\/\/akdenizolaygazetesi.com\/index.php?rest_route=%2Fwp%2Fv2%2Fcategories&post=8505"},{"taxonomy":"post_tag","embeddable":true,"href":"https:\/\/akdenizolaygazetesi.com\/index.php?rest_route=%2Fwp%2Fv2%2Ftags&post=8505"}],"curies":[{"name":"wp","href":"https:\/\/api.w.org\/{rel}","templated":true}]}}